{"id":171664,"date":"2017-12-16T22:53:25","date_gmt":"2017-12-16T22:53:25","guid":{"rendered":"http:\/\/diariodominicano.ddns.net\/?p=171664"},"modified":"2017-12-16T22:53:25","modified_gmt":"2017-12-16T22:53:25","slug":"con-voto-en-el-exterior-y-pronostico-incierto-comienza-balotaje-en-chile","status":"publish","type":"post","link":"https:\/\/diariodominicano.com\/?p=171664","title":{"rendered":"Con voto en el exterior y pron\u00f3stico incierto comienza balotaje en Chile"},"content":{"rendered":"<p><body><\/p>\n<p><img decoding=\"async\" src=\"img3\/da6d1a77d3a54a1a7268886495e993106bc0ff9f.jpg\" \/><br \/><img decoding=\"async\" src=\"img3\/bd57a3cfaf45d8115fa31fac54f0bba3f6abda32.jpg\" \/><br \/><img decoding=\"async\" src=\"img3\/43a297723b5ca0e903f8e242d903dc6b7eefb3e9.jpg\" \/>  <\/p>\n<\/p>\n<p>AFP \/ CLAUDIO REYES<\/p>\n<p>El candidato oficialista de izquierda Alejandro Guillier en el acto de cierre de campa\u00f1a, el 14 de diciembre de 2017 en Santiago<\/p>\n<p>Cerca de 40.000 chilenos que viven en el exterior comenzaron este s\u00e1bado a votar en el balotaje de pron\u00f3stico incierto en el que Chile decidir\u00e1 qui\u00e9n ser\u00e1 su pr\u00f3ximo presidente: el exmandatario derechista Sebasti\u00e1n Pi\u00f1era o el oficialista Alejandro Guillier.<\/p>\n<p>La ciudad de Wellington, en Nueva Zelanda ?a m\u00e1s de 9.000 km de Chile- fue la primera en recibir a votantes en el extranjero. En total, 39.137 chilenos est\u00e1n inscritos para sufragar en 110 circunscripciones de 62 pa\u00edses, seg\u00fan la Canciller\u00eda, que tiene a su cargo la elecci\u00f3n en el exterior.<\/p>\n<p>Los chilenos en el exterior participaron por primera vez en unas elecciones el pasado 19 de noviembre, en la primera vuelta de las presidenciales.<\/p>\n<p>\u00abEste es un enorme logro para nuestra democracia. Estamos dejando un legado a las futuras generaciones\u00bb, dijo en Santiago el canciller Heraldo Mu\u00f1oz, tras anunciar el inicio de la votaci\u00f3n en la capital de Nueva Zelanda, donde estaban inscritos 522 chilenos.<\/p>\n<\/p>\n<p>AFP \/ Anella RETA<\/p>\n<p>Chile va a balotaje<\/p>\n<p>La elecci\u00f3n fuera de Chile se extender\u00e1 hasta el domingo y concluir\u00e1 tras el cierre de las mesas de Seattle, San Francisco y Los \u00c1ngeles, en Estados Unidos.<\/p>\n<p>Un primer ensayo del voto en el exterior tuvo lugar en julio, durante las primarias en las que Sebasti\u00e1n Pi\u00f1era se convirti\u00f3 en candidato del derechista Chile Vamos y la periodista Beatriz S\u00e1nchez en postulante por el Frente Amplio, una coalici\u00f3n de izquierda radical. En esa oportunidad, votaron 6.593 personas.<\/p>\n<p>La Canciller\u00eda estima que fuera del pa\u00eds viven unos 857.000 chilenos, de los que 360.000 est\u00e1n en edad de votar, aunque solo poco m\u00e1s del 10% se registr\u00f3 para hacerlo.<\/p>\n<p>&#8211; Resultado incierto &#8211;<\/p>\n<p>El balotaje, que en Chile se inicia el domingo con m\u00e1s de 14 millones de habilitados para votar, est\u00e1 rodeado por una total incertidumbre sobre cu\u00e1l ser\u00e1 su resultado.<\/p>\n<\/p>\n<p>AFP \/ Pablo VERA<\/p>\n<p>El exmandatario y candidato a la presidencia de Chile Sebasti\u00e1n Pi\u00f1era, en su cierre de campa\u00f1a en Santiago, el 14 de diciembre de 2017<\/p>\n<p>Ante una veda de publicaci\u00f3n de encuestas desde hace dos semanas, es imposible vaticinar un favorito entre Pi\u00f1era ?un exitoso empresario de 67 a\u00f1os- y Guillier, un veterano periodista de 64 a\u00f1os.<\/p>\n<p>\u00abLos chilenos se enfrentan a una compleja decisi\u00f3n, no tienen encuestas o datos duros que les digan qui\u00e9n va a ganar\u00bb, dijo a la AFP Bernardo Navarrete, analista pol\u00edtico de la Universidad de Santiago.<\/p>\n<p>Ambos llegaron a esta definici\u00f3n luego de que Pi\u00f1era ganara la primera vuelta con 36% de la votaci\u00f3n, y Guillier obtuviera el segundo lugar (22%).<\/p>\n<p>Sondeos conocidos tras la primera vuelta marcaban un \u00abempate t\u00e9cnico\u00bb entre ambos candidatos y cerca de 20% de indecisos.<\/p>\n<p>Ante esta situaci\u00f3n, ambos candidatos intensificaron sus campa\u00f1as para el balotaje sumando nuevos apoyos, pero tambi\u00e9n subieron el tono de las acusaciones y las cr\u00edticas cruzadas.<\/p>\n<p>Guillier, que llega con 890.000 votos menos que Pi\u00f1era, espera reunir el voto de todas las fuerzas de centro izquierda para poder superar la diferencia. En primera vuelta, la izquierda se present\u00f3 fragmentada en seis candidaturas.<\/p>\n<p>El oficialista sum\u00f3 el voto de la excandidata Beatriz S\u00e1nchez del Frente Amplio -conglomerado de 14 partidos y organizaciones de la izquierda radical-, aunque ella opt\u00f3 por dejar en libertad de acci\u00f3n a sus votantes, que en primera vuelta alcanzaron un 20%.<\/p>\n<p>Los votos de la izquierda radical son claves para las aspiraciones de Guillier, que tambi\u00e9n sum\u00f3 el apoyo del expresidente uruguayo Jos\u00e9 Mujica durante su cierre de campa\u00f1a, el jueves.<\/p>\n<p>Por su parte, Pi\u00f1era apel\u00f3 al apoyo del excandidato pinochetista Jos\u00e9 Antonio Kast (que obtuvo 7% de votos en primera vuelta) y del senador Manuel Jos\u00e9 Ossand\u00f3n ?reconocido opositor a Pi\u00f1era que tiene un gran respaldo popular en comunas claves-, con el fin de captar nuevos votos en bastiones desconocidos.<\/p>\n<p>Reafirm\u00f3 tambi\u00e9n su imagen de exitoso hombre de negocios, capaz de reactivar el crecimiento del pa\u00eds, pero tambi\u00e9n se comprometi\u00f3 a mantener la gratuidad en la educaci\u00f3n universitaria que impuls\u00f3 la presidenta Michelle Bachelet y ampliarla a la formaci\u00f3n t\u00e9cnica superior.<\/p>\n<p>En Chile, 43.000 mesas de votaci\u00f3n abrir\u00e1n el domingo a partir de las 08H00 locales (11H00 GMT). Se espera un conteo r\u00e1pido de votos y resultados oficiales definitivos unas dos horas despu\u00e9s del cierre de las mesas (21H00 GMT).<\/p>\n<h6> 2017-12-16 22:53:25 <\/h6>\n<p><!--\n<link rel=\"stylesheet\" href=\"css\/bootstrap.min.css\">\n\n\n<ul class=\"pagination\">\n\t    \n\t\n\n<li >\n\t<a href='?page_no=6947'>Previous<\/a>\n\t<\/li>\n\n\n       \n    \n\n<li><a href='?page_no=1'>1<\/a><\/li>\n\n\n\n<li><a href='?page_no=2'>2<\/a><\/li>\n\n\n\n<li><a>...<\/a><\/li>\n\n\n\n<li><a href='?page_no=6946'>6946<\/a><\/li>\n\n\n\n<li><a href='?page_no=6947'>6947<\/a><\/li>\n\n\n\n<li class='active'><a>6948<\/a><\/li>\n\n\n\n<li><a href='?page_no=6949'>6949<\/a><\/li>\n\n\n\n<li><a href='?page_no=6950'>6950<\/a><\/li>\n\n\n\n<li><a>...<\/a><\/li>\n\n\n\n<li><a href='?page_no=36999'>36999<\/a><\/li>\n\n\n\n<li><a href='?page_no=37000'>37000<\/a><\/li>\n\n    \n\t\n\n<li >\n\t<a href='?page_no=6949'>Next<\/a>\n\t<\/li>\n\n\n    \n\n<li><a href='?page_no=37000'>Last &rsaquo;&rsaquo;<\/a><\/li>\n\n<\/ul>\n\n\n--><br \/>\n<\/body><\/p>\n","protected":false},"excerpt":{"rendered":"<p>AFP \/ CLAUDIO REYES El candidato oficialista de izquierda Alejandro Guillier en el acto de cierre de campa\u00f1a, el 14 de diciembre de 2017 en Santiago Cerca de 40.000 chilenos que viven en el exterior comenzaron este s\u00e1bado a votar en el balotaje de pron\u00f3stico incierto en el que Chile decidir\u00e1 qui\u00e9n ser\u00e1 su pr\u00f3ximo [&hellip;]<\/p>\n","protected":false},"author":3,"featured_media":0,"comment_status":"open","ping_status":"open","sticky":false,"template":"","format":"standard","meta":{"footnotes":""},"categories":[22],"tags":[],"class_list":["post-171664","post","type-post","status-publish","format-standard","hentry","category-politica"],"_links":{"self":[{"href":"https:\/\/diariodominicano.com\/index.php?rest_route=\/wp\/v2\/posts\/171664","targetHints":{"allow":["GET"]}}],"collection":[{"href":"https:\/\/diariodominicano.com\/index.php?rest_route=\/wp\/v2\/posts"}],"about":[{"href":"https:\/\/diariodominicano.com\/index.php?rest_route=\/wp\/v2\/types\/post"}],"author":[{"embeddable":true,"href":"https:\/\/diariodominicano.com\/index.php?rest_route=\/wp\/v2\/users\/3"}],"replies":[{"embeddable":true,"href":"https:\/\/diariodominicano.com\/index.php?rest_route=%2Fwp%2Fv2%2Fcomments&post=171664"}],"version-history":[{"count":0,"href":"https:\/\/diariodominicano.com\/index.php?rest_route=\/wp\/v2\/posts\/171664\/revisions"}],"wp:attachment":[{"href":"https:\/\/diariodominicano.com\/index.php?rest_route=%2Fwp%2Fv2%2Fmedia&parent=171664"}],"wp:term":[{"taxonomy":"category","embeddable":true,"href":"https:\/\/diariodominicano.com\/index.php?rest_route=%2Fwp%2Fv2%2Fcategories&post=171664"},{"taxonomy":"post_tag","embeddable":true,"href":"https:\/\/diariodominicano.com\/index.php?rest_route=%2Fwp%2Fv2%2Ftags&post=171664"}],"curies":[{"name":"wp","href":"https:\/\/api.w.org\/{rel}","templated":true}]}}