{"id":171663,"date":"2017-12-16T23:04:48","date_gmt":"2017-12-16T23:04:48","guid":{"rendered":"http:\/\/diariodominicano.ddns.net\/?p=171663"},"modified":"2017-12-16T23:04:48","modified_gmt":"2017-12-16T23:04:48","slug":"lideres-ultraderechistas-celebran-el-triunfo-de-uno-de-los-suyos-en-austria","status":"publish","type":"post","link":"https:\/\/diariodominicano.com\/?p=171663","title":{"rendered":"L\u00edderes ultraderechistas celebran el triunfo de uno de los suyos en Austria"},"content":{"rendered":"<p><body><\/p>\n<p><img decoding=\"async\" src=\"img3\/65415b553ffce1cd5b0938317185b1bf6ae54747.jpg\" \/>  <\/p>\n<\/p>\n<p>AFP\/Archivos \/ Bertrand Guay<\/p>\n<p>La presidenta del partido de ultraderecha franc\u00e9s Frente Nacional, Marine Le Pen, habla con la prensa tras reunirse con el primer ministro de su pa\u00eds, Edouard Philippe, el 29 de noviembre de 2017 en Par\u00eds<\/p>\n<p>Dirigentes de partidos de ultraderecha, entre ellos la francesa Marine Le Pen y el holand\u00e9s Geert Wilders, reunidos este s\u00e1bado en Praga, celebraron \u00abel acontecimiento hist\u00f3rico\u00bb en Austria donde el partido ultraderechista FPO alcanz\u00f3 un acuerdo para entrar en el gobierno.<\/p>\n<p>Aliados en la Europa de las Naciones y de las Libertades, un grupo pol\u00edtico del Parlamento Europeo fundado hace dos a\u00f1os, esos l\u00edderes participaban a una conferencia llamada \u00abPor una Europa de naciones soberanas\u00bb.<\/p>\n<p>\u00abS\u00f3lo me queda aplaudir una vez m\u00e1s el hecho de que en Austria un partido miembro de nuestro grupo en el Parlamento Europeo sea tomado en serio hasta el punto de entrar en el gobierno\u00bb, declar\u00f3 ante la prensa Geert Wilders, el l\u00edder del Partido por la Libertad holand\u00e9s.<\/p>\n<p>La presidenta del Frente Nacional franc\u00e9s, Marine Le Pen, celebr\u00f3 por su parte un \u00abacontecimiento verdaderamente hist\u00f3rico\u00bb.<\/p>\n<p>Seg\u00fan ella, \u00abotros seguir\u00e1n porque la resistencia de la Uni\u00f3n Europea se organiza en cierto n\u00famero de pa\u00edses\u00bb.<\/p>\n<p>\u00abCreo que las elecciones europeas pueden provocar un verdadero cambio de la situaci\u00f3n pol\u00edtica en Europa y permitir incluso a quienes se oponen a la Uni\u00f3n Europea y defienden la Europa de las naciones y de las libertades ser mayoritarios en el marco de la futura asamblea\u00bb, dijo.<\/p>\n<p>Con tres ministerios claves -Defensa, Interior y Relaciones Exteriores- y la llegada al poder de sus principales dirigentes, el partido austriaco FPO desempe\u00f1ar\u00e1 un papel importante en el gobierno del conservador Sebastian Kurz.<\/p>\n<p>&#8211; Apoyo a Putin &#8211;<\/p>\n<p>Le Pen, que perdi\u00f3 este a\u00f1o la elecci\u00f3n presidencial francesa ante Emmanuel Macron, aprovech\u00f3 la ocasi\u00f3n para brindarle su apoyo al presidente ruso Vladimir Putin, candidato a un nuevo mandato en marzo.<\/p>\n<p>\u00abRusia es un gran pa\u00eds y no hay ninguna raz\u00f3n para aislarla de la vida internacional\u00bb, asegur\u00f3 Le Pen. \u00abNo hay ning\u00fan motivo para tratar a Rusia con hostilidad como lo hace la Uni\u00f3n Europea desde hace a\u00f1os\u00bb, insisti\u00f3.<\/p>\n<p>Los medios de comunicaci\u00f3n s\u00f3lo tuvieron acceso a la rueda de prensa. Seg\u00fan los organizadores, adem\u00e1s de Le Pen y Geert Wilders, participaron representantes de la Liga Norte italiana, del FPO austriaco y de Alternativa para Alemania.<\/p>\n<p>La polic\u00eda checa reforz\u00f3 las medidas de seguridad tras los anuncios de manifestaciones de grupos de izquierdas, y bloque\u00f3 la zona de Praga donde se celebra la conferencia.<\/p>\n<p>La polic\u00eda vela especialmente por la seguridad personal de Geert Wilders, que ha recibido amenazas de muerte debido a sus declaraciones hostiles al islam.<\/p>\n<p>&#8211; \u00abInvasi\u00f3n organizada\u00bb &#8211;<\/p>\n<p>La conferencia se celebra dos meses despu\u00e9s de que el partido de extrema derecha checo SPD (Libertad y Democracia Directa), del empresario Tomio Okamura, nacido en Tokio, obtuviera el apoyo del 10% de los electores en los comicios legislativos, gracias a su discurso antiislam y anti-UE, en un contexto de emergencia de movimientos de extrema derecha en Europa.<\/p>\n<p>El SPD, que cuenta con el apoyo de Marine Le Pen, logr\u00f3 22 esca\u00f1os de los 200 diputados del parlamento checo.<\/p>\n<p>Tomio Okamura se ha beneficiado del apoyo del presidente checo, Milos Zeman, un hombre de izquierdas conocido por sus posiciones prorrusas, prochinas y antimusulmanas y que asisti\u00f3 el fin de semana pasado al congreso del SPD.<\/p>\n<p>Milos Zeman, que compar\u00f3 la crisis migratoria con una \u00abinvasi\u00f3n organizada\u00bb y considera a los musulmanes gente \u00abimposible de integrar\u00bb, es el gran favorito para ser reelegido en la presidencial de enero 2018.<\/p>\n<p>Rep\u00fablica Checa, que se opone con vehemencia al sistema europeo de cuotas para relocalizar a los migrantes, ha acogido solamente a 12 migrantes en su territorio en el marco de este programa.<\/p>\n<p>La minor\u00eda musulmana es casi inexistente en este pa\u00eds de la UE de 10,6 millones de habitantes.<\/p>\n<p>Los diferentes partidos checos cuentan capitalizar el temor al terrorismo para endurecer sus campa\u00f1as electorales con acentos antimusulmanes y antiinmigrantes.<\/p>\n<h6> 2017-12-16 23:04:48 <\/h6>\n<p><!--\n<link rel=\"stylesheet\" href=\"css\/bootstrap.min.css\">\n\n\n<ul class=\"pagination\">\n\t    \n\t\n\n<li >\n\t<a href='?page_no=6946'>Previous<\/a>\n\t<\/li>\n\n\n       \n    \n\n<li><a href='?page_no=1'>1<\/a><\/li>\n\n\n\n<li><a href='?page_no=2'>2<\/a><\/li>\n\n\n\n<li><a>...<\/a><\/li>\n\n\n\n<li><a href='?page_no=6945'>6945<\/a><\/li>\n\n\n\n<li><a href='?page_no=6946'>6946<\/a><\/li>\n\n\n\n<li class='active'><a>6947<\/a><\/li>\n\n\n\n<li><a href='?page_no=6948'>6948<\/a><\/li>\n\n\n\n<li><a href='?page_no=6949'>6949<\/a><\/li>\n\n\n\n<li><a>...<\/a><\/li>\n\n\n\n<li><a href='?page_no=36999'>36999<\/a><\/li>\n\n\n\n<li><a href='?page_no=37000'>37000<\/a><\/li>\n\n    \n\t\n\n<li >\n\t<a href='?page_no=6948'>Next<\/a>\n\t<\/li>\n\n\n    \n\n<li><a href='?page_no=37000'>Last &rsaquo;&rsaquo;<\/a><\/li>\n\n<\/ul>\n\n\n--><br \/>\n<\/body><\/p>\n","protected":false},"excerpt":{"rendered":"<p>AFP\/Archivos \/ Bertrand Guay La presidenta del partido de ultraderecha franc\u00e9s Frente Nacional, Marine Le Pen, habla con la prensa tras reunirse con el primer ministro de su pa\u00eds, Edouard Philippe, el 29 de noviembre de 2017 en Par\u00eds Dirigentes de partidos de ultraderecha, entre ellos la francesa Marine Le Pen y el holand\u00e9s Geert [&hellip;]<\/p>\n","protected":false},"author":3,"featured_media":0,"comment_status":"open","ping_status":"open","sticky":false,"template":"","format":"standard","meta":{"footnotes":""},"categories":[22],"tags":[],"class_list":["post-171663","post","type-post","status-publish","format-standard","hentry","category-politica"],"_links":{"self":[{"href":"https:\/\/diariodominicano.com\/index.php?rest_route=\/wp\/v2\/posts\/171663","targetHints":{"allow":["GET"]}}],"collection":[{"href":"https:\/\/diariodominicano.com\/index.php?rest_route=\/wp\/v2\/posts"}],"about":[{"href":"https:\/\/diariodominicano.com\/index.php?rest_route=\/wp\/v2\/types\/post"}],"author":[{"embeddable":true,"href":"https:\/\/diariodominicano.com\/index.php?rest_route=\/wp\/v2\/users\/3"}],"replies":[{"embeddable":true,"href":"https:\/\/diariodominicano.com\/index.php?rest_route=%2Fwp%2Fv2%2Fcomments&post=171663"}],"version-history":[{"count":0,"href":"https:\/\/diariodominicano.com\/index.php?rest_route=\/wp\/v2\/posts\/171663\/revisions"}],"wp:attachment":[{"href":"https:\/\/diariodominicano.com\/index.php?rest_route=%2Fwp%2Fv2%2Fmedia&parent=171663"}],"wp:term":[{"taxonomy":"category","embeddable":true,"href":"https:\/\/diariodominicano.com\/index.php?rest_route=%2Fwp%2Fv2%2Fcategories&post=171663"},{"taxonomy":"post_tag","embeddable":true,"href":"https:\/\/diariodominicano.com\/index.php?rest_route=%2Fwp%2Fv2%2Ftags&post=171663"}],"curies":[{"name":"wp","href":"https:\/\/api.w.org\/{rel}","templated":true}]}}