{"id":171662,"date":"2017-12-16T23:10:14","date_gmt":"2017-12-16T23:10:14","guid":{"rendered":"http:\/\/diariodominicano.ddns.net\/?p=171662"},"modified":"2017-12-16T23:10:14","modified_gmt":"2017-12-16T23:10:14","slug":"la-onu-evalua-resolucion-que-rechaza-decision-de-trump-sobre-jerusalen","status":"publish","type":"post","link":"https:\/\/diariodominicano.com\/?p=171662","title":{"rendered":"La ONU eval\u00faa resoluci\u00f3n que rechaza decisi\u00f3n de Trump sobre Jerusal\u00e9n"},"content":{"rendered":"<p><body><\/p>\n<\/p>\n<p>AFP \/ NICHOLAS KAMM<\/p>\n<p>El presidente de Estados Unidos, Donald Trump, habla con la prensa en la Casa Blanca, el 16 de diciembre de 2017 en Washington<\/p>\n<p>El Consejo de Seguridad de la ONU est\u00e1 evaluando un proyecto de resoluci\u00f3n que busca rechazar la decisi\u00f3n del presidente de Estados Unidos, Donald Trump, de reconocer a Jerusal\u00e9n como la capital de Israel.<\/p>\n<p>El texto, obtenido el s\u00e1bado por la AFP, pide principalmente que cualquier decisi\u00f3n unilateral sobre el estatuto de Jerusal\u00e9n no tenga efecto y sea revocada.<\/p>\n<p>Propuesto por Egipto, el proyecto podr\u00eda ser votado tan pronto como el lunes, seg\u00fan diplom\u00e1ticos.<\/p>\n<p>Rompiendo el consenso internacional, Trump anunci\u00f3 este mes que reconocer\u00e1 a Jerusal\u00e9n como la capital israel\u00ed y mover\u00e1 la embajada de su pa\u00eds de Tel Aviv a esa ciudad, desatando protestas y fuertes condenas.<\/p>\n<p>El proyecto de resoluci\u00f3n asegura que el asunto de Jerusal\u00e9n \u00abdebe ser resuelto a trav\u00e9s de negociaciones\u00bb y expresa \u00abun gran lamento por recientes decisiones concernientes al estatuto\u00bb de la ciudad, sin mencionar espec\u00edficamente lo hecho por Trump.<\/p>\n<p>Afirma tambi\u00e9n que \u00abcualquier decisi\u00f3n y acci\u00f3n que busque alterar el car\u00e1cter, estatuto o composici\u00f3n demogr\u00e1fica\u00bb de Jerusal\u00e9n \u00abno tiene efecto legal, son nulos e inv\u00e1lidos y deben ser revocados\u00bb.<\/p>\n<p>Diplom\u00e1ticos dicen que esperan que Estados Unidos use su poder de veto para bloquear la medida, pero estiman que la mayor\u00eda del resto de los otros 14 miembros del consejo -si no todos- apoyar\u00e1n el proyecto de resoluci\u00f3n.<\/p>\n<p>Israel tom\u00f3 el control de la parte oriental de la ciudad durante la guerra de los Seis D\u00edas en 1967 y ve a toda Jerusal\u00e9n como su capital. Los palestinos quieren el este como la capital de un futuro estado.<\/p>\n<\/p>\n<p>AFP \/ Simon MALFATTO<\/p>\n<p>Trump reconoce a Jerusal\u00e9n como capital de Israel<\/p>\n<p>El proyecto de resoluci\u00f3n insta a todos los pa\u00edses a abstenerse de abrir embajadas en Jerusal\u00e9n, lo que refleja la preocupaci\u00f3n de que otros gobiernos puedan seguir el ejemplo de Estados Unidos.<\/p>\n<p>Tambi\u00e9n exige que todos los Estados miembro no reconozcan ninguna acci\u00f3n que sea contraria a las resoluciones de la ONU sobre el estatus de la ciudad.<\/p>\n<p>Varias resoluciones de la ONU piden a Israel que se retire del territorio apropiado durante la guerra de 1967 y han reafirmado la necesidad de poner fin a la ocupaci\u00f3n de esa tierra.<\/p>\n<p>Los palestinos quer\u00edan un proyecto de resoluci\u00f3n que pidiera directamente al gobierno de Trump que abandone su decisi\u00f3n. Pero algunos aliados de Estados Unidos en el Consejo, como Reino Unido, Francia, Egipto, Jap\u00f3n y Ucrania, se mostraron reacios a ser demasiado implacables, dijeron diplom\u00e1ticos.<\/p>\n<h6> 2017-12-16 23:10:14 <\/h6>\n<p><!--\n<link rel=\"stylesheet\" href=\"css\/bootstrap.min.css\">\n\n\n<ul class=\"pagination\">\n\t    \n\t\n\n<li >\n\t<a href='?page_no=6945'>Previous<\/a>\n\t<\/li>\n\n\n       \n    \n\n<li><a href='?page_no=1'>1<\/a><\/li>\n\n\n\n<li><a href='?page_no=2'>2<\/a><\/li>\n\n\n\n<li><a>...<\/a><\/li>\n\n\n\n<li><a href='?page_no=6944'>6944<\/a><\/li>\n\n\n\n<li><a href='?page_no=6945'>6945<\/a><\/li>\n\n\n\n<li class='active'><a>6946<\/a><\/li>\n\n\n\n<li><a href='?page_no=6947'>6947<\/a><\/li>\n\n\n\n<li><a href='?page_no=6948'>6948<\/a><\/li>\n\n\n\n<li><a>...<\/a><\/li>\n\n\n\n<li><a href='?page_no=36999'>36999<\/a><\/li>\n\n\n\n<li><a href='?page_no=37000'>37000<\/a><\/li>\n\n    \n\t\n\n<li >\n\t<a href='?page_no=6947'>Next<\/a>\n\t<\/li>\n\n\n    \n\n<li><a href='?page_no=37000'>Last &rsaquo;&rsaquo;<\/a><\/li>\n\n<\/ul>\n\n\n--><br \/>\n<\/body><\/p>\n","protected":false},"excerpt":{"rendered":"<p>AFP \/ NICHOLAS KAMM El presidente de Estados Unidos, Donald Trump, habla con la prensa en la Casa Blanca, el 16 de diciembre de 2017 en Washington El Consejo de Seguridad de la ONU est\u00e1 evaluando un proyecto de resoluci\u00f3n que busca rechazar la decisi\u00f3n del presidente de Estados Unidos, Donald Trump, de reconocer a [&hellip;]<\/p>\n","protected":false},"author":3,"featured_media":0,"comment_status":"open","ping_status":"open","sticky":false,"template":"","format":"standard","meta":{"footnotes":""},"categories":[22],"tags":[],"class_list":["post-171662","post","type-post","status-publish","format-standard","hentry","category-politica"],"_links":{"self":[{"href":"https:\/\/diariodominicano.com\/index.php?rest_route=\/wp\/v2\/posts\/171662","targetHints":{"allow":["GET"]}}],"collection":[{"href":"https:\/\/diariodominicano.com\/index.php?rest_route=\/wp\/v2\/posts"}],"about":[{"href":"https:\/\/diariodominicano.com\/index.php?rest_route=\/wp\/v2\/types\/post"}],"author":[{"embeddable":true,"href":"https:\/\/diariodominicano.com\/index.php?rest_route=\/wp\/v2\/users\/3"}],"replies":[{"embeddable":true,"href":"https:\/\/diariodominicano.com\/index.php?rest_route=%2Fwp%2Fv2%2Fcomments&post=171662"}],"version-history":[{"count":0,"href":"https:\/\/diariodominicano.com\/index.php?rest_route=\/wp\/v2\/posts\/171662\/revisions"}],"wp:attachment":[{"href":"https:\/\/diariodominicano.com\/index.php?rest_route=%2Fwp%2Fv2%2Fmedia&parent=171662"}],"wp:term":[{"taxonomy":"category","embeddable":true,"href":"https:\/\/diariodominicano.com\/index.php?rest_route=%2Fwp%2Fv2%2Fcategories&post=171662"},{"taxonomy":"post_tag","embeddable":true,"href":"https:\/\/diariodominicano.com\/index.php?rest_route=%2Fwp%2Fv2%2Ftags&post=171662"}],"curies":[{"name":"wp","href":"https:\/\/api.w.org\/{rel}","templated":true}]}}