{"id":171658,"date":"2017-12-18T11:20:13","date_gmt":"2017-12-18T11:20:13","guid":{"rendered":"http:\/\/diariodominicano.ddns.net\/?p=171658"},"modified":"2017-12-18T11:20:13","modified_gmt":"2017-12-18T11:20:13","slug":"ismael-reyes-dice-que-enjuiciamiento-presidencial-por-caso-odebrecht-en-peru-podria-replicarse-en-un-futuro-en-el-pais","status":"publish","type":"post","link":"https:\/\/diariodominicano.com\/?p=171658","title":{"rendered":"Ismael Reyes dice que enjuiciamiento presidencial por caso Odebrecht en Per\u00fa podr\u00eda replicarse en un futuro en el pa\u00eds"},"content":{"rendered":"<p><body><\/p>\n<p><img decoding=\"async\" src=\"img3\/ismae.jpg\" \/>  <\/p>\n<p>El candidato presidencial del Partido Dem\u00f3crata  Institucional  (PDI),  Ismael Reyes, dijo que nuestro pa\u00eds debe seguir con atenci\u00f3n lo que est\u00e1 ocurriendo en El Per\u00fa, donde el Congreso aprob\u00f3 la solicitud para votar la destituci\u00f3n  por \u00abincapacidad moral\u00bb del presidente Pedro Pablo Kuczynsk, luego de que la  empresa Odebrecht revelara pagos millonarios a empresas vinculadas al mandatario.<\/p>\n<\/p>\n<p>El tambi\u00e9n l\u00edder y fundador del PDI expres\u00f3, que El Per\u00fa est\u00e1 dando un ejemplo al mundo de su solidez institucional, al demostrar que nadie puede estar por encima de la Constituci\u00f3n y las leyes de su pa\u00eds, aunque sea el presidente; por lo cual considera que el proceso peruano se presenta como un gran aprendizaje para la Rep\u00fablica Dominicana, donde padecemos de una gran debilidad institucional agravada por el control que de todos los poderes del Estado que tiene hoy el presidente Danilo Medina.<\/p>\n<\/p>\n<p>Ismael Reyes dijo, que tan pronto \u00e9l sea presidente de la Rep\u00fablica, echar\u00e1 del pa\u00eds a la constructora Odebrecht por ser una empresa mafiosa y corrupta, dirigida por estafadores, que junto a figuras dominicana han robado parte del patrimonio dominicano.<\/p>\n<\/p>\n<p>\u00abNo podemos seguir con la aplicaci\u00f3n de una pol\u00edtica perversa que promueve la quiebra de la fortaleza moral de la naci\u00f3n. No podemos seguir adelante con un modelo destructivo que fomenta el deterioro moral y pol\u00edtico de la naci\u00f3n dominicana\u00bb, declar\u00f3 el l\u00edder del PDI.<\/p>\n<\/p>\n<p>El doctor Ismael Reyes argument\u00f3 que es requisito esencial para gobernar, el tener una hoja de servicio limpia e impoluta, con probidad moral para regir los destinos de la Rep\u00fablica Dominicana.<\/p>\n<\/p>\n<p>\u00abDe modo que cuando un presidente ejerce su mandato en evidente perjuicio de los intereses nacionales y  es cuestionado por su vinculaci\u00f3n directa con hechos dolosos, pierde autom\u00e1ticamente su legitimidad para seguir gobernando, tal como est\u00e1 sucediendo en estos momentos en el Per\u00fa con el presidente Pedro Pablo Kuczynski\u00bb, dijo el candidato presidencial del Partido Democrata Institucional -PDI -.  <\/p>\n<\/p>\n<p>Ismael dijo que ante los delitos contra las arcas del Estado, lo que corresponde es asumir la defensa de la integridad de la naci\u00f3n por encima  de la conveniencia de un grupito de peledeistas que han sabido asaltar el poder por la v\u00eda electoral para luego delinquir en la administraci\u00f3n Estado.<\/p>\n<\/p>\n<p>Se\u00f1alo que es responsabilidad constitucional del presidente de la Rep\u00fablica, salvaguardar los bienes nacionales, y dar cuenta de lo que hacen sus funcionarios; de modo, que cuando un Presidente hace lo contrario, incurre en traici\u00f3n a la patria y a todos los dominicanos, por lo cual pierde el derecho moral de gobernar, aunque legalmente siga ejerciendo el poder.<\/p>\n<h6> 2017-12-18 11:20:13 <\/h6>\n<p><!--\n<link rel=\"stylesheet\" href=\"css\/bootstrap.min.css\">\n\n\n<ul class=\"pagination\">\n\t    \n\t\n\n<li >\n\t<a href='?page_no=6941'>Previous<\/a>\n\t<\/li>\n\n\n       \n    \n\n<li><a href='?page_no=1'>1<\/a><\/li>\n\n\n\n<li><a href='?page_no=2'>2<\/a><\/li>\n\n\n\n<li><a>...<\/a><\/li>\n\n\n\n<li><a href='?page_no=6940'>6940<\/a><\/li>\n\n\n\n<li><a href='?page_no=6941'>6941<\/a><\/li>\n\n\n\n<li class='active'><a>6942<\/a><\/li>\n\n\n\n<li><a href='?page_no=6943'>6943<\/a><\/li>\n\n\n\n<li><a href='?page_no=6944'>6944<\/a><\/li>\n\n\n\n<li><a>...<\/a><\/li>\n\n\n\n<li><a href='?page_no=36999'>36999<\/a><\/li>\n\n\n\n<li><a href='?page_no=37000'>37000<\/a><\/li>\n\n    \n\t\n\n<li >\n\t<a href='?page_no=6943'>Next<\/a>\n\t<\/li>\n\n\n    \n\n<li><a href='?page_no=37000'>Last &rsaquo;&rsaquo;<\/a><\/li>\n\n<\/ul>\n\n\n--><br \/>\n<\/body><\/p>\n","protected":false},"excerpt":{"rendered":"<p>El candidato presidencial del Partido Dem\u00f3crata Institucional (PDI), Ismael Reyes, dijo que nuestro pa\u00eds debe seguir con atenci\u00f3n lo que est\u00e1 ocurriendo en El Per\u00fa, donde el Congreso aprob\u00f3 la solicitud para votar la destituci\u00f3n por \u00abincapacidad moral\u00bb del presidente Pedro Pablo Kuczynsk, luego de que la empresa Odebrecht revelara pagos millonarios a empresas vinculadas [&hellip;]<\/p>\n","protected":false},"author":3,"featured_media":0,"comment_status":"open","ping_status":"open","sticky":false,"template":"","format":"standard","meta":{"footnotes":""},"categories":[22],"tags":[],"class_list":["post-171658","post","type-post","status-publish","format-standard","hentry","category-politica"],"_links":{"self":[{"href":"https:\/\/diariodominicano.com\/index.php?rest_route=\/wp\/v2\/posts\/171658","targetHints":{"allow":["GET"]}}],"collection":[{"href":"https:\/\/diariodominicano.com\/index.php?rest_route=\/wp\/v2\/posts"}],"about":[{"href":"https:\/\/diariodominicano.com\/index.php?rest_route=\/wp\/v2\/types\/post"}],"author":[{"embeddable":true,"href":"https:\/\/diariodominicano.com\/index.php?rest_route=\/wp\/v2\/users\/3"}],"replies":[{"embeddable":true,"href":"https:\/\/diariodominicano.com\/index.php?rest_route=%2Fwp%2Fv2%2Fcomments&post=171658"}],"version-history":[{"count":0,"href":"https:\/\/diariodominicano.com\/index.php?rest_route=\/wp\/v2\/posts\/171658\/revisions"}],"wp:attachment":[{"href":"https:\/\/diariodominicano.com\/index.php?rest_route=%2Fwp%2Fv2%2Fmedia&parent=171658"}],"wp:term":[{"taxonomy":"category","embeddable":true,"href":"https:\/\/diariodominicano.com\/index.php?rest_route=%2Fwp%2Fv2%2Fcategories&post=171658"},{"taxonomy":"post_tag","embeddable":true,"href":"https:\/\/diariodominicano.com\/index.php?rest_route=%2Fwp%2Fv2%2Ftags&post=171658"}],"curies":[{"name":"wp","href":"https:\/\/api.w.org\/{rel}","templated":true}]}}