{"id":171657,"date":"2017-12-18T11:52:38","date_gmt":"2017-12-18T11:52:38","guid":{"rendered":"http:\/\/diariodominicano.ddns.net\/?p=171657"},"modified":"2017-12-18T11:52:38","modified_gmt":"2017-12-18T11:52:38","slug":"en-el-44-aniversario-del-pld-leonel-fernandez-resalta-contribucion-de-las-gestiones-de-gobiernos-peledeistas-al-progreso-modernizacion-y-transformacion-del-pais","status":"publish","type":"post","link":"https:\/\/diariodominicano.com\/?p=171657","title":{"rendered":"En el 44 aniversario del PLD, Leonel Fern\u00e1ndez resalta contribuci\u00f3n de las gestiones de gobiernos pelede\u00edstas al  progreso, modernizaci\u00f3n y transformaci\u00f3n del pa\u00eds"},"content":{"rendered":"<p><body><\/p>\n<p><img decoding=\"async\" src=\"img3\/leons.jpg\" \/>  <\/p>\n<p><strong>SANTO DOMINGO, RD, 18 de diciembre de 2017.-<\/strong> Las gestiones de gobierno encabezadas por el Partido de la Liberaci\u00f3n Dominicana  han contribuido a un aceleramiento del proceso de progreso, modernizaci\u00f3n y transformaci\u00f3n social que ha experimentado la Rep\u00fablica Dominicana durante los \u00faltimos 20 a\u00f1os.<\/p>\n<\/p>\n<p>La afirmaci\u00f3n es del Presidente del Partido de la Liberaci\u00f3n Dominicana, Leonel Fern\u00e1ndez, ex Presidente de la Rep\u00fablica,  en su Observatorio Global de este d\u00eda en el que presenta como un gran reto para la familia pelede\u00edsta  contribuir a la satisfacci\u00f3n de las necesidades del pueblo y asumir la defensa y promoci\u00f3n de los intereses de la naci\u00f3n.<\/p>\n<\/p>\n<p>Bajo el t\u00edtulo \u00abEl PLD: Cuarenta y Cuatro A\u00f1os Despu\u00e9s\u00bb, el presidente de esa organizaci\u00f3n hace un recuento hist\u00f3rico,  y de los resultados electorales de los \u00faltimos comicios para afirmar  que el PLD \u00abse encuentra en el sitial privilegiado de ser, hasta ahora, la organizaci\u00f3n pol\u00edtica m\u00e1s exitosa en la historia de la Rep\u00fablica Dominicana\u00bb.<\/p>\n<\/p>\n<p>Resalta Leonel Fern\u00e1ndez en su trabajo publicado en el List\u00edn Diario y en Vanguardia del Pueblo en su formato digital, que el PLD en los \u00faltimos 21 a\u00f1os,  ha sido la fuerza dominante en el escenario pol\u00edtico nacional; y en el a\u00f1o 2020, al t\u00e9rmino de la actual gesti\u00f3n de gobierno, habr\u00e1 ejercido el mando durante 20 de los \u00faltimos 24 a\u00f1os, lo que considera \u00abToda una haza\u00f1a\u00bb.<\/p>\n<\/p>\n<p>\u00abTodo eso plantea nuevos retos a la familia pelede\u00edsta: \u00ablos retos de la victoria, que son, a veces, hasta m\u00e1s complejos que los infortunios de la derrota\u00bb, sostiene el ex presidente de la Rep\u00fablica para afirmar entonces que las expectativas para quien o quienes el pueblo escoja como representantes, tiene como obligaci\u00f3n principal \u00abcontribuir a la satisfacci\u00f3n de las necesidades del pueblo. En asumir la defensa y promoci\u00f3n de los intereses de la naci\u00f3n\u00bb.<\/p>\n<\/p>\n<p>Apunta Leonel Fern\u00e1ndez la eficacia  que debe tener en el pol\u00edtico o en el funcionario p\u00fablico actuar siempre con prudencia: \u00abPara continuar acumulando nuevas victorias al servicio del pueblo dominicano, tal vez haga falta siempre apelar, dentro de las filas del partido morado, a un valor sencillo, pero fundamental para la convivencia humana: el de la prudencia\u00bb<\/p>\n<\/p>\n<p>Concluye afirmando que el comportamiento prudente ha de convertirse en la acci\u00f3n preventiva para que el Partido de la Liberaci\u00f3n Dominicana evite morir de \u00e9xito.<\/p>\n<h6> 2017-12-18 11:52:38 <\/h6>\n<p><!--\n<link rel=\"stylesheet\" href=\"css\/bootstrap.min.css\">\n\n\n<ul class=\"pagination\">\n\t    \n\t\n\n<li >\n\t<a href='?page_no=6940'>Previous<\/a>\n\t<\/li>\n\n\n       \n    \n\n<li><a href='?page_no=1'>1<\/a><\/li>\n\n\n\n<li><a href='?page_no=2'>2<\/a><\/li>\n\n\n\n<li><a>...<\/a><\/li>\n\n\n\n<li><a href='?page_no=6939'>6939<\/a><\/li>\n\n\n\n<li><a href='?page_no=6940'>6940<\/a><\/li>\n\n\n\n<li class='active'><a>6941<\/a><\/li>\n\n\n\n<li><a href='?page_no=6942'>6942<\/a><\/li>\n\n\n\n<li><a href='?page_no=6943'>6943<\/a><\/li>\n\n\n\n<li><a>...<\/a><\/li>\n\n\n\n<li><a href='?page_no=36999'>36999<\/a><\/li>\n\n\n\n<li><a href='?page_no=37000'>37000<\/a><\/li>\n\n    \n\t\n\n<li >\n\t<a href='?page_no=6942'>Next<\/a>\n\t<\/li>\n\n\n    \n\n<li><a href='?page_no=37000'>Last &rsaquo;&rsaquo;<\/a><\/li>\n\n<\/ul>\n\n\n--><br \/>\n<\/body><\/p>\n","protected":false},"excerpt":{"rendered":"<p>SANTO DOMINGO, RD, 18 de diciembre de 2017.- Las gestiones de gobierno encabezadas por el Partido de la Liberaci\u00f3n Dominicana han contribuido a un aceleramiento del proceso de progreso, modernizaci\u00f3n y transformaci\u00f3n social que ha experimentado la Rep\u00fablica Dominicana durante los \u00faltimos 20 a\u00f1os. La afirmaci\u00f3n es del Presidente del Partido de la Liberaci\u00f3n Dominicana, [&hellip;]<\/p>\n","protected":false},"author":3,"featured_media":0,"comment_status":"open","ping_status":"open","sticky":false,"template":"","format":"standard","meta":{"footnotes":""},"categories":[22],"tags":[],"class_list":["post-171657","post","type-post","status-publish","format-standard","hentry","category-politica"],"_links":{"self":[{"href":"https:\/\/diariodominicano.com\/index.php?rest_route=\/wp\/v2\/posts\/171657","targetHints":{"allow":["GET"]}}],"collection":[{"href":"https:\/\/diariodominicano.com\/index.php?rest_route=\/wp\/v2\/posts"}],"about":[{"href":"https:\/\/diariodominicano.com\/index.php?rest_route=\/wp\/v2\/types\/post"}],"author":[{"embeddable":true,"href":"https:\/\/diariodominicano.com\/index.php?rest_route=\/wp\/v2\/users\/3"}],"replies":[{"embeddable":true,"href":"https:\/\/diariodominicano.com\/index.php?rest_route=%2Fwp%2Fv2%2Fcomments&post=171657"}],"version-history":[{"count":0,"href":"https:\/\/diariodominicano.com\/index.php?rest_route=\/wp\/v2\/posts\/171657\/revisions"}],"wp:attachment":[{"href":"https:\/\/diariodominicano.com\/index.php?rest_route=%2Fwp%2Fv2%2Fmedia&parent=171657"}],"wp:term":[{"taxonomy":"category","embeddable":true,"href":"https:\/\/diariodominicano.com\/index.php?rest_route=%2Fwp%2Fv2%2Fcategories&post=171657"},{"taxonomy":"post_tag","embeddable":true,"href":"https:\/\/diariodominicano.com\/index.php?rest_route=%2Fwp%2Fv2%2Ftags&post=171657"}],"curies":[{"name":"wp","href":"https:\/\/api.w.org\/{rel}","templated":true}]}}