{"id":171656,"date":"2017-12-18T15:50:03","date_gmt":"2017-12-18T15:50:03","guid":{"rendered":"http:\/\/diariodominicano.ddns.net\/?p=171656"},"modified":"2017-12-18T15:50:03","modified_gmt":"2017-12-18T15:50:03","slug":"leonel-fernandez-asegura-que-el-pld-ira-unido-a-elecciones-de-2020-y-ganara-nuevamente-con-el-respaldo-del-pueblo","status":"publish","type":"post","link":"https:\/\/diariodominicano.com\/?p=171656","title":{"rendered":"Leonel Fern\u00e1ndez asegura que el PLD ir\u00e1 unido a elecciones de 2020 y ganar\u00e1 nuevamente con el respaldo del pueblo"},"content":{"rendered":"<p><body><\/p>\n<p><img decoding=\"async\" src=\"img3\/TON_2497.JPG\" \/><br \/><img decoding=\"async\" src=\"img3\/TON_2562.JPG\" \/><br \/><img decoding=\"async\" src=\"img3\/DSC_8691.JPG\" \/>  <\/p>\n<p><span class=\"text1noticias\">SANTO DOMINGO, 18 de- El expresidente Leonel Fern\u00e1ndez, presidente del Partido de la Liberaci\u00f3n Dominicana (PLD),  en unas palabras en el almuerzo de celebraci\u00f3n del 44 aniversario de la organizaci\u00f3n  y de las navidades ,  asegur\u00f3 que ese  Partido  ir\u00e1 unido a las elecciones de 2020,  en la  que, afirm\u00f3, obtendr\u00e1n un nuevo triunfo.<\/span><\/p>\n<\/p>\n<p><span class=\"text1noticias\">Leonel Fern\u00e1ndez resalt\u00f3 las ejecutorias del actual gobierno presidido por Danilo Medina, quien es compa\u00f1ero de organismo en el Comit\u00e9 Pol\u00edtico, defini\u00e9ndola como parte de los aportes del PLD al pueblo dominicano.<\/span><\/p>\n<\/p>\n<p><span class=\"text1noticias\">En su calidad de presidente del PLD Leonel Fern\u00e1ndez pronunci\u00f3 las palabras centrales   del almuerzo de confraternidad realizado en el Sal\u00f3n Bienvenido Sandoval de la Casa Nacional del PLD, encuentro programado en la celebraci\u00f3n del 44 aniversario del PLD.<\/span><\/p>\n<\/p>\n<p><span class=\"text1noticias\">Hizo un recorrido por diferentes pasajes de la historia del PLD para destacar que esa organizaci\u00f3n es la m\u00e1s exitosa y que se ha sabido reponer de momentos dif\u00edciles por lo que ha transitado.<\/span><\/p>\n<\/p>\n<p><span class=\"text1noticias\">Reinaldo Pared P\u00e9rez antecedi\u00f3 a Leonel Fern\u00e1ndez con las palabras de bienvenida al agasajo que se anunci\u00f3 la semana anterior y que motiv\u00f3 la asistencia de la mayor\u00eda de los m\u00e1s de 600 miembros que componen el Comit\u00e9 Central del PLD.<\/span><\/p>\n<\/p>\n<p><span class=\"text1noticias\">Recurri\u00f3 a detallar un mensaje que escribiera el pasado viernes en su cuenta de twitter, en el cuadrag\u00e9simo cuarto aniversario de la fundaci\u00f3n del PLD \u00ab44 a\u00f1os de historia, de experiencias, de ense\u00f1anzas, de tradici\u00f3n y de innovaci\u00f3n para la partidocracia dominicana, adem\u00e1s de casi cinco periodos de buenos gobiernos de progreso, modernidad y desarrollo\u00bb<\/span><\/p>\n<\/p>\n<p><span class=\"text1noticias\">La actividad se desarroll\u00f3 en un ambiente festivo, propio de la celebraci\u00f3n de la temporada con m\u00fasica navide\u00f1a ambiental al principio a la que continu\u00f3 con la orquesta Daniel Pineda, m\u00fasico miembro del Comit\u00e9 Central del PLD, quien ameniz\u00f3 con merengues, salsas y bachatas antes del momento de los discursos.<\/span><\/p>\n<\/p>\n<p><span class=\"text1noticias\">H\u00e9ctor Olivo y Omar Liriano, maestros de la ceremonia iniciaron la actividad a las 12.20 de la tarde anunciando la entrada de los miembros del Comit\u00e9 Pol\u00edtico encabezado por Reinaldo Pared P\u00e9rez, secretario general y luego la entrada del presidente del PLD, Leonel Fern\u00e1ndez.<\/span><\/p>\n<\/p>\n<p><span class=\"text1noticias\">De pie y con aplausos fueron recibidos los dirigentes que ocuparon las tres mesas centrales del sal\u00f3n, que llen\u00f3 sus objetivos confraternizando entre los dirigentes pelede\u00edstas.<\/span><\/p>\n<\/p>\n<p><span class=\"text1noticias\">Junto a Leonel Fern\u00e1ndez, Presidente del PLD y Reinaldo Pared P\u00e9rez, secretario general, asistieron los miembros del Comit\u00e9 Pol\u00edtico Franklin Almeyda, Ram\u00f3n Ventura Camejo, Radham\u00e9s Camacho, Radham\u00e9s Segura, Miriam Cabral, Alma Fern\u00e1ndez, Radham\u00e9s Jim\u00e9nez, Lucia (Yomaira) Medina, Rub\u00e9n Maldonado, Julio Cesar Valent\u00edn, Carlos Amarante Baret, Bautista Rojas G\u00f3mez, Rub\u00e9n Bichara,   Julio Cesar Valent\u00edn, Lidio Cadet, Cristina Lizardo, Eduardo Selman y Euclides Guti\u00e9rrez F\u00e9lix.<\/span><\/p>\n<\/p>\n<p><span class=\"text1noticias\">Gutierrez F\u00e9lix al finalizar las palabras de Leonel Fern\u00e1ndez pas\u00f3 a la tarima preparada para las palabras que se pronunciar\u00edan enarbolando las consignas que fueron creadas en los inicios de la organizaci\u00f3n entre ellas: \u00abJuan Bosch es el gu\u00eda, el PLD la v\u00eda\u00bb; \u00abSer pelede\u00edsta es ser un soldado consciente, valiente y disciplinado\u00bb.<\/span><\/p>\n<\/p>\n<p><span class=\"text1noticias\"> Al concluir las consignas, Leonel Fern\u00e1ndez record\u00f3 que son consignas que tienen tambi\u00e9n 44 a\u00f1os de existencia.<\/span><\/p>\n<\/p>\n<p><span class=\"text1noticias\">En sus palabras Reinaldo Pared P\u00e9rez present\u00f3 las excusas del presidente de la Rep\u00fablica, Danilo Medina, quien explic\u00f3 preparaba la agenda para la reuni\u00f3n de la tarde del lunes con el Consejo de Competitividad.<\/span><\/p>\n<\/p>\n<p><span class=\"text1noticias\">Tambi\u00e9n Pared P\u00e9rez present\u00f3 las excusas de los miembros del Comit\u00e9 Pol\u00edtico, Margarita Cede\u00f1o de Fern\u00e1ndez, vicepresidenta de la Republica, del alcalde de Santiago, Abel Mart\u00ednez; de Francisco Javier Garc\u00eda, de Alejandrina Germ\u00e1n, y el ex vicepresidente Rafael Alburquerque.<\/span><\/p>\n<\/p>\n<p><span class=\"text1noticias\">Despu\u00e9s de los discursos y unos temas a cargo de la orquesta, Cristina Lizardo dedic\u00f3 un brindis a la salud de los presentes y de todo el pueblo dominicano, resaltando los rostros de alegr\u00eda, que a su juicio, ve\u00eda desde la plataforma en la que se ubic\u00f3 para dedicar el brindis, reafirmando que la unidad de la familia pelede\u00edsta es inquebrantable.<\/span><\/p>\n<\/p>\n<p><span class=\"text1noticias\">El almuerzo servido  a cada una de las mesas por una bater\u00eda de mozos, consisti\u00f3  en cerdo asado, pastel\u00f3n de pl\u00e1tano maduro , pasteles en hojas, dos tipos de ensaladas, dos arroz con vegetales o moro de guandules,  panes, pechuga de pollo en salsa , de postre frutas navide\u00f1as, peras, manzanas y uvas, tres tipos de vinos, refrescos y agua natural.<\/span><\/p>\n<\/p>\n<p><span class=\"text1noticias\">Ya con el almuerzo servido empez\u00f3 a cantar la orquesta de Sergio Vargas, presentado como uno de los valores del pelede\u00edsmo, quien inici\u00f3 cantando boleros y luego los merengues propios de su repertorio. Algunos se entusiasmaron y bailaron los merengues navide\u00f1os.<\/span><\/p>\n<\/p>\n<p><span class=\"text1noticias\">A las 2: 45 de la tarde se despidieron Leonel Fern\u00e1ndez y Reinaldo Pared P\u00e9rez y los miembros del Comit\u00e9 Pol\u00edtico, quedando la orquesta de Sergio Vargas, con algunos n\u00fameros que le solicitaron y poco tiempo despu\u00e9s se despidi\u00f3 formalmente el acto.<\/span><\/p>\n<\/p>\n<p><span class=\"text1noticias\">Se record\u00f3 que los d\u00edas 20, 21, 22 y 23 de este mes de diciembre el Presidente del PLD, Leonel Fern\u00e1ndez, encabezar\u00e1 los tradicionales repartos de cajas conteniendo los productos usados en la cena de navidad en las diferentes regiones del pa\u00eds y en el Distrito Nacional.<\/span><\/p>\n<\/p>\n<h6> 2017-12-18 15:50:03 <\/h6>\n<p><!--\n<link rel=\"stylesheet\" href=\"css\/bootstrap.min.css\">\n\n\n<ul class=\"pagination\">\n\t    \n\t\n\n<li >\n\t<a href='?page_no=6939'>Previous<\/a>\n\t<\/li>\n\n\n       \n    \n\n<li><a href='?page_no=1'>1<\/a><\/li>\n\n\n\n<li><a href='?page_no=2'>2<\/a><\/li>\n\n\n\n<li><a>...<\/a><\/li>\n\n\n\n<li><a href='?page_no=6938'>6938<\/a><\/li>\n\n\n\n<li><a href='?page_no=6939'>6939<\/a><\/li>\n\n\n\n<li class='active'><a>6940<\/a><\/li>\n\n\n\n<li><a href='?page_no=6941'>6941<\/a><\/li>\n\n\n\n<li><a href='?page_no=6942'>6942<\/a><\/li>\n\n\n\n<li><a>...<\/a><\/li>\n\n\n\n<li><a href='?page_no=36999'>36999<\/a><\/li>\n\n\n\n<li><a href='?page_no=37000'>37000<\/a><\/li>\n\n    \n\t\n\n<li >\n\t<a href='?page_no=6941'>Next<\/a>\n\t<\/li>\n\n\n    \n\n<li><a href='?page_no=37000'>Last &rsaquo;&rsaquo;<\/a><\/li>\n\n<\/ul>\n\n\n--><br \/>\n<\/body><\/p>\n","protected":false},"excerpt":{"rendered":"<p>SANTO DOMINGO, 18 de- El expresidente Leonel Fern\u00e1ndez, presidente del Partido de la Liberaci\u00f3n Dominicana (PLD), en unas palabras en el almuerzo de celebraci\u00f3n del 44 aniversario de la organizaci\u00f3n y de las navidades , asegur\u00f3 que ese Partido ir\u00e1 unido a las elecciones de 2020, en la que, afirm\u00f3, obtendr\u00e1n un nuevo triunfo. Leonel [&hellip;]<\/p>\n","protected":false},"author":3,"featured_media":0,"comment_status":"open","ping_status":"open","sticky":false,"template":"","format":"standard","meta":{"footnotes":""},"categories":[22],"tags":[],"class_list":["post-171656","post","type-post","status-publish","format-standard","hentry","category-politica"],"_links":{"self":[{"href":"https:\/\/diariodominicano.com\/index.php?rest_route=\/wp\/v2\/posts\/171656","targetHints":{"allow":["GET"]}}],"collection":[{"href":"https:\/\/diariodominicano.com\/index.php?rest_route=\/wp\/v2\/posts"}],"about":[{"href":"https:\/\/diariodominicano.com\/index.php?rest_route=\/wp\/v2\/types\/post"}],"author":[{"embeddable":true,"href":"https:\/\/diariodominicano.com\/index.php?rest_route=\/wp\/v2\/users\/3"}],"replies":[{"embeddable":true,"href":"https:\/\/diariodominicano.com\/index.php?rest_route=%2Fwp%2Fv2%2Fcomments&post=171656"}],"version-history":[{"count":0,"href":"https:\/\/diariodominicano.com\/index.php?rest_route=\/wp\/v2\/posts\/171656\/revisions"}],"wp:attachment":[{"href":"https:\/\/diariodominicano.com\/index.php?rest_route=%2Fwp%2Fv2%2Fmedia&parent=171656"}],"wp:term":[{"taxonomy":"category","embeddable":true,"href":"https:\/\/diariodominicano.com\/index.php?rest_route=%2Fwp%2Fv2%2Fcategories&post=171656"},{"taxonomy":"post_tag","embeddable":true,"href":"https:\/\/diariodominicano.com\/index.php?rest_route=%2Fwp%2Fv2%2Ftags&post=171656"}],"curies":[{"name":"wp","href":"https:\/\/api.w.org\/{rel}","templated":true}]}}