{"id":171654,"date":"2017-12-18T18:26:03","date_gmt":"2017-12-18T18:26:03","guid":{"rendered":"http:\/\/diariodominicano.ddns.net\/?p=171654"},"modified":"2017-12-18T18:26:03","modified_gmt":"2017-12-18T18:26:03","slug":"leonel-fernandez-afirma-partido-unido-cohesionado-y-compacto-continua-en-el-2020","status":"publish","type":"post","link":"https:\/\/diariodominicano.com\/?p=171654","title":{"rendered":"Leonel Fern\u00e1ndez afirma partido unido, cohesionado y compacto contin\u00faa en el 2020"},"content":{"rendered":"<p><body><\/p>\n<p><img decoding=\"async\" src=\"img3\/leonel18122017.jpg\" \/>  <\/p>\n<\/p>\n<p><strong>SANTO DOMINGO, RD, 18 de diciembre de 1017.-<\/strong> Leonel Fern\u00e1ndez, ex presidente de la Rep\u00fablica, presidente del Partido de la Liberaci\u00f3n Dominicana (PLD), asegur\u00f3 este lunes que la gesti\u00f3n de gobierno de esa organizaci\u00f3n, encabezada por Danilo Medina, constituye una  garant\u00eda de triunfo en el  pr\u00f3ximo certamen electoral del 2020, con una organizaci\u00f3n que no descuida su convicci\u00f3n del mantenimiento de  la unidad.<\/p>\n<\/p>\n<p>Leonel Fern\u00e1ndez, quien encabez\u00f3 el almuerzo de la direcci\u00f3n del PLD al que asistieron 20 miembros del Comit\u00e9 Pol\u00edtico, agreg\u00f3 que \u00abpor mayores vaticinios sombr\u00edos que se hagan, le puedo asegurar que en forma compacta, cohesionada y unida iremos a ese nuevo triunfo en el a\u00f1o 2020\u00bb.<\/p>\n<\/p>\n<p>Destac\u00f3 el empe\u00f1o puesto por el presidente Danilo Medina quien se dedica, con toda su fuerza, en hacer acciones a favor del desarrollo del pueblo dominicano, caracter\u00edstico en cada uno de los gobiernos, que con esta gesti\u00f3n arriba a su n\u00famero cinco.<\/p>\n<\/p>\n<p>\u00abEl presente gobierno del compa\u00f1ero Danilo Medina, ve su gesti\u00f3n como un proyecto hist\u00f3rico y es un proyecto pol\u00edtico del Partido de la Liberaci\u00f3n Dominicana\u00bb, expres\u00f3 Leonel Fern\u00e1ndez en las palabras centrales del acto realizado en el sal\u00f3n Bienvenido Sandoval de la Casa Nacional del PLD y que el Partido de la Liberaci\u00f3n Dominicana, divulg\u00f3 mediante una nota informativa a trav\u00e9s de la Secretar\u00eda de Comunicaciones.<\/p>\n<\/p>\n<p>Agreg\u00f3 que \u00abdesde ya le puedo vaticinar que el PLD vuelve a coronarse con otro triunfo electoral y esto as\u00ed porque nuestro partido sigue haciendo aportes importantes al desarrollo de la sociedad dominicana\u00bb.<\/p>\n<\/p>\n<p>Dijo que el PLD nunca se ha debilitado en momentos de situaciones dif\u00edciles y que as\u00ed lo demostr\u00f3 desde los tiempos de Juan Bosch, espec\u00edficamente cuando al participar en el a\u00f1o 1978 en su primer certamen electoral, los resultados fueron catastr\u00f3ficos, sacando solo 18 mil votos equivalentes al 1 por ciento del universo electoral.<\/p>\n<\/p>\n<p>Subray\u00f3 que cualquiera pod\u00eda creer que despu\u00e9s de unos resultados tan catastr\u00f3fico el PLD en 1978, se sentir\u00eda abatido, estar\u00eda con el \u00e1nimo ca\u00eddo y sin embargo, al visitar al profesor Juan Bosch en su apartamento de la calle C\u00e9sar Nicol\u00e1s Penson, un d\u00eda despu\u00e9s de las elecciones, vio a un hombre que estaba imperturbable, estaba imp\u00e1vido, como si nada hab\u00eda ocurrido.<\/p>\n<\/p>\n<p>Leonel Fern\u00e1ndez subray\u00f3 que fue a lo largo del tiempo cuando luego de pensarlo, entendi\u00f3 las razones del vigor mostrado por el Profesor Juan Bosch en aquella ocasi\u00f3n, lo que entiende, se debi\u00f3 a la fuerza de la convicci\u00f3n que ten\u00eda el fundador del PLD.<\/p>\n<\/p>\n<p>\u00abLa conclusi\u00f3n a la que he llegado es que lo que le manten\u00eda en pie, lo que le manten\u00eda tan optimista era la fuerza de su convicci\u00f3n. La fuerza de la convicci\u00f3n de que esa derrota electoral no significaba nada en la historia de la Rep\u00fablica Dominicana\u00bb.<\/p>\n<\/p>\n<p>El expresidente  Leonel Fern\u00e1ndez sostuvo que el hecho de que el Partido de la Liberaci\u00f3n Dominicana se haya convertido en los 44 a\u00f1os posteriores a su fundaci\u00f3n en la m\u00e1s poderosa fuerza pol\u00edtica en toda la historia nacional demuestra que Juan Bosch ten\u00eda raz\u00f3n en su convicci\u00f3n de que de la derrota, saldr\u00eda la gran victoria que es hoy el PLD para la Rep\u00fablica Dominicana.<\/p>\n<\/p>\n<p>En una breve rese\u00f1a hist\u00f3rica, Leonel Fern\u00e1ndez acudi\u00f3 la paradoja y la iron\u00eda de la historia al se\u00f1alar que en el 1978, cuando se cre\u00eda que el PLD se extingu\u00eda tras la derrota, surgi\u00f3 la fuerza para llevarlo al 1990, a un partido vigoroso pero que en 1994, cuando se produjo un declive, obteniendo solo un 13 por ciento, tambi\u00e9n dos a\u00f1os despu\u00e9s era el Partido que sub\u00eda las escalinatas del Palacio Nacional.<\/p>\n<\/p>\n<p>\u00abEs en medio de las tempestades, de las crisis, cuando emergen las grandes fuerzas transformadoras en el margen de la historia, en el margen de la Rep\u00fablica Dominicana y as\u00ed ha ocurrido con el Partido de la Liberaci\u00f3n Dominicana\u00bb, concluy\u00f3.<\/p>\n<\/p>\n<p>El presidente del PLD pronuncio las palabras centrales  de la parte discursiva del encuentro, antecedido por las palabras de bienvenida al almuerzo desarrollado con una gran asistencia al sal\u00f3n Bienvenido Sandoval de la sede pelede\u00edsta en Gascue, a cargo de Reinaldo Pared P\u00e9rez, secretario general, destaca la rese\u00f1a de la secretar\u00eda de Comunicaciones del PLD.<\/p>\n<\/p>\n<p>La actividad estuvo amenizada por las orquestas de Daniel Pineda, miembro del Comit\u00e9 Central y Sergio Vargas, militante pelede\u00edsta y ex diputado.<\/p>\n<h6> 2017-12-18 18:26:03 <\/h6>\n<p><!--\n<link rel=\"stylesheet\" href=\"css\/bootstrap.min.css\">\n\n\n<ul class=\"pagination\">\n\t    \n\t\n\n<li >\n\t<a href='?page_no=6938'>Previous<\/a>\n\t<\/li>\n\n\n       \n    \n\n<li><a href='?page_no=1'>1<\/a><\/li>\n\n\n\n<li><a href='?page_no=2'>2<\/a><\/li>\n\n\n\n<li><a>...<\/a><\/li>\n\n\n\n<li><a href='?page_no=6937'>6937<\/a><\/li>\n\n\n\n<li><a href='?page_no=6938'>6938<\/a><\/li>\n\n\n\n<li class='active'><a>6939<\/a><\/li>\n\n\n\n<li><a href='?page_no=6940'>6940<\/a><\/li>\n\n\n\n<li><a href='?page_no=6941'>6941<\/a><\/li>\n\n\n\n<li><a>...<\/a><\/li>\n\n\n\n<li><a href='?page_no=36999'>36999<\/a><\/li>\n\n\n\n<li><a href='?page_no=37000'>37000<\/a><\/li>\n\n    \n\t\n\n<li >\n\t<a href='?page_no=6940'>Next<\/a>\n\t<\/li>\n\n\n    \n\n<li><a href='?page_no=37000'>Last &rsaquo;&rsaquo;<\/a><\/li>\n\n<\/ul>\n\n\n--><br \/>\n<\/body><\/p>\n","protected":false},"excerpt":{"rendered":"<p>SANTO DOMINGO, RD, 18 de diciembre de 1017.- Leonel Fern\u00e1ndez, ex presidente de la Rep\u00fablica, presidente del Partido de la Liberaci\u00f3n Dominicana (PLD), asegur\u00f3 este lunes que la gesti\u00f3n de gobierno de esa organizaci\u00f3n, encabezada por Danilo Medina, constituye una garant\u00eda de triunfo en el pr\u00f3ximo certamen electoral del 2020, con una organizaci\u00f3n que no [&hellip;]<\/p>\n","protected":false},"author":3,"featured_media":0,"comment_status":"open","ping_status":"open","sticky":false,"template":"","format":"standard","meta":{"footnotes":""},"categories":[22],"tags":[],"class_list":["post-171654","post","type-post","status-publish","format-standard","hentry","category-politica"],"_links":{"self":[{"href":"https:\/\/diariodominicano.com\/index.php?rest_route=\/wp\/v2\/posts\/171654","targetHints":{"allow":["GET"]}}],"collection":[{"href":"https:\/\/diariodominicano.com\/index.php?rest_route=\/wp\/v2\/posts"}],"about":[{"href":"https:\/\/diariodominicano.com\/index.php?rest_route=\/wp\/v2\/types\/post"}],"author":[{"embeddable":true,"href":"https:\/\/diariodominicano.com\/index.php?rest_route=\/wp\/v2\/users\/3"}],"replies":[{"embeddable":true,"href":"https:\/\/diariodominicano.com\/index.php?rest_route=%2Fwp%2Fv2%2Fcomments&post=171654"}],"version-history":[{"count":0,"href":"https:\/\/diariodominicano.com\/index.php?rest_route=\/wp\/v2\/posts\/171654\/revisions"}],"wp:attachment":[{"href":"https:\/\/diariodominicano.com\/index.php?rest_route=%2Fwp%2Fv2%2Fmedia&parent=171654"}],"wp:term":[{"taxonomy":"category","embeddable":true,"href":"https:\/\/diariodominicano.com\/index.php?rest_route=%2Fwp%2Fv2%2Fcategories&post=171654"},{"taxonomy":"post_tag","embeddable":true,"href":"https:\/\/diariodominicano.com\/index.php?rest_route=%2Fwp%2Fv2%2Ftags&post=171654"}],"curies":[{"name":"wp","href":"https:\/\/api.w.org\/{rel}","templated":true}]}}