{"id":171652,"date":"2017-12-19T11:33:33","date_gmt":"2017-12-19T11:33:33","guid":{"rendered":"http:\/\/diariodominicano.ddns.net\/?p=171652"},"modified":"2017-12-19T11:33:33","modified_gmt":"2017-12-19T11:33:33","slug":"francisco-fernandez-asegura-primarias-abiertas-acabaria-con-el-clientelismo-y-la-doble-militancia-en-los-partidos-politicos","status":"publish","type":"post","link":"https:\/\/diariodominicano.com\/?p=171652","title":{"rendered":"Francisco Fern\u00e1ndez asegura primar\u00edas abiertas acabar\u00eda con el clientelismo y la doble militancia  en los partidos pol\u00edticos"},"content":{"rendered":"<p><body><\/p>\n<p><img decoding=\"async\" src=\"img3\/fferan.jpg\" \/>  <\/p>\n<p>Por V\u00edctor G\u00f3mez  <\/p>\n<\/p>\n<p>NUEVA YORK.- El dirigente pol\u00edtico peledeista Francisco Fern\u00e1ndez favoreci\u00f3 la aprobaci\u00f3n del padr\u00f3n abierto para las primarias internas de los partidos pol\u00edticos porque contribuye a que el electorado  juegue un papel  en el orden pol\u00edtico con m\u00e1s responsabilidad, entendiendo que ese modelo  contribuir\u00eda a que la poblaci\u00f3n votante se presente el d\u00eda de las elecciones  sin las problem\u00e1ticas que se suscitan en la misma.<\/p>\n<\/p>\n<p>Dijo que los partidos pol\u00edticos tienen la responsabilidad de fortalecer la democracia y entiende que el padr\u00f3n abierto contribuye a la concientizaci\u00f3n del votante.<\/p>\n<\/p>\n<p>Agrega estar totalmente de acuerdo con las primarias abiertas para el exterior  porque favorece al crecimiento del electorado ya que facilitar\u00eda a que la gente vaya a sacar su cedula sin la intervenci\u00f3n de un partido pol\u00edtico y sin tener que identificar su simpat\u00eda en ese orden, que solo ir\u00eda  a la Junta Central Electoral a sacar su documento de identidad y electoral, lo que en el caso del extranjero aumentar\u00eda el padr\u00f3n de electores.<\/p>\n<\/p>\n<p>Expres\u00f3 su esperanza de que en el exterior voten por encima de medio mill\u00f3n de personas para que se inicie el respeto a los dirigentes pol\u00edtico porque a su juicio en el caso de Nueva York, se trabaja pol\u00edtica como el que m\u00e1s, aportando econ\u00f3micamente m\u00e1s recursos al pa\u00eds que 25 provincias juntas.<\/p>\n<\/p>\n<p>Resalt\u00f3 la importancia de la primaria abierta para la segunda y tercera generaci\u00f3n de dominicanos, que ya existe en el exterior, se mantenga ligada al pa\u00eds, para que no se rompa la relaci\u00f3n con su pa\u00eds, lo se debe facilitar, creando los medios para que se integren a la actividad pol\u00edtica y as\u00ed est\u00e9n en contacto en todos los \u00f3rdenes con la naci\u00f3n.<\/p>\n<\/p>\n<p>Fern\u00e1ndez consider\u00f3 que a ra\u00edz de la eliminaci\u00f3n de los C\u00edrculos de Estudios en el Partido de la Liberaci\u00f3n Dominicana y el partido abrir las puertas a una nueva estructura, esa apertura se le fue de la mano al PLD, por lo que hoy tienen un padr\u00f3n abultado con una membrec\u00eda inexistente, dijo.<\/p>\n<\/p>\n<p>De ah\u00ed a que eso traiga un problema interno, pero que una divisi\u00f3n del partido, eso es otro panorama que no hay posibilidad alguna ya que la organizaci\u00f3n tiene una estructura de direcci\u00f3n muy fuerte.<\/p>\n<\/p>\n<p>Entiende que sobre una supuesta divisi\u00f3n que dicen los adversarios, el Comit\u00e9 Pol\u00edtico que maneja el d\u00eda a d\u00eda, el Comit\u00e9 Central que lo componen 600 miembros, no es verdad que por una lucha interna ese organismo de direcci\u00f3n que es que ratifica las decisiones del Comit\u00e9 Pol\u00edtico permitir\u00e1 que suceda.<\/p>\n<\/p>\n<p>\u00abDos compa\u00f1eros puedan salirse y crear un problema de alto nivel, se le jalar\u00eda la soga a ambos, la lucha y las peleas en el PLD tienen su fecha, se establece la fecha de una convenci\u00f3n, asamblea o reuni\u00f3n del Comit\u00e9 Central y el resultado de esta es lo que se hace y de inmediato se termina la pelea, eso es tradici\u00f3n en la organizaci\u00f3n\u00bb, asegur\u00f3 Fern\u00e1ndez.<\/p>\n<\/p>\n<p>La aparici\u00f3n de Ramfis<\/p>\n<\/p>\n<p>El ex c\u00f3nsul dominicano en Nueva York, es de apreciaci\u00f3n que la aparici\u00f3n en el ruedo pol\u00edtico de Ramfis Dom\u00ednguez Trujillo demuestra la fortaleza de la democracia dominicana, pues ver que un nieto del dictador Rafael Le\u00f3nidas Trujillo est\u00e9 optando por aspirar a la presidencia, cosa que se le va a permitir que desarrolle su activismo pol\u00edtico, es una se\u00f1al clara de que la Rep\u00fablica Dominicana est\u00e1 exhibiendo una fuerte democracia, y que el logre un ascenso y pueda resolver sus asuntos personales, ponerse acorde a lo que exige la Constituci\u00f3n.<\/p>\n<\/p>\n<p>Entiende que para los dominicanos que hacen vida pol\u00edtica en el exterior conviene que aparezca una figura as\u00ed, agresiva, por lo menos que amenace con aspirar a la presidencia, nacido en los Estados Unidos, explicando que la Constituci\u00f3n dominicana le permite por ser hijos de padres dominicanos, ese hecho es algo positivo porque comienza abrir las puertas, ya que, desde la Rep\u00fablica Dominicana ven a los pol\u00edticos residente en el extranjeros como ciudadanos de segunda clase, algo que no es correcto porque son dominicanos con sentimientos, con orgullo patri\u00f3tico y con capacidad para dirigir el pa\u00eds, finaliz\u00f3 diciendo.<\/p>\n<\/p>\n<p>Las declaraciones de Francisco Fern\u00e1ndez fueron ofrecidas durante su comparecencia este lunes al programa \u00abEntre Lideres\u00bb, que produce Jos\u00e9 Alduey Sierra por S\u00faper Canal Caribe  de lunes a viernes a las 3 de la tarde. <\/p>\n<h6> 2017-12-19 11:33:33 <\/h6>\n<p><!--\n<link rel=\"stylesheet\" href=\"css\/bootstrap.min.css\">\n\n\n<ul class=\"pagination\">\n\t    \n\t\n\n<li >\n\t<a href='?page_no=6936'>Previous<\/a>\n\t<\/li>\n\n\n       \n    \n\n<li><a href='?page_no=1'>1<\/a><\/li>\n\n\n\n<li><a href='?page_no=2'>2<\/a><\/li>\n\n\n\n<li><a>...<\/a><\/li>\n\n\n\n<li><a href='?page_no=6935'>6935<\/a><\/li>\n\n\n\n<li><a href='?page_no=6936'>6936<\/a><\/li>\n\n\n\n<li class='active'><a>6937<\/a><\/li>\n\n\n\n<li><a href='?page_no=6938'>6938<\/a><\/li>\n\n\n\n<li><a href='?page_no=6939'>6939<\/a><\/li>\n\n\n\n<li><a>...<\/a><\/li>\n\n\n\n<li><a href='?page_no=36999'>36999<\/a><\/li>\n\n\n\n<li><a href='?page_no=37000'>37000<\/a><\/li>\n\n    \n\t\n\n<li >\n\t<a href='?page_no=6938'>Next<\/a>\n\t<\/li>\n\n\n    \n\n<li><a href='?page_no=37000'>Last &rsaquo;&rsaquo;<\/a><\/li>\n\n<\/ul>\n\n\n--><br \/>\n<\/body><\/p>\n","protected":false},"excerpt":{"rendered":"<p>Por V\u00edctor G\u00f3mez NUEVA YORK.- El dirigente pol\u00edtico peledeista Francisco Fern\u00e1ndez favoreci\u00f3 la aprobaci\u00f3n del padr\u00f3n abierto para las primarias internas de los partidos pol\u00edticos porque contribuye a que el electorado juegue un papel en el orden pol\u00edtico con m\u00e1s responsabilidad, entendiendo que ese modelo contribuir\u00eda a que la poblaci\u00f3n votante se presente el d\u00eda [&hellip;]<\/p>\n","protected":false},"author":3,"featured_media":0,"comment_status":"open","ping_status":"open","sticky":false,"template":"","format":"standard","meta":{"footnotes":""},"categories":[22],"tags":[],"class_list":["post-171652","post","type-post","status-publish","format-standard","hentry","category-politica"],"_links":{"self":[{"href":"https:\/\/diariodominicano.com\/index.php?rest_route=\/wp\/v2\/posts\/171652","targetHints":{"allow":["GET"]}}],"collection":[{"href":"https:\/\/diariodominicano.com\/index.php?rest_route=\/wp\/v2\/posts"}],"about":[{"href":"https:\/\/diariodominicano.com\/index.php?rest_route=\/wp\/v2\/types\/post"}],"author":[{"embeddable":true,"href":"https:\/\/diariodominicano.com\/index.php?rest_route=\/wp\/v2\/users\/3"}],"replies":[{"embeddable":true,"href":"https:\/\/diariodominicano.com\/index.php?rest_route=%2Fwp%2Fv2%2Fcomments&post=171652"}],"version-history":[{"count":0,"href":"https:\/\/diariodominicano.com\/index.php?rest_route=\/wp\/v2\/posts\/171652\/revisions"}],"wp:attachment":[{"href":"https:\/\/diariodominicano.com\/index.php?rest_route=%2Fwp%2Fv2%2Fmedia&parent=171652"}],"wp:term":[{"taxonomy":"category","embeddable":true,"href":"https:\/\/diariodominicano.com\/index.php?rest_route=%2Fwp%2Fv2%2Fcategories&post=171652"},{"taxonomy":"post_tag","embeddable":true,"href":"https:\/\/diariodominicano.com\/index.php?rest_route=%2Fwp%2Fv2%2Ftags&post=171652"}],"curies":[{"name":"wp","href":"https:\/\/api.w.org\/{rel}","templated":true}]}}