{"id":171651,"date":"2017-12-19T11:42:25","date_gmt":"2017-12-19T11:42:25","guid":{"rendered":"http:\/\/diariodominicano.ddns.net\/?p=171651"},"modified":"2017-12-19T11:42:25","modified_gmt":"2017-12-19T11:42:25","slug":"hipolito-mejia-encabezara-este-miercoles-la-vii-investidura-del-instituto-jose-francisco-pena-gomez","status":"publish","type":"post","link":"https:\/\/diariodominicano.com\/?p=171651","title":{"rendered":"Hip\u00f3lito Mej\u00eda encabezar\u00e1 este mi\u00e9rcoles la VII investidura del Instituto Jos\u00e9 Francisco Pe\u00f1a G\u00f3mez"},"content":{"rendered":"<p><body><\/p>\n<p>Hip\u00f3lito Mej\u00eda, el expresidente de la Rep\u00fablica, encabezar\u00e1 este mi\u00e9rcoles 20, el acto de graduaci\u00f3n de 386 alumnos que culminaron los diplomados impartidos durante el a\u00f1o 2017, por el Instituto de Formaci\u00f3n Pol\u00edtica Doctor Jos\u00e9 Francisco Pe\u00f1a G\u00f3mez, el cu\u00e1l preside.<\/p>\n<\/p>\n<p>Mej\u00eda pronunciar\u00e1 el discurso central de la VII investidura del centro educativo   ser\u00e1 celebrado este mi\u00e9rcoles 20 de diciembre, a partir de las 5:00 de la tarde, en los salones del Pabell\u00f3n de la Fama del Deporte Dominicano, sito en el Centro Ol\u00edmpico Juan Pablo Duarte.<\/p>\n<\/p>\n<p>Adem\u00e1s del ex mandatario Mej\u00eda, encabezar\u00e1n dicho acto, el rector de la Universidad Cat\u00f3lica Santo Domingo, reverendo Jes\u00fas Marte, la licenciada Pastora M\u00e9ndez e Yvelisse Prats de P\u00e9rez, Gerente Administrativa y Directora Acad\u00e9mica, respectivamente, y Luisa S\u00e1nchez Coordinadora t\u00e9cnica<\/p>\n<\/p>\n<p>Los graduandos recibir\u00e1n los t\u00edtulos de t\u00e9rminos, avalados por la Universidad Cat\u00f3lica Santo Domingo, de los diplomados en Historia Critica Dominicana, Gerencia Pol\u00edtica y Gesti\u00f3n de Gobierno, Formulaci\u00f3n y Gesti\u00f3n de Proyectos Sociales, Relaciones Internacionales, Pol\u00edticas P\u00fablicas.<\/p>\n<\/p>\n<p>Algunos de estos diplomados se han desarrollado con pr\u00e1cticas de campo, como el de formulaci\u00f3n de proyectos Sociales y pol\u00edticas p\u00fablicas con investigaciones en los temas de tr\u00e1nsito y su impacto en los accidentes, el nivel de la delincuencia en los j\u00f3venes entre 14 y 20 a\u00f1os<\/p>\n<\/p>\n<p>Tambi\u00e9n, el embarazo en adolescentes, Gesti\u00f3n Integral de los Residuos S\u00f3lidos domiciliarios en Santo Domingo Oeste, entre otros.<\/p>\n<\/p>\n<p>El instituto surge de las ideas del ex presidente Hip\u00f3lito Mej\u00eda y Ana Mar\u00eda Acevedo en crear este espacio generador de conocimientos e informaciones a favor de la juventud dominicana, sin distinci\u00f3n de credos pol\u00edticos o de cualquier otra \u00edndole. En sus once a\u00f1os de fundado ha beneficiado a mas de 7 mil personas mediante cursos, diplomados, talleres, etc., sin costo alguno para los participantes<\/p>\n<\/p>\n<p>El instituto doctor Jos\u00e9 Francisco Pe\u00f1a G\u00f3mez, imparte docencia desde mayo del 2005 con la finalidad de promover el debate pluralista sobre los problemas nacionales e internacionales y contribuir, mediante actividades formativas de alto nivel acad\u00e9mico, a una mejor comprensi\u00f3n de la sociedad dominicana y del mundo.<\/p>\n<\/p>\n<p>Tiene ente sus principales prop\u00f3sitos servir de espacio de convocatoria y encuentro de los dominicanos y dominicanas interesados en l ampliaci\u00f3n de la democracia, la ciudadan\u00eda consciente y la equidad social.<\/p>\n<\/p>\n<p>N\u00famero de graduandos por Diplomados.<\/p>\n<\/p>\n<p>A\u00f1o 2017<\/p>\n<\/p>\n<p>Diplomados  Desarrollados<\/p>\n<p>N\u00famero  de participantes<\/p>\n<p>Formulaci\u00f3n y Gesti\u00f3n de Proyectos Sociales<\/p>\n<p>         160<\/p>\n<p>Gerencia Pol\u00edtica y Gesti\u00f3n de Gobierno<\/p>\n<p>          104<\/p>\n<p>Pol\u00edticas Publicas<\/p>\n<p>             89<\/p>\n<p>Historia Cr\u00edtica  Dominicana<\/p>\n<p>             33<\/p>\n<p>Total de graduandos<\/p>\n<h6> 2017-12-19 11:42:25 <\/h6>\n<p><!--\n<link rel=\"stylesheet\" href=\"css\/bootstrap.min.css\">\n\n\n<ul class=\"pagination\">\n\t    \n\t\n\n<li >\n\t<a href='?page_no=6935'>Previous<\/a>\n\t<\/li>\n\n\n       \n    \n\n<li><a href='?page_no=1'>1<\/a><\/li>\n\n\n\n<li><a href='?page_no=2'>2<\/a><\/li>\n\n\n\n<li><a>...<\/a><\/li>\n\n\n\n<li><a href='?page_no=6934'>6934<\/a><\/li>\n\n\n\n<li><a href='?page_no=6935'>6935<\/a><\/li>\n\n\n\n<li class='active'><a>6936<\/a><\/li>\n\n\n\n<li><a href='?page_no=6937'>6937<\/a><\/li>\n\n\n\n<li><a href='?page_no=6938'>6938<\/a><\/li>\n\n\n\n<li><a>...<\/a><\/li>\n\n\n\n<li><a href='?page_no=36999'>36999<\/a><\/li>\n\n\n\n<li><a href='?page_no=37000'>37000<\/a><\/li>\n\n    \n\t\n\n<li >\n\t<a href='?page_no=6937'>Next<\/a>\n\t<\/li>\n\n\n    \n\n<li><a href='?page_no=37000'>Last &rsaquo;&rsaquo;<\/a><\/li>\n\n<\/ul>\n\n\n--><br \/>\n<\/body><\/p>\n","protected":false},"excerpt":{"rendered":"<p>Hip\u00f3lito Mej\u00eda, el expresidente de la Rep\u00fablica, encabezar\u00e1 este mi\u00e9rcoles 20, el acto de graduaci\u00f3n de 386 alumnos que culminaron los diplomados impartidos durante el a\u00f1o 2017, por el Instituto de Formaci\u00f3n Pol\u00edtica Doctor Jos\u00e9 Francisco Pe\u00f1a G\u00f3mez, el cu\u00e1l preside. Mej\u00eda pronunciar\u00e1 el discurso central de la VII investidura del centro educativo ser\u00e1 celebrado [&hellip;]<\/p>\n","protected":false},"author":3,"featured_media":0,"comment_status":"open","ping_status":"open","sticky":false,"template":"","format":"standard","meta":{"footnotes":""},"categories":[22],"tags":[],"class_list":["post-171651","post","type-post","status-publish","format-standard","hentry","category-politica"],"_links":{"self":[{"href":"https:\/\/diariodominicano.com\/index.php?rest_route=\/wp\/v2\/posts\/171651","targetHints":{"allow":["GET"]}}],"collection":[{"href":"https:\/\/diariodominicano.com\/index.php?rest_route=\/wp\/v2\/posts"}],"about":[{"href":"https:\/\/diariodominicano.com\/index.php?rest_route=\/wp\/v2\/types\/post"}],"author":[{"embeddable":true,"href":"https:\/\/diariodominicano.com\/index.php?rest_route=\/wp\/v2\/users\/3"}],"replies":[{"embeddable":true,"href":"https:\/\/diariodominicano.com\/index.php?rest_route=%2Fwp%2Fv2%2Fcomments&post=171651"}],"version-history":[{"count":0,"href":"https:\/\/diariodominicano.com\/index.php?rest_route=\/wp\/v2\/posts\/171651\/revisions"}],"wp:attachment":[{"href":"https:\/\/diariodominicano.com\/index.php?rest_route=%2Fwp%2Fv2%2Fmedia&parent=171651"}],"wp:term":[{"taxonomy":"category","embeddable":true,"href":"https:\/\/diariodominicano.com\/index.php?rest_route=%2Fwp%2Fv2%2Fcategories&post=171651"},{"taxonomy":"post_tag","embeddable":true,"href":"https:\/\/diariodominicano.com\/index.php?rest_route=%2Fwp%2Fv2%2Ftags&post=171651"}],"curies":[{"name":"wp","href":"https:\/\/api.w.org\/{rel}","templated":true}]}}