{"id":171650,"date":"2017-12-19T12:56:58","date_gmt":"2017-12-19T12:56:58","guid":{"rendered":"http:\/\/diariodominicano.ddns.net\/?p=171650"},"modified":"2017-12-19T12:56:58","modified_gmt":"2017-12-19T12:56:58","slug":"dan-a-conocer-avances-en-la-politica-de-primera-infancia","status":"publish","type":"post","link":"https:\/\/diariodominicano.com\/?p=171650","title":{"rendered":"Dan a conocer avances en la Pol\u00edtica de Primera Infancia"},"content":{"rendered":"<p><body><\/p>\n<p><img decoding=\"async\" src=\"img3\/infancia.jpg\" \/>  <\/p>\n<p>La Direcci\u00f3n General de Programas Especiales de la Presidencia (DIGEPEP) en el marco del Plan Nacional de Atenci\u00f3n Integral a la Primera Infancia \u00abQuisqueya Empieza Contigo\u00bb present\u00f3 el informe de avances alcanzados desde los inicios de la pol\u00edtica de la primera infancia en el 2013 hasta el 2017.<\/p>\n<\/p>\n<p>En el informe se detallan los avances que en materia de las 7 l\u00edneas de acci\u00f3n se han ido logrando y c\u00f3mo se ha podido impactar en materia de garant\u00eda de derechos de los ni\u00f1os y ni\u00f1as en Rep\u00fablica Dominicana. La DIGEPEP ha centrado sus esfuerzos en el reordenamiento legal del sector de la primera infancia, el fortalecimiento del modelo de atenci\u00f3n integral, la consolidaci\u00f3n institucional del INAIPI y la coordinaci\u00f3n con las instituciones de la Comisi\u00f3n Presidencial de la Primera Infancia.<\/p>\n<\/p>\n<p>En el informe se dieron a conocer los logros en cuanto a la ampliaci\u00f3n de cobertura de servicios de atenci\u00f3n integral y educaci\u00f3n inicial, donde ya 91% de los ni\u00f1as y ni\u00f1as con atenci\u00f3n integral son atendidos por el INAIPI, adem\u00e1s se ha alcanzado un total de 283,808 ni\u00f1os y ni\u00f1as entre 0 y 5 a\u00f1os. Asimismo, unos 35,365 ni\u00f1os, ni\u00f1as y sus familias han sido incorporados al Seguro Nacional de Salud (SENASA) por medio del INAIPI y la AEISS.<\/p>\n<\/p>\n<p>La DIGEPEP, en un esfuerzo conjunto con la Comisi\u00f3n Nacional de Lactancia Materna y el Ministerio de Salud P\u00fablica ha impulsado, a trav\u00e9s de firmas de convenios con diferentes instituciones del \u00e1mbito p\u00fablico y privado, la instalaci\u00f3n de un total de 14 Salas Amigas de las Familias Lactantes al 2017.<\/p>\n<\/p>\n<p>Un gran desaf\u00edo identificado ha sido el de fortalecer el registro de nacimiento oportuno en las delegaciones de la Junta Central Electoral de los hospitales maternos infantiles.  Es por esto que ya en los hospitales seleccionados se registran un 67% de los nacimientos de forma oportuna.<\/p>\n<\/p>\n<p>El gobierno a trav\u00e9s del Despacho de la Primera Dama, ha puesto en funcionamiento los Centros de Atenci\u00f3n Integral a la Discapacidad (CAID), ofreciendo servicios especializados no contemplados anteriormente desde el \u00e1mbito p\u00fablico. El n\u00famero de casos atendidos de ni\u00f1os y ni\u00f1as por los CAID es de 41,591 lo que se constituye en una respuesta nodal frente a la tradicional ausencia de respuesta por parte del sector p\u00fablico en esta materia.<\/p>\n<\/p>\n<p>Finalmente los avances en el \u00e1rea del fortalecimiento de la institucionalidad se destaca: la formulaci\u00f3n y entrega al poder ejecutivo del anteproyecto de Ley de Ordenamiento y Coordinaci\u00f3n Intersectorial para la Atenci\u00f3n y el Desarrollo Integral de la Primera Infancia.<\/p>\n<h6> 2017-12-19 12:56:58 <\/h6>\n<p><!--\n<link rel=\"stylesheet\" href=\"css\/bootstrap.min.css\">\n\n\n<ul class=\"pagination\">\n\t    \n\t\n\n<li >\n\t<a href='?page_no=6934'>Previous<\/a>\n\t<\/li>\n\n\n       \n    \n\n<li><a href='?page_no=1'>1<\/a><\/li>\n\n\n\n<li><a href='?page_no=2'>2<\/a><\/li>\n\n\n\n<li><a>...<\/a><\/li>\n\n\n\n<li><a href='?page_no=6933'>6933<\/a><\/li>\n\n\n\n<li><a href='?page_no=6934'>6934<\/a><\/li>\n\n\n\n<li class='active'><a>6935<\/a><\/li>\n\n\n\n<li><a href='?page_no=6936'>6936<\/a><\/li>\n\n\n\n<li><a href='?page_no=6937'>6937<\/a><\/li>\n\n\n\n<li><a>...<\/a><\/li>\n\n\n\n<li><a href='?page_no=36999'>36999<\/a><\/li>\n\n\n\n<li><a href='?page_no=37000'>37000<\/a><\/li>\n\n    \n\t\n\n<li >\n\t<a href='?page_no=6936'>Next<\/a>\n\t<\/li>\n\n\n    \n\n<li><a href='?page_no=37000'>Last &rsaquo;&rsaquo;<\/a><\/li>\n\n<\/ul>\n\n\n--><br \/>\n<\/body><\/p>\n","protected":false},"excerpt":{"rendered":"<p>La Direcci\u00f3n General de Programas Especiales de la Presidencia (DIGEPEP) en el marco del Plan Nacional de Atenci\u00f3n Integral a la Primera Infancia \u00abQuisqueya Empieza Contigo\u00bb present\u00f3 el informe de avances alcanzados desde los inicios de la pol\u00edtica de la primera infancia en el 2013 hasta el 2017. En el informe se detallan los avances [&hellip;]<\/p>\n","protected":false},"author":3,"featured_media":0,"comment_status":"open","ping_status":"open","sticky":false,"template":"","format":"standard","meta":{"footnotes":""},"categories":[22],"tags":[],"class_list":["post-171650","post","type-post","status-publish","format-standard","hentry","category-politica"],"_links":{"self":[{"href":"https:\/\/diariodominicano.com\/index.php?rest_route=\/wp\/v2\/posts\/171650","targetHints":{"allow":["GET"]}}],"collection":[{"href":"https:\/\/diariodominicano.com\/index.php?rest_route=\/wp\/v2\/posts"}],"about":[{"href":"https:\/\/diariodominicano.com\/index.php?rest_route=\/wp\/v2\/types\/post"}],"author":[{"embeddable":true,"href":"https:\/\/diariodominicano.com\/index.php?rest_route=\/wp\/v2\/users\/3"}],"replies":[{"embeddable":true,"href":"https:\/\/diariodominicano.com\/index.php?rest_route=%2Fwp%2Fv2%2Fcomments&post=171650"}],"version-history":[{"count":0,"href":"https:\/\/diariodominicano.com\/index.php?rest_route=\/wp\/v2\/posts\/171650\/revisions"}],"wp:attachment":[{"href":"https:\/\/diariodominicano.com\/index.php?rest_route=%2Fwp%2Fv2%2Fmedia&parent=171650"}],"wp:term":[{"taxonomy":"category","embeddable":true,"href":"https:\/\/diariodominicano.com\/index.php?rest_route=%2Fwp%2Fv2%2Fcategories&post=171650"},{"taxonomy":"post_tag","embeddable":true,"href":"https:\/\/diariodominicano.com\/index.php?rest_route=%2Fwp%2Fv2%2Ftags&post=171650"}],"curies":[{"name":"wp","href":"https:\/\/api.w.org\/{rel}","templated":true}]}}