{"id":171649,"date":"2017-12-19T13:02:03","date_gmt":"2017-12-19T13:02:03","guid":{"rendered":"http:\/\/diariodominicano.ddns.net\/?p=171649"},"modified":"2017-12-19T13:02:03","modified_gmt":"2017-12-19T13:02:03","slug":"radhames-segura-preve-pronto-conocimiento-y-aprobacion-proyecto-ley-de-partidos","status":"publish","type":"post","link":"https:\/\/diariodominicano.com\/?p=171649","title":{"rendered":"Radham\u00e9s Segura prev\u00e9 pronto conocimiento y aprobaci\u00f3n proyecto Ley de Partidos"},"content":{"rendered":"<p><body><\/p>\n<p><img decoding=\"async\" src=\"img3\/seguras.jpg\" \/>  <\/p>\n<p>Radham\u00e9s Segura, miembro del Comit\u00e9 Pol\u00edtico del Partido de la Liberaci\u00f3n Dominicana (PLD), se\u00f1ala que en un tiempo cercano quedar\u00e1 aprobado el proyecto de  Ley de Partidos, Agrupaciones y Movimiento  Pol\u00edticos  y que su organizaci\u00f3n se pondr\u00e1 de acuerdo sobre temas de visiones diferentes, como es desarrollo de las primerias.<\/p>\n<\/p>\n<p>Segura valor\u00f3 la conformaci\u00f3n de la comisi\u00f3n de expertos juristas  quienes  dir\u00e1n a la direcci\u00f3n de dicha organizaci\u00f3n  si es  o no constitucional celebrar primarias simultaneas con el padr\u00f3n de la Junta Central Electoral.<\/p>\n<\/p>\n<p>\u00abEsa comisi\u00f3n de jurista es la que va a edificar a la direcci\u00f3n del partido en todo eso\u00bb, indic\u00f3 Segura entrevistado en el programa Zol de la ma\u00f1ana y rese\u00f1ado por el PLD en un parte a la prensa.<\/p>\n<\/p>\n<p>Una nota de prensa en ese sentido de la Secretar\u00eda de Comunicaciones del PLD, cita al dirigente cuando se\u00f1ala que una \u00abComisi\u00f3n de juristas puede edificar a un partido pol\u00edtico en un aspecto determinado\u00bb, aclar\u00f3<\/p>\n<\/p>\n<p>Radhames Segura insisti\u00f3 que el PLD y su Comit\u00e9 Pol\u00edtico se pondr\u00e1 de acuerdo  en el sentido de que hay diferentes versiones<\/p>\n<\/p>\n<p>En cuanto a su encartamiento al caso Odebrecht,  Radham\u00e9s Segura dijo que es respetuoso de la Justicia y espera que en enero se termine con el proceso, consciente de que no ha incurrido en  il\u00edcito alguno<\/p>\n<h6> 2017-12-19 13:02:03 <\/h6>\n<p><!--\n<link rel=\"stylesheet\" href=\"css\/bootstrap.min.css\">\n\n\n<ul class=\"pagination\">\n\t    \n\t\n\n<li >\n\t<a href='?page_no=6933'>Previous<\/a>\n\t<\/li>\n\n\n       \n    \n\n<li><a href='?page_no=1'>1<\/a><\/li>\n\n\n\n<li><a href='?page_no=2'>2<\/a><\/li>\n\n\n\n<li><a>...<\/a><\/li>\n\n\n\n<li><a href='?page_no=6932'>6932<\/a><\/li>\n\n\n\n<li><a href='?page_no=6933'>6933<\/a><\/li>\n\n\n\n<li class='active'><a>6934<\/a><\/li>\n\n\n\n<li><a href='?page_no=6935'>6935<\/a><\/li>\n\n\n\n<li><a href='?page_no=6936'>6936<\/a><\/li>\n\n\n\n<li><a>...<\/a><\/li>\n\n\n\n<li><a href='?page_no=36999'>36999<\/a><\/li>\n\n\n\n<li><a href='?page_no=37000'>37000<\/a><\/li>\n\n    \n\t\n\n<li >\n\t<a href='?page_no=6935'>Next<\/a>\n\t<\/li>\n\n\n    \n\n<li><a href='?page_no=37000'>Last &rsaquo;&rsaquo;<\/a><\/li>\n\n<\/ul>\n\n\n--><br \/>\n<\/body><\/p>\n","protected":false},"excerpt":{"rendered":"<p>Radham\u00e9s Segura, miembro del Comit\u00e9 Pol\u00edtico del Partido de la Liberaci\u00f3n Dominicana (PLD), se\u00f1ala que en un tiempo cercano quedar\u00e1 aprobado el proyecto de Ley de Partidos, Agrupaciones y Movimiento Pol\u00edticos y que su organizaci\u00f3n se pondr\u00e1 de acuerdo sobre temas de visiones diferentes, como es desarrollo de las primerias. Segura valor\u00f3 la conformaci\u00f3n de [&hellip;]<\/p>\n","protected":false},"author":3,"featured_media":0,"comment_status":"open","ping_status":"open","sticky":false,"template":"","format":"standard","meta":{"footnotes":""},"categories":[22],"tags":[],"class_list":["post-171649","post","type-post","status-publish","format-standard","hentry","category-politica"],"_links":{"self":[{"href":"https:\/\/diariodominicano.com\/index.php?rest_route=\/wp\/v2\/posts\/171649","targetHints":{"allow":["GET"]}}],"collection":[{"href":"https:\/\/diariodominicano.com\/index.php?rest_route=\/wp\/v2\/posts"}],"about":[{"href":"https:\/\/diariodominicano.com\/index.php?rest_route=\/wp\/v2\/types\/post"}],"author":[{"embeddable":true,"href":"https:\/\/diariodominicano.com\/index.php?rest_route=\/wp\/v2\/users\/3"}],"replies":[{"embeddable":true,"href":"https:\/\/diariodominicano.com\/index.php?rest_route=%2Fwp%2Fv2%2Fcomments&post=171649"}],"version-history":[{"count":0,"href":"https:\/\/diariodominicano.com\/index.php?rest_route=\/wp\/v2\/posts\/171649\/revisions"}],"wp:attachment":[{"href":"https:\/\/diariodominicano.com\/index.php?rest_route=%2Fwp%2Fv2%2Fmedia&parent=171649"}],"wp:term":[{"taxonomy":"category","embeddable":true,"href":"https:\/\/diariodominicano.com\/index.php?rest_route=%2Fwp%2Fv2%2Fcategories&post=171649"},{"taxonomy":"post_tag","embeddable":true,"href":"https:\/\/diariodominicano.com\/index.php?rest_route=%2Fwp%2Fv2%2Ftags&post=171649"}],"curies":[{"name":"wp","href":"https:\/\/api.w.org\/{rel}","templated":true}]}}