{"id":171648,"date":"2017-12-19T13:06:33","date_gmt":"2017-12-19T13:06:33","guid":{"rendered":"http:\/\/diariodominicano.ddns.net\/?p=171648"},"modified":"2017-12-19T13:06:33","modified_gmt":"2017-12-19T13:06:33","slug":"senado-reconoce-a-pepin-corripio-en-el-centenario-de-la-llegada-de-su-familia-a-la-republica-dominicana","status":"publish","type":"post","link":"https:\/\/diariodominicano.com\/?p=171648","title":{"rendered":"Senado reconoce a Pep\u00edn Corripio en el centenario de la llegada de su familia a la Rep\u00fablica Dominicana"},"content":{"rendered":"<p><body><\/p>\n<p><img decoding=\"async\" src=\"img3\/senadreco.jpg\" \/>  <\/p>\n<p>Santo Domingo.- El  presidente del Senado, Reinaldo  Pared P\u00e9rez, acompa\u00f1ado de una comisi\u00f3n de senadores,  entreg\u00f3 este martes un certificado de reconociendo al presidente del grupo Corripio, Jos\u00e9 Luis Corripio Estrada (Pep\u00edn), por sus  invaluables aportes al pa\u00eds.<\/p>\n<\/p>\n<p>Mediante resoluci\u00f3n,  la C\u00e1mara Alta, felicit\u00f3 al empresario por el centenario de la llegada de la familia Corripio a la Rep\u00fablica Dominicana y reconoci\u00f3 la labor que ha venido desarrollando a trav\u00e9s de estos cien a\u00f1os en favor del crecimiento y estabilidad de la econom\u00eda nacional y  la promoci\u00f3n del respeto y justo aprecio de los valores representativos de la cultura nacional.<\/p>\n<\/p>\n<p>Al pronunciar las palabras centrales, el presidente del Senado Reinaldo Pared P\u00e9rez,  destac\u00f3 los aportes Pep\u00edn Corripio a la democracia dominicana.<\/p>\n<\/p>\n<p>\u00abHa mediado como ustedes no se imaginan en situaciones muy excepcionales y de crisis pol\u00edticas presentadas en la Rep\u00fablica Dominicana, ha sido un gran mediador  en diversos escenarios, en diferentes planos??, dijo Pared P\u00e9rez.<\/p>\n<\/p>\n<p>El empresario  Jos\u00e9 Luis Corripio Estrada,  al recibir el reconocimiento indic\u00f3 que lo hac\u00eda en nombre de su familia,   y agradeci\u00f3 al pueblo dominicano por su laboriosidad, nobleza, y acogida.<\/p>\n<\/p>\n<p>\u00abEl compromiso es seguir trabajando, seguir contribuyendo, con lo que uno pueda hacer para la Republica Dominicana, el mejor pa\u00eds del mundo,  habitada por la mejor gente del mundo\u00bb, Resalt\u00f3 el empresario.<\/p>\n<\/p>\n<p>En uno de sus considerando, la resoluci\u00f3n aprobada por el Pleno de Senadores, establece que la labor empresarial, que ha venido desarrollando el grupo Corripio a trav\u00e9s de sus m\u00faltiples empresas, orientadas a la eficacia, fortalecimiento de las comunidades, y el respeto a los derechos humanos y al medio ambiente; constituyen una inyecci\u00f3n importante al dinamismo econ\u00f3mico y social del pa\u00eds, convirti\u00e9ndose en pilar de la econom\u00eda nacional, a la vez que contribuye  con el establecimiento de una sociedad m\u00e1s justa y un futuro m\u00e1s promisorio para las nuevas generaciones.<\/p>\n<\/p>\n<p>La iniciativa es de la autor\u00eda del senador de la provincia La Altagracia, Amable Aristy Castro. <\/p>\n<\/p>\n<p>La familia Corripio lleg\u00f3 a la Rep\u00fablica Dominicana a principios del siglo pasado y en 1930, Don Manuel Corripio Garc\u00eda, funda la primera empresa del Grupo Corripio.<\/p>\n<\/p>\n<p>Con el advenimiento de la democracia en Rep\u00fablica Dominicana a mediados de los 60, se acelera una etapa de crecimiento que el Grupo Corripio aprovecha, siempre bajo los mismos valores con los que fue formado: trabajo incansable, fe en el pa\u00eds, honrar los compromisos sin importar las conveniencias.<\/p>\n<\/p>\n<p>En la actualidad el Grupo Corripio es propietarios de importantes medios de comunicaci\u00f3n, como peri\u00f3dicos de circulaci\u00f3n nacional, canales de televisi\u00f3n y emisoras de radios.<\/p>\n<\/p>\n<p>Tambi\u00e9n posee  una importante cadena de establecimientos comerciales diseminados en todo el territorio nacional.<\/p>\n<h6> 2017-12-19 13:06:33 <\/h6>\n<p><!--\n<link rel=\"stylesheet\" href=\"css\/bootstrap.min.css\">\n\n\n<ul class=\"pagination\">\n\t    \n\t\n\n<li >\n\t<a href='?page_no=6932'>Previous<\/a>\n\t<\/li>\n\n\n       \n    \n\n<li><a href='?page_no=1'>1<\/a><\/li>\n\n\n\n<li><a href='?page_no=2'>2<\/a><\/li>\n\n\n\n<li><a>...<\/a><\/li>\n\n\n\n<li><a href='?page_no=6931'>6931<\/a><\/li>\n\n\n\n<li><a href='?page_no=6932'>6932<\/a><\/li>\n\n\n\n<li class='active'><a>6933<\/a><\/li>\n\n\n\n<li><a href='?page_no=6934'>6934<\/a><\/li>\n\n\n\n<li><a href='?page_no=6935'>6935<\/a><\/li>\n\n\n\n<li><a>...<\/a><\/li>\n\n\n\n<li><a href='?page_no=36999'>36999<\/a><\/li>\n\n\n\n<li><a href='?page_no=37000'>37000<\/a><\/li>\n\n    \n\t\n\n<li >\n\t<a href='?page_no=6934'>Next<\/a>\n\t<\/li>\n\n\n    \n\n<li><a href='?page_no=37000'>Last &rsaquo;&rsaquo;<\/a><\/li>\n\n<\/ul>\n\n\n--><br \/>\n<\/body><\/p>\n","protected":false},"excerpt":{"rendered":"<p>Santo Domingo.- El presidente del Senado, Reinaldo Pared P\u00e9rez, acompa\u00f1ado de una comisi\u00f3n de senadores, entreg\u00f3 este martes un certificado de reconociendo al presidente del grupo Corripio, Jos\u00e9 Luis Corripio Estrada (Pep\u00edn), por sus invaluables aportes al pa\u00eds. Mediante resoluci\u00f3n, la C\u00e1mara Alta, felicit\u00f3 al empresario por el centenario de la llegada de la familia [&hellip;]<\/p>\n","protected":false},"author":3,"featured_media":0,"comment_status":"open","ping_status":"open","sticky":false,"template":"","format":"standard","meta":{"footnotes":""},"categories":[22],"tags":[],"class_list":["post-171648","post","type-post","status-publish","format-standard","hentry","category-politica"],"_links":{"self":[{"href":"https:\/\/diariodominicano.com\/index.php?rest_route=\/wp\/v2\/posts\/171648","targetHints":{"allow":["GET"]}}],"collection":[{"href":"https:\/\/diariodominicano.com\/index.php?rest_route=\/wp\/v2\/posts"}],"about":[{"href":"https:\/\/diariodominicano.com\/index.php?rest_route=\/wp\/v2\/types\/post"}],"author":[{"embeddable":true,"href":"https:\/\/diariodominicano.com\/index.php?rest_route=\/wp\/v2\/users\/3"}],"replies":[{"embeddable":true,"href":"https:\/\/diariodominicano.com\/index.php?rest_route=%2Fwp%2Fv2%2Fcomments&post=171648"}],"version-history":[{"count":0,"href":"https:\/\/diariodominicano.com\/index.php?rest_route=\/wp\/v2\/posts\/171648\/revisions"}],"wp:attachment":[{"href":"https:\/\/diariodominicano.com\/index.php?rest_route=%2Fwp%2Fv2%2Fmedia&parent=171648"}],"wp:term":[{"taxonomy":"category","embeddable":true,"href":"https:\/\/diariodominicano.com\/index.php?rest_route=%2Fwp%2Fv2%2Fcategories&post=171648"},{"taxonomy":"post_tag","embeddable":true,"href":"https:\/\/diariodominicano.com\/index.php?rest_route=%2Fwp%2Fv2%2Ftags&post=171648"}],"curies":[{"name":"wp","href":"https:\/\/api.w.org\/{rel}","templated":true}]}}