{"id":171647,"date":"2017-12-19T13:28:01","date_gmt":"2017-12-19T13:28:01","guid":{"rendered":"http:\/\/diariodominicano.ddns.net\/?p=171647"},"modified":"2017-12-19T13:28:01","modified_gmt":"2017-12-19T13:28:01","slug":"ventura-camejo-ustedes-son-los-heroes-del-sector-publico-dominicano-que-cada-dia-legitiman-nuestra-administracion-publica","status":"publish","type":"post","link":"https:\/\/diariodominicano.com\/?p=171647","title":{"rendered":"Ventura Camejo: \u00abUstedes son los h\u00e9roes del sector p\u00fablico dominicano que cada d\u00eda legitiman nuestra Administraci\u00f3n P\u00fablica\u00bb"},"content":{"rendered":"<p><body><\/p>\n<p><img decoding=\"async\" src=\"img3\/map111.jpg\" \/>  <\/p>\n<p>Expres\u00f3 el ministro Ram\u00f3n Ventura Camejo al referirse a 257 servidores p\u00fablicos pertenecientes al Sistema de Carrera Administrativa que fueron reconocidos por el Gobierno dominicano, a trav\u00e9s del Ministerio de Administraci\u00f3n  P\u00fablica (MAP)<\/p>\n<\/p>\n<p>SANTO DOMINGO. \u00abUstedes representan la garant\u00eda de un buen servicio p\u00fablico a los ciudadanos, ustedes son los h\u00e9roes del sector p\u00fablico dominicano, que cada d\u00eda legitiman nuestra Administraci\u00f3n P\u00fablica\u00bb, manifest\u00f3 el titular del Ministerio de Administraci\u00f3n P\u00fablica (MAP), licenciado Ram\u00f3n Ventura Camejo, al intervenir en un acto celebrado en la ma\u00f1ana de ese martes, en el cual fueron reconocidos 257 servidores p\u00fablicos pertenecientes al Sistema de Carrera Administrativa.<\/p>\n<\/p>\n<p>Los 257 servidores p\u00fablicos homenajeados laboran en 91 instituciones, Consejos y Direcciones Nacionales y Generales, entre los que se encuentran los Ministerios de Salud P\u00fablica, Educaci\u00f3n, Energ\u00eda y Minas, Relaciones Exteriores, la Presidencia, as\u00ed como tambi\u00e9n la Procuradur\u00eda General de la Rep\u00fablica y la Contralor\u00eda General de la Rep\u00fablica, y fueron seleccionados por sus respectivas instituciones en virtud de su trayectoria profesional, su desempe\u00f1o y el ejemplo que representan ante sus colectivos laborales.<\/p>\n<\/p>\n<p>El ministro destac\u00f3 que esta ceremonia da inicio a un conjunto de actividades relativas al d\u00e9cimo aniversario de la Ley 41-08 de Funci\u00f3n P\u00fablica, cuya aprobaci\u00f3n signific\u00f3 un hito en el funcionamiento del Estado dominicano, \u00abque es fundamental y muy abarcadora\u00bb.<\/p>\n<\/p>\n<p>Seg\u00fan el funcionario, la Ley 41-08, junto a la Ley Org\u00e1nica de la Administraci\u00f3n P\u00fablica No. 247-12, han servido de base para configurar el Derecho Administrativo en la Rep\u00fablica Dominicana, no solo por los aspectos sustantivos, sino tambi\u00e9n por los aspectos de procedimientos\u00bb.<\/p>\n<\/p>\n<p>Acerca de la importancia del Sistema de Carrera, Ventura Camejo se\u00f1al\u00f3 que estos empleados \u00abse distinguen del resto porque tienen conciencia social y est\u00e1n muy al d\u00eda de sus responsabilidades con respecto a la sociedad dominicana\u00bb.<\/p>\n<\/p>\n<p>Asimismo, al dar inicio a la ceremonia de homenaje, la directora del Sistema de Carrera del MAP, licenciada Alexandra Olivo, resalt\u00f3 que el \u00abInter\u00e9s, disposici\u00f3n, el esfuerzo y la actitud ante el trabajo\u00bb son los rasgos comunes de estos 257 servidores p\u00fablicos, de 91 instituciones, que est\u00e1n integrados a los diferentes puestos de carrera, un sistema que fue instituido por la Ley 41-08 de Funci\u00f3n P\u00fablica, y al cual pertenecen actualmente unos 60 mil empleados del sector p\u00fablico dominicano\u00bb.<\/p>\n<\/p>\n<p>Al respecto, Alexandra Olivo tambi\u00e9n explic\u00f3 que \u00abla Carrera Administrativa es un sistema de gesti\u00f3n de recursos humanos, en el cual subyacen una serie de principios, como la estabilidad laboral, la igualdad en el acceso a los puestos p\u00fablicos, la transparencia y el trato digno, porque las personas son fundamentales para mejorar la contribuci\u00f3n de las instituciones p\u00fablicas al desarrollo econ\u00f3mico, social y cultural de nuestro pa\u00eds\u00bb.<\/p>\n<\/p>\n<p>En representaci\u00f3n de los servidores homenajeados, hicieron uso de la palabra para agradecer el reconocimiento, la licenciada Wendy Y. Camilo, del Ministerio de Educaci\u00f3n y el arquitecto Rafael P\u00e9rez, director de Planificaci\u00f3n del MAP.<\/p>\n<\/p>\n<h6> 2017-12-19 13:28:01 <\/h6>\n<p><!--\n<link rel=\"stylesheet\" href=\"css\/bootstrap.min.css\">\n\n\n<ul class=\"pagination\">\n\t    \n\t\n\n<li >\n\t<a href='?page_no=6931'>Previous<\/a>\n\t<\/li>\n\n\n       \n    \n\n<li><a href='?page_no=1'>1<\/a><\/li>\n\n\n\n<li><a href='?page_no=2'>2<\/a><\/li>\n\n\n\n<li><a>...<\/a><\/li>\n\n\n\n<li><a href='?page_no=6930'>6930<\/a><\/li>\n\n\n\n<li><a href='?page_no=6931'>6931<\/a><\/li>\n\n\n\n<li class='active'><a>6932<\/a><\/li>\n\n\n\n<li><a href='?page_no=6933'>6933<\/a><\/li>\n\n\n\n<li><a href='?page_no=6934'>6934<\/a><\/li>\n\n\n\n<li><a>...<\/a><\/li>\n\n\n\n<li><a href='?page_no=36999'>36999<\/a><\/li>\n\n\n\n<li><a href='?page_no=37000'>37000<\/a><\/li>\n\n    \n\t\n\n<li >\n\t<a href='?page_no=6933'>Next<\/a>\n\t<\/li>\n\n\n    \n\n<li><a href='?page_no=37000'>Last &rsaquo;&rsaquo;<\/a><\/li>\n\n<\/ul>\n\n\n--><br \/>\n<\/body><\/p>\n","protected":false},"excerpt":{"rendered":"<p>Expres\u00f3 el ministro Ram\u00f3n Ventura Camejo al referirse a 257 servidores p\u00fablicos pertenecientes al Sistema de Carrera Administrativa que fueron reconocidos por el Gobierno dominicano, a trav\u00e9s del Ministerio de Administraci\u00f3n P\u00fablica (MAP) SANTO DOMINGO. \u00abUstedes representan la garant\u00eda de un buen servicio p\u00fablico a los ciudadanos, ustedes son los h\u00e9roes del sector p\u00fablico dominicano, [&hellip;]<\/p>\n","protected":false},"author":3,"featured_media":0,"comment_status":"open","ping_status":"open","sticky":false,"template":"","format":"standard","meta":{"footnotes":""},"categories":[22],"tags":[],"class_list":["post-171647","post","type-post","status-publish","format-standard","hentry","category-politica"],"_links":{"self":[{"href":"https:\/\/diariodominicano.com\/index.php?rest_route=\/wp\/v2\/posts\/171647","targetHints":{"allow":["GET"]}}],"collection":[{"href":"https:\/\/diariodominicano.com\/index.php?rest_route=\/wp\/v2\/posts"}],"about":[{"href":"https:\/\/diariodominicano.com\/index.php?rest_route=\/wp\/v2\/types\/post"}],"author":[{"embeddable":true,"href":"https:\/\/diariodominicano.com\/index.php?rest_route=\/wp\/v2\/users\/3"}],"replies":[{"embeddable":true,"href":"https:\/\/diariodominicano.com\/index.php?rest_route=%2Fwp%2Fv2%2Fcomments&post=171647"}],"version-history":[{"count":0,"href":"https:\/\/diariodominicano.com\/index.php?rest_route=\/wp\/v2\/posts\/171647\/revisions"}],"wp:attachment":[{"href":"https:\/\/diariodominicano.com\/index.php?rest_route=%2Fwp%2Fv2%2Fmedia&parent=171647"}],"wp:term":[{"taxonomy":"category","embeddable":true,"href":"https:\/\/diariodominicano.com\/index.php?rest_route=%2Fwp%2Fv2%2Fcategories&post=171647"},{"taxonomy":"post_tag","embeddable":true,"href":"https:\/\/diariodominicano.com\/index.php?rest_route=%2Fwp%2Fv2%2Ftags&post=171647"}],"curies":[{"name":"wp","href":"https:\/\/api.w.org\/{rel}","templated":true}]}}