{"id":171646,"date":"2017-12-19T16:05:03","date_gmt":"2017-12-19T16:05:03","guid":{"rendered":"http:\/\/diariodominicano.ddns.net\/?p=171646"},"modified":"2017-12-19T16:05:03","modified_gmt":"2017-12-19T16:05:03","slug":"prm-dejo-abierto-proceso-de-inscripcion-de-candidaturas-para-convencion-de-dirigentes","status":"publish","type":"post","link":"https:\/\/diariodominicano.com\/?p=171646","title":{"rendered":"&#13;PRM dej\u00f3 abierto proceso de inscripci\u00f3n de candidaturas para Convenci\u00f3n de Dirigentes"},"content":{"rendered":"<p><body><\/p>\n<p><img decoding=\"async\" src=\"img3\/IMG_20171219_163453.jpg\" \/>  <\/p>\n<\/p>\n<p><strong> <\/strong><\/p>\n<p><strong> <\/strong><\/p>\n<p><strong><span class=\"text1noticias\">SANTO DOMINGO, RD, 19 de diciembre de 2017.-<\/span><\/strong><span class=\"text1noticias\"> La Comisi\u00f3n Nacional Organizadora (CNO) de la XVIII Convenci\u00f3n Nacional Ordinaria, Claudio Caama\u00f1o Grull\u00f3n, del Partido Revolucionario Moderno (PRM) dej\u00f3 abierto el proceso de inscripci\u00f3n de candidaturas para cargos de direcci\u00f3n partidaria, para la Convenci\u00f3n que celebrar\u00e1 dicha organizaci\u00f3n el pr\u00f3ximo 18 de febrero del 2017.<\/span><\/p>\n<\/p>\n<p><span class=\"text1noticias\">El organismo que organiza dicha convenci\u00f3n invit\u00f3 a la vez todos sus miembros y militantes inscritos en su padr\u00f3n, que aspiran a dirigir la organizaci\u00f3n en sus diferentes organismos de direcci\u00f3n a presentar candidaturas, a los miles de posiciones, en los m\u00e1s de 1,150 organismos, que elegir\u00e1n por voto directo, universal y democr\u00e1tico sus direcciones.<\/span><\/p>\n<\/p>\n<p><span class=\"text1noticias\">En rueda de prensa celebrada este martes en su local nacional, Tony Raful Presidente de la Comisi\u00f3n dio que el partido estar\u00e1 eligiendo por voto directo, de toda su militancia inscrita en el Padr\u00f3n: el presidente nacional y 21 vicepresidentes; el Secretario General y 21 Subsecretarios.<\/span><\/p>\n<\/p>\n<p><span class=\"text1noticias\">Explic\u00f3 que \u00abEn los 158 municipios y 234 distritos municipales del pa\u00eds, se elegir\u00e1 por voto directo de la militancia inscrita en los padrones correspondientes a los municipios y a los distritos, un Presidente y 5 vicepresidentes en los municipios y distritos zonificados y 3 vicepresidentes en los municipios y distritos no zonificados. Tambi\u00e9n se elegir\u00e1 un Secretario General y 5 subsecretarios generales en los municipios y distritos zonificados y 3 subsecretarios en los municipios y distritos no zonificados\u00bb.<\/span><\/p>\n<\/p>\n<p><span class=\"text1noticias\">Dijo que igualmente, se elegir\u00e1 un presidente y dos vicepresidentes; un Secretario General y dos subsecretarios generales en todas las zonas y seccionales del exterior.<\/span><\/p>\n<\/p>\n<p><span class=\"text1noticias\"> <\/span><\/p>\n<\/p>\n<p><span class=\"text1noticias\">El programa de inscripciones de candidaturas presentado es como sigue.<\/span><\/p>\n<\/p>\n<p><span class=\"text1noticias\">Apertura de Inscripciones: 18 de diciembre, 2017; de 9 A.M. a 5 P.M. y el cierre de Inscripciones ser\u00e1 el 10 de enero, 2018 a la 6 P.M.<\/span><\/p>\n<\/p>\n<p><span class=\"text1noticias\">Lugares de Inscripciones:<\/span><\/p>\n<\/p>\n<p><span class=\"text1noticias\"> Candidaturas Nacionales; Casa Nacional PRM<\/span><\/p>\n<\/p>\n<p><span class=\"text1noticias\">Candidaturas Locales; locales del Partido y\/o locales designados para estos fines, por las   Comisiones Locales Organizadoras (CLO?s).<\/span><\/p>\n<\/p>\n<p><span class=\"text1noticias\">Per\u00edodo de Campa\u00f1a:    8 de enero de 2018 hasta 16 de febrero de 2018.<\/span><\/p>\n<\/p>\n<p><span class=\"text1noticias\">Requisitos para ser Candidato(a)<\/span><\/p>\n<\/p>\n<p><span class=\"text1noticias\">1.            Estar inscrito en el PRM;<\/span><\/p>\n<\/p>\n<p><span class=\"text1noticias\">2.            Ser una persona reconocida por su probada honestidad, moralidad, capacidad de trabajo y lealtad al Partido;<\/span><\/p>\n<\/p>\n<p><span class=\"text1noticias\">3.            Ser elector del organismo territorial al que se aspira;<\/span><\/p>\n<\/p>\n<p><span class=\"text1noticias\">4.            Ser avalado por un organismo del partido, o en su defecto, ser avalado al menos, por cinco (5) miembros dirigentes del organismo a que se aspira;<\/span><\/p>\n<\/p>\n<p><span class=\"text1noticias\">5.            Llenar la solicitud de inscripci\u00f3n preparada para tales fines por la C.N.O;<\/span><\/p>\n<\/p>\n<p><span class=\"text1noticias\">6.            Estar dispuesto y aceptar integrar una lista para las candidaturas plurinominales, en los casos que corresponda;<\/span><\/p>\n<\/p>\n<p><span class=\"text1noticias\">7.            Estar provisto de los Estatutos del Partido de manera f\u00edsica o electr\u00f3nica;<\/span><\/p>\n<\/p>\n<p><span class=\"text1noticias\">8.            No estar condenado por delitos que conlleven la p\u00e9rdida de los derechos pol\u00edticos y ciudadanos, en especial delitos relacionados con el narcotr\u00e1fico;<\/span><\/p>\n<\/p>\n<p><span class=\"text1noticias\">9.            Cumplir con los requerimientos de la Ley Electoral, los Estatutos del Partido y las resoluciones de la CNO;<\/span><\/p>\n<\/p>\n<p><span class=\"text1noticias\">10.          Dos (2) fotograf\u00edas recientes tama\u00f1o 4&#8243; x 4&#8243;, en f\u00edsico y en digital;<\/span><\/p>\n<\/p>\n<p><span class=\"text1noticias\">Adem\u00e1s, una declaraci\u00f3n firmada comprometi\u00e9ndose a reconocer los resultados que emanen de la convenci\u00f3n e integrarse a las tareas de crecimiento del Partido<\/span><\/p>\n<\/p>\n<p><span class=\"text1noticias\">Acompa\u00f1aron a Raful en la rueda de prensa, los miembros de la Comisi\u00f3n Organizadora: Jos\u00e9 Garc\u00eda Ram\u00edrez, Obispo de los Santos, Deligne Ascensi\u00f3n, Nelson Arroyo, Salvador Ramos, Fernando Duran, Yadira Henr\u00edquez, Luis Valdez y Venancio Alc\u00e1ntara Valdez, este \u00faltimo, presidente de la Comisi\u00f3n del Distrito Nacional<\/span><\/p>\n<\/p>\n<h6> 2017-12-19 16:05:03 <\/h6>\n<p><!--\n<link rel=\"stylesheet\" href=\"css\/bootstrap.min.css\">\n\n\n<ul class=\"pagination\">\n\t    \n\t\n\n<li >\n\t<a href='?page_no=6930'>Previous<\/a>\n\t<\/li>\n\n\n       \n    \n\n<li><a href='?page_no=1'>1<\/a><\/li>\n\n\n\n<li><a href='?page_no=2'>2<\/a><\/li>\n\n\n\n<li><a>...<\/a><\/li>\n\n\n\n<li><a href='?page_no=6929'>6929<\/a><\/li>\n\n\n\n<li><a href='?page_no=6930'>6930<\/a><\/li>\n\n\n\n<li class='active'><a>6931<\/a><\/li>\n\n\n\n<li><a href='?page_no=6932'>6932<\/a><\/li>\n\n\n\n<li><a href='?page_no=6933'>6933<\/a><\/li>\n\n\n\n<li><a>...<\/a><\/li>\n\n\n\n<li><a href='?page_no=36999'>36999<\/a><\/li>\n\n\n\n<li><a href='?page_no=37000'>37000<\/a><\/li>\n\n    \n\t\n\n<li >\n\t<a href='?page_no=6932'>Next<\/a>\n\t<\/li>\n\n\n    \n\n<li><a href='?page_no=37000'>Last &rsaquo;&rsaquo;<\/a><\/li>\n\n<\/ul>\n\n\n--><br \/>\n<\/body><\/p>\n","protected":false},"excerpt":{"rendered":"<p>SANTO DOMINGO, RD, 19 de diciembre de 2017.- La Comisi\u00f3n Nacional Organizadora (CNO) de la XVIII Convenci\u00f3n Nacional Ordinaria, Claudio Caama\u00f1o Grull\u00f3n, del Partido Revolucionario Moderno (PRM) dej\u00f3 abierto el proceso de inscripci\u00f3n de candidaturas para cargos de direcci\u00f3n partidaria, para la Convenci\u00f3n que celebrar\u00e1 dicha organizaci\u00f3n el pr\u00f3ximo 18 de febrero del 2017. El [&hellip;]<\/p>\n","protected":false},"author":3,"featured_media":0,"comment_status":"open","ping_status":"open","sticky":false,"template":"","format":"standard","meta":{"footnotes":""},"categories":[22],"tags":[],"class_list":["post-171646","post","type-post","status-publish","format-standard","hentry","category-politica"],"_links":{"self":[{"href":"https:\/\/diariodominicano.com\/index.php?rest_route=\/wp\/v2\/posts\/171646","targetHints":{"allow":["GET"]}}],"collection":[{"href":"https:\/\/diariodominicano.com\/index.php?rest_route=\/wp\/v2\/posts"}],"about":[{"href":"https:\/\/diariodominicano.com\/index.php?rest_route=\/wp\/v2\/types\/post"}],"author":[{"embeddable":true,"href":"https:\/\/diariodominicano.com\/index.php?rest_route=\/wp\/v2\/users\/3"}],"replies":[{"embeddable":true,"href":"https:\/\/diariodominicano.com\/index.php?rest_route=%2Fwp%2Fv2%2Fcomments&post=171646"}],"version-history":[{"count":0,"href":"https:\/\/diariodominicano.com\/index.php?rest_route=\/wp\/v2\/posts\/171646\/revisions"}],"wp:attachment":[{"href":"https:\/\/diariodominicano.com\/index.php?rest_route=%2Fwp%2Fv2%2Fmedia&parent=171646"}],"wp:term":[{"taxonomy":"category","embeddable":true,"href":"https:\/\/diariodominicano.com\/index.php?rest_route=%2Fwp%2Fv2%2Fcategories&post=171646"},{"taxonomy":"post_tag","embeddable":true,"href":"https:\/\/diariodominicano.com\/index.php?rest_route=%2Fwp%2Fv2%2Ftags&post=171646"}],"curies":[{"name":"wp","href":"https:\/\/api.w.org\/{rel}","templated":true}]}}