{"id":171640,"date":"2017-12-20T13:55:26","date_gmt":"2017-12-20T13:55:26","guid":{"rendered":"http:\/\/diariodominicano.ddns.net\/?p=171640"},"modified":"2017-12-20T13:55:26","modified_gmt":"2017-12-20T13:55:26","slug":"leonel-fernandez-inicia-por-barahona-los-tradicionales-repartos-de-cajas-con-articulos-para-cena-de-nochebuena","status":"publish","type":"post","link":"https:\/\/diariodominicano.com\/?p=171640","title":{"rendered":"Leonel Fern\u00e1ndez inicia por Barahona los tradicionales repartos de cajas con art\u00edculos para cena de nochebuena"},"content":{"rendered":"<p><body><\/p>\n<p><img decoding=\"async\" src=\"img3\/leon3.jpg\" \/>  <\/p>\n<p>Escasos minutos despu\u00e9s de las diez de la ma\u00f1ana inici\u00f3 el reparto de cajas conteniendo los art\u00edculos para una cena de navidad, el ex Presidente de la Republica, Leonel Fern\u00e1ndez, acompa\u00f1ado de los dirigentes del Partido de la Liberaci\u00f3n Dominicana en Barahona.  <\/p>\n<\/p>\n<p>Cumple as\u00ed el Presidente del PLD con una tradici\u00f3n suya y del PLD de entregar estos art\u00edculos a sectores que lo necesitan y as\u00ed contribuir a la celebraci\u00f3n del D\u00eda de Noche Buena.<\/p>\n<\/p>\n<p>El propio Leonel Fern\u00e1ndez hizo entrega de las primeras cajas a las personas que se ubicaron en una ordenada fila en la Villa Ol\u00edmpica de Barahona, situada en Villa Central, de donde se traslad\u00f3 en una corta caravana a los dem\u00e1s puntos preparados del municipio cabecera de la sure\u00f1a provincia.<\/p>\n<\/p>\n<p>Se entregaron las cajas navide\u00f1as adem\u00e1s en Habanero. Barrio Nuevo, en Palo Alto, en Los Jaquimeyes y en Fondo Negro.<\/p>\n<\/p>\n<p>En la agenda de este d\u00eda se ubicaron diferentes puntos en Azua, Bani, Provincia Peravia para concluir a media tarde en el municipio cabecera de la provincia San Crist\u00f3bal.<\/p>\n<\/p>\n<p>En los repartos Bautista Rojas G\u00f3mez, miembro del Comit\u00e9 Pol\u00edtico del PLD, acompa\u00f1a al ex mandatario en los repartos, tambi\u00e9n Emigdio Sosa y Franklin Labour, as\u00ed como representantes de las secretarias de actos y seguridad   y Comunicaciones del PLD y los dirigentes municipales y provinciales del PLD. <\/p>\n<\/p>\n<p>Posterior a las primeras entregas a cargo de Leonel Fern\u00e1ndez los dirigentes pelede\u00edstas locales prosiguen los repartos a las personas ubicadas en las filas.<\/p>\n<\/p>\n<p>Las cajas contienen arroz, espaguetis, guandules enlatados, saz\u00f3n en polvo,  ajo en pasta, pasta  de tomate,  aceite, sardinas, avena , harina de ma\u00edz, golosinas navide\u00f1as, ron , vinos y ponche de manufactura criolla.<\/p>\n<\/p>\n<p>Las personas al recibir las cajas manifestaron agradecimiento al Presidente del PLD, Leonel Fern\u00e1ndez, por el obsequio destacando que con los mismos pueden preparar una cena para una celebraci\u00f3n de noche buena.<\/p>\n<h6> 2017-12-20 13:55:26 <\/h6>\n<p><!--\n<link rel=\"stylesheet\" href=\"css\/bootstrap.min.css\">\n\n\n<ul class=\"pagination\">\n\t    \n\t\n\n<li >\n\t<a href='?page_no=6925'>Previous<\/a>\n\t<\/li>\n\n\n       \n    \n\n<li><a href='?page_no=1'>1<\/a><\/li>\n\n\n\n<li><a href='?page_no=2'>2<\/a><\/li>\n\n\n\n<li><a>...<\/a><\/li>\n\n\n\n<li><a href='?page_no=6924'>6924<\/a><\/li>\n\n\n\n<li><a href='?page_no=6925'>6925<\/a><\/li>\n\n\n\n<li class='active'><a>6926<\/a><\/li>\n\n\n\n<li><a href='?page_no=6927'>6927<\/a><\/li>\n\n\n\n<li><a href='?page_no=6928'>6928<\/a><\/li>\n\n\n\n<li><a>...<\/a><\/li>\n\n\n\n<li><a href='?page_no=36999'>36999<\/a><\/li>\n\n\n\n<li><a href='?page_no=37000'>37000<\/a><\/li>\n\n    \n\t\n\n<li >\n\t<a href='?page_no=6927'>Next<\/a>\n\t<\/li>\n\n\n    \n\n<li><a href='?page_no=37000'>Last &rsaquo;&rsaquo;<\/a><\/li>\n\n<\/ul>\n\n\n--><br \/>\n<\/body><\/p>\n","protected":false},"excerpt":{"rendered":"<p>Escasos minutos despu\u00e9s de las diez de la ma\u00f1ana inici\u00f3 el reparto de cajas conteniendo los art\u00edculos para una cena de navidad, el ex Presidente de la Republica, Leonel Fern\u00e1ndez, acompa\u00f1ado de los dirigentes del Partido de la Liberaci\u00f3n Dominicana en Barahona. Cumple as\u00ed el Presidente del PLD con una tradici\u00f3n suya y del PLD [&hellip;]<\/p>\n","protected":false},"author":3,"featured_media":0,"comment_status":"open","ping_status":"open","sticky":false,"template":"","format":"standard","meta":{"footnotes":""},"categories":[22],"tags":[],"class_list":["post-171640","post","type-post","status-publish","format-standard","hentry","category-politica"],"_links":{"self":[{"href":"https:\/\/diariodominicano.com\/index.php?rest_route=\/wp\/v2\/posts\/171640","targetHints":{"allow":["GET"]}}],"collection":[{"href":"https:\/\/diariodominicano.com\/index.php?rest_route=\/wp\/v2\/posts"}],"about":[{"href":"https:\/\/diariodominicano.com\/index.php?rest_route=\/wp\/v2\/types\/post"}],"author":[{"embeddable":true,"href":"https:\/\/diariodominicano.com\/index.php?rest_route=\/wp\/v2\/users\/3"}],"replies":[{"embeddable":true,"href":"https:\/\/diariodominicano.com\/index.php?rest_route=%2Fwp%2Fv2%2Fcomments&post=171640"}],"version-history":[{"count":0,"href":"https:\/\/diariodominicano.com\/index.php?rest_route=\/wp\/v2\/posts\/171640\/revisions"}],"wp:attachment":[{"href":"https:\/\/diariodominicano.com\/index.php?rest_route=%2Fwp%2Fv2%2Fmedia&parent=171640"}],"wp:term":[{"taxonomy":"category","embeddable":true,"href":"https:\/\/diariodominicano.com\/index.php?rest_route=%2Fwp%2Fv2%2Fcategories&post=171640"},{"taxonomy":"post_tag","embeddable":true,"href":"https:\/\/diariodominicano.com\/index.php?rest_route=%2Fwp%2Fv2%2Ftags&post=171640"}],"curies":[{"name":"wp","href":"https:\/\/api.w.org\/{rel}","templated":true}]}}