{"id":171639,"date":"2017-12-20T14:10:00","date_gmt":"2017-12-20T14:10:00","guid":{"rendered":"http:\/\/diariodominicano.ddns.net\/?p=171639"},"modified":"2017-12-20T14:10:00","modified_gmt":"2017-12-20T14:10:00","slug":"miembros-de-la-jce-reciben-visita-del-prm","status":"publish","type":"post","link":"https:\/\/diariodominicano.com\/?p=171639","title":{"rendered":"Miembros de la JCE reciben visita del PRM&#13;"},"content":{"rendered":"<p><body><\/p>\n<p><img decoding=\"async\" src=\"img3\/jce11.jpg\" \/>  <\/p>\n<p>Los Miembros Titulares de la Junta Central Electoral (JCE), encabezados por su Presidente, el Magistrado Julio C\u00e9sar Casta\u00f1os Guzm\u00e1n, recibieron la visita de Comisi\u00f3n Nacional Organizadora de la Convenci\u00f3n Ordinaria del Partido Revolucionario Moderno (PRM) y del delegado ante la JCE de ese Partido, Dr. Orlando Jorge Mera, con quienes conversaron sobre la Convenci\u00f3n Nacional Ordinaria Claudio Caama\u00f1o Grull\u00f3n que se celebrar\u00e1 en febrero de 2018.<\/p>\n<\/p>\n<p>En el encuentro estuvieron presentes adem\u00e1s del Magistrado Julio C\u00e9sar Casta\u00f1os Guzm\u00e1n los dem\u00e1s miembros titulares de la JCE, Magistrados Roberto Salad\u00edn Sel\u00edn, Carmen Imbert Brugal, Rosario Graciano de los Santos y Henry Mej\u00eda Oviedo.<\/p>\n<\/p>\n<p>De parte de la Comisi\u00f3n del PRM, en adici\u00f3n a su delegado ante la JCE, participaron los dirigentes Salvador Ramos, Yadira Hern\u00e1ndez, Tony Raful, Fernando Dur\u00e1n y Faruk Miguel Castillo.<\/p>\n<h6> 2017-12-20 14:10:00 <\/h6>\n<p><!--\n<link rel=\"stylesheet\" href=\"css\/bootstrap.min.css\">\n\n\n<ul class=\"pagination\">\n\t    \n\t\n\n<li >\n\t<a href='?page_no=6924'>Previous<\/a>\n\t<\/li>\n\n\n       \n    \n\n<li><a href='?page_no=1'>1<\/a><\/li>\n\n\n\n<li><a href='?page_no=2'>2<\/a><\/li>\n\n\n\n<li><a>...<\/a><\/li>\n\n\n\n<li><a href='?page_no=6923'>6923<\/a><\/li>\n\n\n\n<li><a href='?page_no=6924'>6924<\/a><\/li>\n\n\n\n<li class='active'><a>6925<\/a><\/li>\n\n\n\n<li><a href='?page_no=6926'>6926<\/a><\/li>\n\n\n\n<li><a href='?page_no=6927'>6927<\/a><\/li>\n\n\n\n<li><a>...<\/a><\/li>\n\n\n\n<li><a href='?page_no=36999'>36999<\/a><\/li>\n\n\n\n<li><a href='?page_no=37000'>37000<\/a><\/li>\n\n    \n\t\n\n<li >\n\t<a href='?page_no=6926'>Next<\/a>\n\t<\/li>\n\n\n    \n\n<li><a href='?page_no=37000'>Last &rsaquo;&rsaquo;<\/a><\/li>\n\n<\/ul>\n\n\n--><br \/>\n<\/body><\/p>\n","protected":false},"excerpt":{"rendered":"<p>Los Miembros Titulares de la Junta Central Electoral (JCE), encabezados por su Presidente, el Magistrado Julio C\u00e9sar Casta\u00f1os Guzm\u00e1n, recibieron la visita de Comisi\u00f3n Nacional Organizadora de la Convenci\u00f3n Ordinaria del Partido Revolucionario Moderno (PRM) y del delegado ante la JCE de ese Partido, Dr. Orlando Jorge Mera, con quienes conversaron sobre la Convenci\u00f3n Nacional [&hellip;]<\/p>\n","protected":false},"author":3,"featured_media":0,"comment_status":"open","ping_status":"open","sticky":false,"template":"","format":"standard","meta":{"footnotes":""},"categories":[22],"tags":[],"class_list":["post-171639","post","type-post","status-publish","format-standard","hentry","category-politica"],"_links":{"self":[{"href":"https:\/\/diariodominicano.com\/index.php?rest_route=\/wp\/v2\/posts\/171639","targetHints":{"allow":["GET"]}}],"collection":[{"href":"https:\/\/diariodominicano.com\/index.php?rest_route=\/wp\/v2\/posts"}],"about":[{"href":"https:\/\/diariodominicano.com\/index.php?rest_route=\/wp\/v2\/types\/post"}],"author":[{"embeddable":true,"href":"https:\/\/diariodominicano.com\/index.php?rest_route=\/wp\/v2\/users\/3"}],"replies":[{"embeddable":true,"href":"https:\/\/diariodominicano.com\/index.php?rest_route=%2Fwp%2Fv2%2Fcomments&post=171639"}],"version-history":[{"count":0,"href":"https:\/\/diariodominicano.com\/index.php?rest_route=\/wp\/v2\/posts\/171639\/revisions"}],"wp:attachment":[{"href":"https:\/\/diariodominicano.com\/index.php?rest_route=%2Fwp%2Fv2%2Fmedia&parent=171639"}],"wp:term":[{"taxonomy":"category","embeddable":true,"href":"https:\/\/diariodominicano.com\/index.php?rest_route=%2Fwp%2Fv2%2Fcategories&post=171639"},{"taxonomy":"post_tag","embeddable":true,"href":"https:\/\/diariodominicano.com\/index.php?rest_route=%2Fwp%2Fv2%2Ftags&post=171639"}],"curies":[{"name":"wp","href":"https:\/\/api.w.org\/{rel}","templated":true}]}}