{"id":171638,"date":"2017-12-21T12:40:39","date_gmt":"2017-12-21T12:40:39","guid":{"rendered":"http:\/\/diariodominicano.ddns.net\/?p=171638"},"modified":"2017-12-21T12:40:39","modified_gmt":"2017-12-21T12:40:39","slug":"senador-eddy-mateo-llama-celebrar-en-armonia-familiar-las-festividades-navidenas","status":"publish","type":"post","link":"https:\/\/diariodominicano.com\/?p=171638","title":{"rendered":"Senador Eddy Mateo llama celebrar en armon\u00eda familiar las festividades navide\u00f1as"},"content":{"rendered":"<p><body><\/p>\n<p><img decoding=\"async\" src=\"img3\/mateos.jpg\" \/>  <\/p>\n<p>BARAHONA: El senador Eddy Mateo V\u00e1squez llam\u00f3 a los habitantes de la regi\u00f3n Enriquillo, a celebrar en armon\u00eda  familiar, las festividades<\/p>\n<p>de Navidad y A\u00f1o Nuevo.<\/p>\n<\/p>\n<p>Mateo V\u00e1squez, se\u00f1al\u00f3 que la \u00e9poca de Navidad y A\u00f1o Nuevo es para celebrarla en paz y armon\u00eda con familiares, amigos, vecinos, compa\u00f1eros de labores y relacionados.<\/p>\n<\/p>\n<p>\u00abEn esta \u00e9poca vamos a reactivar el esp\u00edritu  de solidaridad, realizar buenas acciones, en momentos en que muchos  de nuestros compatriotas<\/p>\n<p>atraviesan situaciones dif\u00edciles\u00bb, expres\u00f3 el legislador sure\u00f1o<\/p>\n<\/p>\n<p>Se\u00f1al\u00f3 que en este tiempo de Navidad y A\u00f1o Nuevo los dominicanos debemos meditar sobre la realidad que vive el pa\u00eds y que podemos hacer<\/p>\n<p>para que sigamos por el sendero del progreso y el binestar.<\/p>\n<\/p>\n<p>Pidi\u00f3 a los padres que en las celebraciones de Navidad y A\u00f1o Nuevo no permitir que sus hijos usen fuegos artificiales debido al peligro que<\/p>\n<p>representan, \u00bb mucha prudencia en el consumo de bebidas alcoh\u00f3licas, no hacer disparos al aire, conducir sin excesos de velocidad y respetar las leyes de transito\u00bb.<\/p>\n<h6> 2017-12-21 12:40:39 <\/h6>\n<p><!--\n<link rel=\"stylesheet\" href=\"css\/bootstrap.min.css\">\n\n\n<ul class=\"pagination\">\n\t    \n\t\n\n<li >\n\t<a href='?page_no=6923'>Previous<\/a>\n\t<\/li>\n\n\n       \n    \n\n<li><a href='?page_no=1'>1<\/a><\/li>\n\n\n\n<li><a href='?page_no=2'>2<\/a><\/li>\n\n\n\n<li><a>...<\/a><\/li>\n\n\n\n<li><a href='?page_no=6922'>6922<\/a><\/li>\n\n\n\n<li><a href='?page_no=6923'>6923<\/a><\/li>\n\n\n\n<li class='active'><a>6924<\/a><\/li>\n\n\n\n<li><a href='?page_no=6925'>6925<\/a><\/li>\n\n\n\n<li><a href='?page_no=6926'>6926<\/a><\/li>\n\n\n\n<li><a>...<\/a><\/li>\n\n\n\n<li><a href='?page_no=36999'>36999<\/a><\/li>\n\n\n\n<li><a href='?page_no=37000'>37000<\/a><\/li>\n\n    \n\t\n\n<li >\n\t<a href='?page_no=6925'>Next<\/a>\n\t<\/li>\n\n\n    \n\n<li><a href='?page_no=37000'>Last &rsaquo;&rsaquo;<\/a><\/li>\n\n<\/ul>\n\n\n--><br \/>\n<\/body><\/p>\n","protected":false},"excerpt":{"rendered":"<p>BARAHONA: El senador Eddy Mateo V\u00e1squez llam\u00f3 a los habitantes de la regi\u00f3n Enriquillo, a celebrar en armon\u00eda familiar, las festividades de Navidad y A\u00f1o Nuevo. Mateo V\u00e1squez, se\u00f1al\u00f3 que la \u00e9poca de Navidad y A\u00f1o Nuevo es para celebrarla en paz y armon\u00eda con familiares, amigos, vecinos, compa\u00f1eros de labores y relacionados. \u00abEn esta [&hellip;]<\/p>\n","protected":false},"author":3,"featured_media":0,"comment_status":"open","ping_status":"open","sticky":false,"template":"","format":"standard","meta":{"footnotes":""},"categories":[22],"tags":[],"class_list":["post-171638","post","type-post","status-publish","format-standard","hentry","category-politica"],"_links":{"self":[{"href":"https:\/\/diariodominicano.com\/index.php?rest_route=\/wp\/v2\/posts\/171638","targetHints":{"allow":["GET"]}}],"collection":[{"href":"https:\/\/diariodominicano.com\/index.php?rest_route=\/wp\/v2\/posts"}],"about":[{"href":"https:\/\/diariodominicano.com\/index.php?rest_route=\/wp\/v2\/types\/post"}],"author":[{"embeddable":true,"href":"https:\/\/diariodominicano.com\/index.php?rest_route=\/wp\/v2\/users\/3"}],"replies":[{"embeddable":true,"href":"https:\/\/diariodominicano.com\/index.php?rest_route=%2Fwp%2Fv2%2Fcomments&post=171638"}],"version-history":[{"count":0,"href":"https:\/\/diariodominicano.com\/index.php?rest_route=\/wp\/v2\/posts\/171638\/revisions"}],"wp:attachment":[{"href":"https:\/\/diariodominicano.com\/index.php?rest_route=%2Fwp%2Fv2%2Fmedia&parent=171638"}],"wp:term":[{"taxonomy":"category","embeddable":true,"href":"https:\/\/diariodominicano.com\/index.php?rest_route=%2Fwp%2Fv2%2Fcategories&post=171638"},{"taxonomy":"post_tag","embeddable":true,"href":"https:\/\/diariodominicano.com\/index.php?rest_route=%2Fwp%2Fv2%2Ftags&post=171638"}],"curies":[{"name":"wp","href":"https:\/\/api.w.org\/{rel}","templated":true}]}}