{"id":171637,"date":"2017-12-21T12:54:48","date_gmt":"2017-12-21T12:54:48","guid":{"rendered":"http:\/\/diariodominicano.ddns.net\/?p=171637"},"modified":"2017-12-21T12:54:48","modified_gmt":"2017-12-21T12:54:48","slug":"hipolito-mejia-pide-a-la-juventud-crear-un-pais-mas-justo-donde-impere-la-democracia-y-una-nacion-donde-se-ejerza-la-politica-como-un-servicio-a-la-patria","status":"publish","type":"post","link":"https:\/\/diariodominicano.com\/?p=171637","title":{"rendered":"Hip\u00f3lito Mej\u00eda pide a la juventud crear un pa\u00eds, m\u00e1s justo, donde impere la democracia y una naci\u00f3n donde se ejerza la pol\u00edtica como un servicio a la Patria"},"content":{"rendered":"<p><body><\/p>\n<p><img decoding=\"async\" src=\"img3\/hipol2.jpg\" \/>  <\/p>\n<p>El expresidente Hip\u00f3lito Mej\u00eda pidi\u00f3 a los j\u00f3venes \u00abque contribuyan, junto con otros grupos sociales, a que la sociedad dominicana se abra a la democracia participativa; al ejercicio de la pol\u00edtica como servicio a la patria y a los valores de conciencia ciudadana\u00bb.<\/p>\n<\/p>\n<p>En un discurso pronunciado en la s\u00e9ptima graduaci\u00f3n ordinaria del Instituto Jos\u00e9 Francisco Pe\u00f1a G\u00f3mez, el ex mandatario destac\u00f3 la calidad de las ense\u00f1anzas impartidas en este curso en el cual los estudiantes fueron graduados en distintas disciplinas relacionadas con las ciencias pol\u00edticas.<\/p>\n<\/p>\n<p>La VII graduaci\u00f3n del Instituto de Formaci\u00f3n Pol\u00edtica, doctor Jos\u00e9 Francisco Pe\u00f1a G\u00f3mez, entreg\u00f3 al pa\u00eds 383 egresados de  los diplomados en Historia Critica Dominicana, Pol\u00edticas Publicas,  Gerencia Pol\u00edtica y Gesti\u00f3n de Gobierno, Formulaci\u00f3n y Gesti\u00f3n de Proyectos Sociales, y Gerencia Publica y Gesti\u00f3n de Gobierno, los cuales tienen el aval de la Universidad Cat\u00f3lica Santo Domingo.  <\/p>\n<\/p>\n<p>Hip\u00f3lito destac\u00f3 que, \u00abcada m\u00f3dulo que se ha impartido procura crear las herramientas conceptuales para entender mejor un pa\u00eds que cambia constantemente, con el impulso de procesos internos y externos propios del mundo globalizado en que vivimos.<\/p>\n<\/p>\n<p>\u00abFruto de esos cambios, la Rep\u00fablica Dominicana enfrenta graves desaf\u00edos. Basta con mencionar la violencia rampante, la inseguridad ciudadana, el desempleo, la corrupci\u00f3n, la impunidad, el embarazo de adolescentes, y la fragmentaci\u00f3n de la familia.<\/p>\n<\/p>\n<p>\u00abEs justamente en ese contexto que valoramos los diversos proyectos de investigaci\u00f3n que promueve el Instituto para enfrentar esos problemas sociales\u00bb, enfatiz\u00f3 el ex gobernante.<\/p>\n<\/p>\n<p>\u00abCada m\u00f3dulo que se ha impartido, se\u00f1al\u00f3, procura crear las herramientas conceptuales para entender mejor un pa\u00eds que cambia constantemente, con el impulso de procesos internos y externos propios del mundo globalizado en que vivimos.<\/p>\n<\/p>\n<p>Resalt\u00f3 \u00abla devoci\u00f3n con que, la muy estimada licenciada Yvelisse Prats- Ram\u00edrez de P\u00e9rez, cuida el legado de nuestro l\u00edder inmortal, el doctor Jos\u00e9 Francisco Pe\u00f1a G\u00f3mez\u00bb.<\/p>\n<\/p>\n<p>\u00abLa docencia que se imparte en el Instituto tiene como objetivo \u00faltimo vincular la teor\u00eda con la pr\u00e1ctica, a fin de construir una sociedad m\u00e1s justa, m\u00e1s solidaria, y m\u00e1s pr\u00f3spera\u00bb, dijo.<\/p>\n<\/p>\n<p>Se refiri\u00f3 a la pr\u00e1ctica pol\u00edtica y al pensamiento de Pe\u00f1a G\u00f3mez de quien dijo que fue \u00abquien mejor entendi\u00f3 la importancia de llevar la lucha social y pol\u00edtica al seno de la sociedad. Por eso, en sus manos, el partido estuvo siempre donde estaban las masas. Por eso, con su gu\u00eda, el partido siempre estuvo en las calles reclamando libertad y justicia\u00bb.<\/p>\n<\/p>\n<p>Exhort\u00f3 a los graduandos a que trabajen en la construcci\u00f3n del pa\u00eds que deseamos \u00abMi deseo es que la educaci\u00f3n pol\u00edtica recibida les sirva para construir el pa\u00eds que deseamos. Un pa\u00eds pr\u00f3spero y justo, m\u00e1s solidario, incluyente, un mejor pa\u00eds, pero para todos.<\/p>\n<\/p>\n<p>Adem\u00e1s de Mej\u00eda hicieron uso de la palabra, la licenciada Yvelisse Prats de P\u00e9rez, licenciado Francisco Cruz Pascual en representaci\u00f3n de la Universidad Cat\u00f3lica Santo Domingo,<\/p>\n<\/p>\n<p>Estuvieron presentes: Peggy Cabral, Tony Pe\u00f1a Guaba, Pastora M\u00e9ndez, Rafael Montilla, Franklin Garc\u00eda Ferm\u00edn, Fernando Duran, entre otros. Los cursos fueron coordinados por los maestros Luis S\u00e1nchez, Freddy Veras, Augusto Bravo, Yovanny Rodr\u00edguez y Rickart Rodr\u00edguez.<\/p>\n<\/p>\n<p>Andr\u00e9s Matos. <\/p>\n<h6> 2017-12-21 12:54:48 <\/h6>\n<p><!--\n<link rel=\"stylesheet\" href=\"css\/bootstrap.min.css\">\n\n\n<ul class=\"pagination\">\n\t    \n\t\n\n<li >\n\t<a href='?page_no=6922'>Previous<\/a>\n\t<\/li>\n\n\n       \n    \n\n<li><a href='?page_no=1'>1<\/a><\/li>\n\n\n\n<li><a href='?page_no=2'>2<\/a><\/li>\n\n\n\n<li><a>...<\/a><\/li>\n\n\n\n<li><a href='?page_no=6921'>6921<\/a><\/li>\n\n\n\n<li><a href='?page_no=6922'>6922<\/a><\/li>\n\n\n\n<li class='active'><a>6923<\/a><\/li>\n\n\n\n<li><a href='?page_no=6924'>6924<\/a><\/li>\n\n\n\n<li><a href='?page_no=6925'>6925<\/a><\/li>\n\n\n\n<li><a>...<\/a><\/li>\n\n\n\n<li><a href='?page_no=36999'>36999<\/a><\/li>\n\n\n\n<li><a href='?page_no=37000'>37000<\/a><\/li>\n\n    \n\t\n\n<li >\n\t<a href='?page_no=6924'>Next<\/a>\n\t<\/li>\n\n\n    \n\n<li><a href='?page_no=37000'>Last &rsaquo;&rsaquo;<\/a><\/li>\n\n<\/ul>\n\n\n--><br \/>\n<\/body><\/p>\n","protected":false},"excerpt":{"rendered":"<p>El expresidente Hip\u00f3lito Mej\u00eda pidi\u00f3 a los j\u00f3venes \u00abque contribuyan, junto con otros grupos sociales, a que la sociedad dominicana se abra a la democracia participativa; al ejercicio de la pol\u00edtica como servicio a la patria y a los valores de conciencia ciudadana\u00bb. En un discurso pronunciado en la s\u00e9ptima graduaci\u00f3n ordinaria del Instituto Jos\u00e9 [&hellip;]<\/p>\n","protected":false},"author":3,"featured_media":0,"comment_status":"open","ping_status":"open","sticky":false,"template":"","format":"standard","meta":{"footnotes":""},"categories":[22],"tags":[],"class_list":["post-171637","post","type-post","status-publish","format-standard","hentry","category-politica"],"_links":{"self":[{"href":"https:\/\/diariodominicano.com\/index.php?rest_route=\/wp\/v2\/posts\/171637","targetHints":{"allow":["GET"]}}],"collection":[{"href":"https:\/\/diariodominicano.com\/index.php?rest_route=\/wp\/v2\/posts"}],"about":[{"href":"https:\/\/diariodominicano.com\/index.php?rest_route=\/wp\/v2\/types\/post"}],"author":[{"embeddable":true,"href":"https:\/\/diariodominicano.com\/index.php?rest_route=\/wp\/v2\/users\/3"}],"replies":[{"embeddable":true,"href":"https:\/\/diariodominicano.com\/index.php?rest_route=%2Fwp%2Fv2%2Fcomments&post=171637"}],"version-history":[{"count":0,"href":"https:\/\/diariodominicano.com\/index.php?rest_route=\/wp\/v2\/posts\/171637\/revisions"}],"wp:attachment":[{"href":"https:\/\/diariodominicano.com\/index.php?rest_route=%2Fwp%2Fv2%2Fmedia&parent=171637"}],"wp:term":[{"taxonomy":"category","embeddable":true,"href":"https:\/\/diariodominicano.com\/index.php?rest_route=%2Fwp%2Fv2%2Fcategories&post=171637"},{"taxonomy":"post_tag","embeddable":true,"href":"https:\/\/diariodominicano.com\/index.php?rest_route=%2Fwp%2Fv2%2Ftags&post=171637"}],"curies":[{"name":"wp","href":"https:\/\/api.w.org\/{rel}","templated":true}]}}