{"id":171635,"date":"2017-12-21T13:53:30","date_gmt":"2017-12-21T13:53:30","guid":{"rendered":"http:\/\/diariodominicano.ddns.net\/?p=171635"},"modified":"2017-12-21T13:53:30","modified_gmt":"2017-12-21T13:53:30","slug":"por-segundo-dia-consecutivo-leonel-fernandez-encabeza-repartos-de-cajas-con-articulos-para-cena-de-nochebuena","status":"publish","type":"post","link":"https:\/\/diariodominicano.com\/?p=171635","title":{"rendered":"Por segundo d\u00eda consecutivo Leonel Fern\u00e1ndez encabeza repartos de cajas con art\u00edculos para cena de Nochebuena"},"content":{"rendered":"<p><body><\/p>\n<p><img decoding=\"async\" src=\"img3\/leon12.jpg\" \/><br \/><img decoding=\"async\" src=\"img3\/leon13.jpg\" \/>  <\/p>\n<p>Miles de personas de la regi\u00f3n Este recibieron este jueves las cajas navide\u00f1as del Partido de la Liberaci\u00f3n Dominicana, que contienen los art\u00edculos imprescindibles para la cena del D\u00eda de Noche Buena.<\/p>\n<\/p>\n<p>El ex presidente de la Republica, Leonel Fern\u00e1ndez, Presidente del PLD, por segundo d\u00eda consecutivo encabez\u00f3 los repartos haci\u00e9ndose acompa\u00f1ar de la dirigencia de la organizaci\u00f3n pol\u00edtica en los municipios visitados.<\/p>\n<\/p>\n<p>La entrega de las cajas se planific\u00f3 para iniciar, como as\u00ed sucedi\u00f3, en Miches de la provincia El Seibo, de donde ir\u00edan al municipio cabecera, luego a Hato Mayo y concluir en San Pedro de Macor\u00eds pasado el mediod\u00eda.<\/p>\n<\/p>\n<p>Tal y como lo adelant\u00f3 Bautista  Rojas G\u00f3mez, miembro del Comit\u00e9 Pol\u00edtico, coordinador de los diferentes equipos que organizaron los repartos, se escogieron lugares carenciados para llevar dicha colaboraci\u00f3n y o afectados por los fen\u00f3menos naturales que pasaron cercano a nuestro territorio.<\/p>\n<\/p>\n<p>En los puntos escogidos para la entrega de las cajas navide\u00f1as se organizaron largas filas y a la llegada de Leonel Fern\u00e1ndez comenzaron de inmediato los repartos.<\/p>\n<\/p>\n<p>El Propio presidente del PLD entreg\u00f3 en cada uno de los  puntos,  las cuarenta primeras cajas y luego continuaron los dirigentes locales del Partido de la Liberaci\u00f3n Dominicana.<\/p>\n<\/p>\n<p>Justo a las diez de la ma\u00f1ana de este jueves,  lleg\u00f3 a la esquina formada por las calles Dionisio de la Cruz y S\u00e1nchez en el barrio El Matadero en Miches, iniciando los repartos, de ah\u00ed se traslad\u00f3 al Se\u00edbo a la calle Proyecto, cercano al play de softball de all\u00ed.<\/p>\n<\/p>\n<p>Del Comit\u00e9 Pol\u00edtico acompa\u00f1an al ex presidente de la Republica  Bautista Rojas G\u00f3mez  y Radham\u00e9s Jim\u00e9nez, de la Direcci\u00f3n Nacional Nicol\u00e1s Calder\u00f3n, Virgilio Bautista, Franklin Labour y Jos\u00e9 Paulino Pe\u00f1a, entre otros<\/p>\n<\/p>\n<p>De la dirigencia local participaron en los primeros repartos Federico Bencosme, Presidente del PLD en Miches, Moreno V\u00e1squez, Ricardo Jacobo, Guadalupe Jaquez, Lucas Familia, Griselda Zorrilla, entre otros.<\/p>\n<\/p>\n<p>Los beneficiados  se manifestaron agradecidos por el regalo, expresando de manera directa su gratitud al ex presidente Leonel Fern\u00e1ndez y al Partido de la Liberaci\u00f3n Dominicana, destaca esta organizaci\u00f3n en un despacho de su Secretar\u00eda de Comunicaciones.<\/p>\n<\/p>\n<p>Las cajas que tienen impreso la fachada de la Casa Nacional del PLD contienen arroz, espaguetis, guandules enlatados, saz\u00f3n en polvo, ajo en pasta, pasta de tomate, aceite, sardinas, avena, harina de ma\u00edz, golosinas navide\u00f1as, ron, vinos y ponche de manufactura criolla.<\/p>\n<h6> 2017-12-21 13:53:30 <\/h6>\n<p><!--\n<link rel=\"stylesheet\" href=\"css\/bootstrap.min.css\">\n\n\n<ul class=\"pagination\">\n\t    \n\t\n\n<li >\n\t<a href='?page_no=6920'>Previous<\/a>\n\t<\/li>\n\n\n       \n    \n\n<li><a href='?page_no=1'>1<\/a><\/li>\n\n\n\n<li><a href='?page_no=2'>2<\/a><\/li>\n\n\n\n<li><a>...<\/a><\/li>\n\n\n\n<li><a href='?page_no=6919'>6919<\/a><\/li>\n\n\n\n<li><a href='?page_no=6920'>6920<\/a><\/li>\n\n\n\n<li class='active'><a>6921<\/a><\/li>\n\n\n\n<li><a href='?page_no=6922'>6922<\/a><\/li>\n\n\n\n<li><a href='?page_no=6923'>6923<\/a><\/li>\n\n\n\n<li><a>...<\/a><\/li>\n\n\n\n<li><a href='?page_no=36999'>36999<\/a><\/li>\n\n\n\n<li><a href='?page_no=37000'>37000<\/a><\/li>\n\n    \n\t\n\n<li >\n\t<a href='?page_no=6922'>Next<\/a>\n\t<\/li>\n\n\n    \n\n<li><a href='?page_no=37000'>Last &rsaquo;&rsaquo;<\/a><\/li>\n\n<\/ul>\n\n\n--><br \/>\n<\/body><\/p>\n","protected":false},"excerpt":{"rendered":"<p>Miles de personas de la regi\u00f3n Este recibieron este jueves las cajas navide\u00f1as del Partido de la Liberaci\u00f3n Dominicana, que contienen los art\u00edculos imprescindibles para la cena del D\u00eda de Noche Buena. El ex presidente de la Republica, Leonel Fern\u00e1ndez, Presidente del PLD, por segundo d\u00eda consecutivo encabez\u00f3 los repartos haci\u00e9ndose acompa\u00f1ar de la dirigencia [&hellip;]<\/p>\n","protected":false},"author":3,"featured_media":0,"comment_status":"open","ping_status":"open","sticky":false,"template":"","format":"standard","meta":{"footnotes":""},"categories":[22],"tags":[],"class_list":["post-171635","post","type-post","status-publish","format-standard","hentry","category-politica"],"_links":{"self":[{"href":"https:\/\/diariodominicano.com\/index.php?rest_route=\/wp\/v2\/posts\/171635","targetHints":{"allow":["GET"]}}],"collection":[{"href":"https:\/\/diariodominicano.com\/index.php?rest_route=\/wp\/v2\/posts"}],"about":[{"href":"https:\/\/diariodominicano.com\/index.php?rest_route=\/wp\/v2\/types\/post"}],"author":[{"embeddable":true,"href":"https:\/\/diariodominicano.com\/index.php?rest_route=\/wp\/v2\/users\/3"}],"replies":[{"embeddable":true,"href":"https:\/\/diariodominicano.com\/index.php?rest_route=%2Fwp%2Fv2%2Fcomments&post=171635"}],"version-history":[{"count":0,"href":"https:\/\/diariodominicano.com\/index.php?rest_route=\/wp\/v2\/posts\/171635\/revisions"}],"wp:attachment":[{"href":"https:\/\/diariodominicano.com\/index.php?rest_route=%2Fwp%2Fv2%2Fmedia&parent=171635"}],"wp:term":[{"taxonomy":"category","embeddable":true,"href":"https:\/\/diariodominicano.com\/index.php?rest_route=%2Fwp%2Fv2%2Fcategories&post=171635"},{"taxonomy":"post_tag","embeddable":true,"href":"https:\/\/diariodominicano.com\/index.php?rest_route=%2Fwp%2Fv2%2Ftags&post=171635"}],"curies":[{"name":"wp","href":"https:\/\/api.w.org\/{rel}","templated":true}]}}