{"id":171634,"date":"2017-12-21T14:08:49","date_gmt":"2017-12-21T14:08:49","guid":{"rendered":"http:\/\/diariodominicano.ddns.net\/?p=171634"},"modified":"2017-12-21T14:08:49","modified_gmt":"2017-12-21T14:08:49","slug":"con-regalos-y-a-ritmo-de-johnny-ventura-se-realiza-encuentro-navideno-de-la-casa-nacional-del-pld","status":"publish","type":"post","link":"https:\/\/diariodominicano.com\/?p=171634","title":{"rendered":"Con regalos y a ritmo de Johnny Ventura se realiza encuentro navide\u00f1o de la Casa Nacional del PLD"},"content":{"rendered":"<p><body><\/p>\n<p><img decoding=\"async\" src=\"img3\/pldfi2.jpg\" \/>  <\/p>\n<p>Reinaldo Pared P\u00e9rez, Secretario General del Partido de la Liberaci\u00f3n Dominicana (PLD), encomi\u00f3 el trabajo de los servidores y funcionarios de la Casa Nacional de esa organizaci\u00f3n, destacando la importancia de las tareas que realizan para la consolidaci\u00f3n de esa fuerza pol\u00edtica como la principal del sistema de partidos de Republica Dominicana.<\/p>\n<\/p>\n<p>En la celebraci\u00f3n de la fiesta de navidad felicit\u00f3 a cada uno de los empleados y colaboradores de esa organizaci\u00f3n, al realizarse el tradicional almuerzo navide\u00f1o, este a\u00f1o con la participaci\u00f3n de Johnny Ventura.<\/p>\n<\/p>\n<p>\u00abLa finalidad es compa\u00f1eros y compa\u00f1eras, fieles seguidores, seguros seguidores del Partido de la Liberaci\u00f3n Dominicana que se sientan muy bien\u00bb refiri\u00f3 Pared P\u00e9rez, durante una breves palabras con la que inici\u00f3 formalmente el festejo.<\/p>\n<\/p>\n<p>Asimismo inst\u00f3 a los presentes a re\u00edr y a gozar, actitud caracter\u00edstica de la navidad y m\u00e1s para los presentes en el acto por tratarse de una fiesta en familia.  <\/p>\n<\/p>\n<p>\u00abEsta es su casa, es la nuestra, es la de todo pelede\u00edstas hombres y mujeres que creen firmemente en ese instrumente pol\u00edtico que el viernes pasado hicieron 44 a\u00f1os de su fundaci\u00f3n\u00bb.<\/p>\n<\/p>\n<p>Haciendo alusi\u00f3n al 44 aniversario del PLD record\u00f3 que un grupo de j\u00f3venes, junto a Don Juan, con 64 a\u00f1os de edad, fundaron el PLD, que calific\u00f3 de \u00abverdadero instrumento de desarrollo del pa\u00eds y al cual queremos y por el cual nos desvivimos\u00bb, precis\u00f3.<\/p>\n<\/p>\n<p>Subray\u00f3 que las y los servidores de la sede pelede\u00edstas son una parte indispensable para el funcionamiento administrativo y financiero y de todas \u00edndoles a lo interno de la organizaci\u00f3n.<\/p>\n<\/p>\n<p>\u00abPor ello cada vez que arribamos a este mes de diciembre en el que no solamente celebramos la fundaci\u00f3n del PLD, sino que es propicia para que nos reencontremos y compartamos\u00bb.<\/p>\n<\/p>\n<p>Con alegr\u00eda, Pared P\u00e9rez inst\u00f3 a sus compa\u00f1eros de partido a \u00abpasar un momento agradable\u00bb al propio tiempo que los encomi\u00f3 a que vean en \u00e9l, un amigo y compa\u00f1ero incondicional y a cada uno del equipo que nos acompa\u00f1an desde la Secretar\u00eda General.<\/p>\n<h6> 2017-12-21 14:08:49 <\/h6>\n<p><!--\n<link rel=\"stylesheet\" href=\"css\/bootstrap.min.css\">\n\n\n<ul class=\"pagination\">\n\t    \n\t\n\n<li >\n\t<a href='?page_no=6919'>Previous<\/a>\n\t<\/li>\n\n\n       \n    \n\n<li><a href='?page_no=1'>1<\/a><\/li>\n\n\n\n<li><a href='?page_no=2'>2<\/a><\/li>\n\n\n\n<li><a>...<\/a><\/li>\n\n\n\n<li><a href='?page_no=6918'>6918<\/a><\/li>\n\n\n\n<li><a href='?page_no=6919'>6919<\/a><\/li>\n\n\n\n<li class='active'><a>6920<\/a><\/li>\n\n\n\n<li><a href='?page_no=6921'>6921<\/a><\/li>\n\n\n\n<li><a href='?page_no=6922'>6922<\/a><\/li>\n\n\n\n<li><a>...<\/a><\/li>\n\n\n\n<li><a href='?page_no=36999'>36999<\/a><\/li>\n\n\n\n<li><a href='?page_no=37000'>37000<\/a><\/li>\n\n    \n\t\n\n<li >\n\t<a href='?page_no=6921'>Next<\/a>\n\t<\/li>\n\n\n    \n\n<li><a href='?page_no=37000'>Last &rsaquo;&rsaquo;<\/a><\/li>\n\n<\/ul>\n\n\n--><br \/>\n<\/body><\/p>\n","protected":false},"excerpt":{"rendered":"<p>Reinaldo Pared P\u00e9rez, Secretario General del Partido de la Liberaci\u00f3n Dominicana (PLD), encomi\u00f3 el trabajo de los servidores y funcionarios de la Casa Nacional de esa organizaci\u00f3n, destacando la importancia de las tareas que realizan para la consolidaci\u00f3n de esa fuerza pol\u00edtica como la principal del sistema de partidos de Republica Dominicana. En la celebraci\u00f3n [&hellip;]<\/p>\n","protected":false},"author":3,"featured_media":0,"comment_status":"open","ping_status":"open","sticky":false,"template":"","format":"standard","meta":{"footnotes":""},"categories":[22],"tags":[],"class_list":["post-171634","post","type-post","status-publish","format-standard","hentry","category-politica"],"_links":{"self":[{"href":"https:\/\/diariodominicano.com\/index.php?rest_route=\/wp\/v2\/posts\/171634","targetHints":{"allow":["GET"]}}],"collection":[{"href":"https:\/\/diariodominicano.com\/index.php?rest_route=\/wp\/v2\/posts"}],"about":[{"href":"https:\/\/diariodominicano.com\/index.php?rest_route=\/wp\/v2\/types\/post"}],"author":[{"embeddable":true,"href":"https:\/\/diariodominicano.com\/index.php?rest_route=\/wp\/v2\/users\/3"}],"replies":[{"embeddable":true,"href":"https:\/\/diariodominicano.com\/index.php?rest_route=%2Fwp%2Fv2%2Fcomments&post=171634"}],"version-history":[{"count":0,"href":"https:\/\/diariodominicano.com\/index.php?rest_route=\/wp\/v2\/posts\/171634\/revisions"}],"wp:attachment":[{"href":"https:\/\/diariodominicano.com\/index.php?rest_route=%2Fwp%2Fv2%2Fmedia&parent=171634"}],"wp:term":[{"taxonomy":"category","embeddable":true,"href":"https:\/\/diariodominicano.com\/index.php?rest_route=%2Fwp%2Fv2%2Fcategories&post=171634"},{"taxonomy":"post_tag","embeddable":true,"href":"https:\/\/diariodominicano.com\/index.php?rest_route=%2Fwp%2Fv2%2Ftags&post=171634"}],"curies":[{"name":"wp","href":"https:\/\/api.w.org\/{rel}","templated":true}]}}