{"id":171632,"date":"2017-12-21T15:21:42","date_gmt":"2017-12-21T15:21:42","guid":{"rendered":"http:\/\/diariodominicano.ddns.net\/?p=171632"},"modified":"2017-12-21T15:21:42","modified_gmt":"2017-12-21T15:21:42","slug":"leonel-fernandez-sostiene-no-es-tiempo-de-campana-electoral","status":"publish","type":"post","link":"https:\/\/diariodominicano.com\/?p=171632","title":{"rendered":"Leonel Fern\u00e1ndez sostiene no es tiempo de campa\u00f1a electoral"},"content":{"rendered":"<p><body><\/p>\n<p><img decoding=\"async\" src=\"img3\/02.jpg\" \/><br \/><img decoding=\"async\" src=\"img3\/01.jpg\" \/>  <\/p>\n<\/p>\n<p><strong><span class=\"text1noticias\"> Santo Dominngo, RD, 21 de diciembre, &#8211;<\/span><\/strong><span class=\"text1noticias\"> El presidente del Partido de la Liberaci\u00f3n Dominicana, Leonel Fern\u00e1ndez ex presidente de la Republica, al sostener que no es tiempo de campa\u00f1a electoral, rehus\u00f3  hablar de  posibles aspiraciones en la elecciones de 2020.<\/span><\/p>\n<\/p>\n<p><span class=\"text1noticias\"> \u00abTodav\u00eda no estamos en per\u00edodo electoral, estamos celebrando las navidades\u00bb, respondi\u00f3 Leonel Fern\u00e1ndez a la prensa en una pausa de los repartos de canasta navide\u00f1as en la regi\u00f3n Este.<\/span><\/p>\n<\/p>\n<p><span class=\"text1noticias\"> La entrega de las cajas navide\u00f1as con art\u00edculos para la cena de Nochebuena programada para este jueves inici\u00f3 en Miches, municipio de la provincia El Seibo, de donde partir\u00edan al municipio cabecera, luego a Hato Mayor y finalmente a San Pedro de Macor\u00eds.<\/span><\/p>\n<\/p>\n<p><span class=\"text1noticias\">\u00abEste reparto es algo que llevamos a cabo hace m\u00e1s de 20 a\u00f1os, estemos en el gobierno o no estemos en el gobierno. Es un compromiso moral que tengo con los sectores, digamos, m\u00e1s vulnerables de la sociedad dominicana\u00bb, agreg\u00f3 el presidente del PLD.<\/span><\/p>\n<\/p>\n<p><span class=\"text1noticias\">Fern\u00e1ndez explic\u00f3 que los repartos iniciaron ayer por el Sur lejano, en Barahona, hasta llegar a San Crist\u00f3bal, contin\u00faan hoy por el Este y ma\u00f1ana viernes en el Cibao y finalmente el s\u00e1bado, simb\u00f3licamente, desde la Casa Presidencial del Partido de la Liberaci\u00f3n Dominicana al Distrito Nacional y el Gran Santo Domingo.<\/span><\/p>\n<\/p>\n<p>\u00abLo que se espera con esto es llevar un poco de esperanza, de armon\u00eda, de paz, a la familia dominicana\u00bb, destac\u00f3 el expresidente de la Rep\u00fablica Leonel Fern\u00e1ndez haci\u00e9ndose acompa\u00f1ar de la dirigencia de la organizaci\u00f3n pol\u00edtica en los municipios visitados.<\/p>\n<\/p>\n<p>Por segundo d\u00eda consecutivo Leonel Fern\u00e1ndez encabeza el reparto de cajas navide\u00f1as con art\u00edculos para la cena de Nochebuena. \u00abEn los puntos escogidos para la entrega de las cajas navide\u00f1as se organizan largas filas y a la llegada de Leonel Fern\u00e1ndez comienza de inmediato los repartos.<\/p>\n<\/p>\n<p>El Propio presidente del PLD entrega en cada uno de los puntos las cuarenta primeras cajas y luego contin\u00faan los dirigentes locales del Partido de la Liberaci\u00f3n Dominicana.<\/p>\n<\/p>\n<p>Del Comit\u00e9 Pol\u00edtico acompa\u00f1an al ex presidente de la Republica este d\u00eda Bautista Rojas G\u00f3mez y Radham\u00e9s Jim\u00e9nez, de la Direcci\u00f3n Nacional Nicol\u00e1s Calder\u00f3n, Virgilio Bautista, Franklin Labour y Jos\u00e9 Paulino Pe\u00f1a, as\u00ed como dirigentes locales.<\/p>\n<\/p>\n<p>Las cajas que tienen impreso la fachada de la Casa Nacional del PLD contienen arroz, espaguetis, guandules enlatados, saz\u00f3n en polvo, ajo en pasta, pasta de tomate, aceite, sardinas, avena, harina de ma\u00edz, golosinas navide\u00f1as, ron, vinos y ponche de manufactura criolla.<\/p>\n<h6> 2017-12-21 15:21:42 <\/h6>\n<p><!--\n<link rel=\"stylesheet\" href=\"css\/bootstrap.min.css\">\n\n\n<ul class=\"pagination\">\n\t    \n\t\n\n<li >\n\t<a href='?page_no=6918'>Previous<\/a>\n\t<\/li>\n\n\n       \n    \n\n<li><a href='?page_no=1'>1<\/a><\/li>\n\n\n\n<li><a href='?page_no=2'>2<\/a><\/li>\n\n\n\n<li><a>...<\/a><\/li>\n\n\n\n<li><a href='?page_no=6917'>6917<\/a><\/li>\n\n\n\n<li><a href='?page_no=6918'>6918<\/a><\/li>\n\n\n\n<li class='active'><a>6919<\/a><\/li>\n\n\n\n<li><a href='?page_no=6920'>6920<\/a><\/li>\n\n\n\n<li><a href='?page_no=6921'>6921<\/a><\/li>\n\n\n\n<li><a>...<\/a><\/li>\n\n\n\n<li><a href='?page_no=36999'>36999<\/a><\/li>\n\n\n\n<li><a href='?page_no=37000'>37000<\/a><\/li>\n\n    \n\t\n\n<li >\n\t<a href='?page_no=6920'>Next<\/a>\n\t<\/li>\n\n\n    \n\n<li><a href='?page_no=37000'>Last &rsaquo;&rsaquo;<\/a><\/li>\n\n<\/ul>\n\n\n--><br \/>\n<\/body><\/p>\n","protected":false},"excerpt":{"rendered":"<p>Santo Dominngo, RD, 21 de diciembre, &#8211; El presidente del Partido de la Liberaci\u00f3n Dominicana, Leonel Fern\u00e1ndez ex presidente de la Republica, al sostener que no es tiempo de campa\u00f1a electoral, rehus\u00f3 hablar de posibles aspiraciones en la elecciones de 2020. \u00abTodav\u00eda no estamos en per\u00edodo electoral, estamos celebrando las navidades\u00bb, respondi\u00f3 Leonel Fern\u00e1ndez a [&hellip;]<\/p>\n","protected":false},"author":3,"featured_media":0,"comment_status":"open","ping_status":"open","sticky":false,"template":"","format":"standard","meta":{"footnotes":""},"categories":[22],"tags":[],"class_list":["post-171632","post","type-post","status-publish","format-standard","hentry","category-politica"],"_links":{"self":[{"href":"https:\/\/diariodominicano.com\/index.php?rest_route=\/wp\/v2\/posts\/171632","targetHints":{"allow":["GET"]}}],"collection":[{"href":"https:\/\/diariodominicano.com\/index.php?rest_route=\/wp\/v2\/posts"}],"about":[{"href":"https:\/\/diariodominicano.com\/index.php?rest_route=\/wp\/v2\/types\/post"}],"author":[{"embeddable":true,"href":"https:\/\/diariodominicano.com\/index.php?rest_route=\/wp\/v2\/users\/3"}],"replies":[{"embeddable":true,"href":"https:\/\/diariodominicano.com\/index.php?rest_route=%2Fwp%2Fv2%2Fcomments&post=171632"}],"version-history":[{"count":0,"href":"https:\/\/diariodominicano.com\/index.php?rest_route=\/wp\/v2\/posts\/171632\/revisions"}],"wp:attachment":[{"href":"https:\/\/diariodominicano.com\/index.php?rest_route=%2Fwp%2Fv2%2Fmedia&parent=171632"}],"wp:term":[{"taxonomy":"category","embeddable":true,"href":"https:\/\/diariodominicano.com\/index.php?rest_route=%2Fwp%2Fv2%2Fcategories&post=171632"},{"taxonomy":"post_tag","embeddable":true,"href":"https:\/\/diariodominicano.com\/index.php?rest_route=%2Fwp%2Fv2%2Ftags&post=171632"}],"curies":[{"name":"wp","href":"https:\/\/api.w.org\/{rel}","templated":true}]}}