{"id":171630,"date":"2017-12-21T22:58:00","date_gmt":"2017-12-21T22:58:00","guid":{"rendered":"http:\/\/diariodominicano.ddns.net\/?p=171630"},"modified":"2017-12-21T22:58:00","modified_gmt":"2017-12-21T22:58:00","slug":"la-encrucijada-electoral-de-america-latina-para-2018","status":"publish","type":"post","link":"https:\/\/diariodominicano.com\/?p=171630","title":{"rendered":"La encrucijada electoral de Am\u00e9rica Latina para 2018"},"content":{"rendered":"<p><body><\/p>\n<p><img decoding=\"async\" src=\"img3\/mapasuramerica.jpg\" \/>  <\/p>\n<\/p>\n<p><strong>   Por Chen Yin<\/strong><\/p>\n<\/p>\n<p><strong>   BEIJING, 21 dic (Xinhua) &#8212;<\/strong> El 2017 no ha sido un a\u00f1o f\u00e1cil para Am\u00e9rica Latina. Aunque su econom\u00eda comenz\u00f3 a recuperarse tras el crecimiento negativo de hace dos a\u00f1os, la incertidumbre se ha cernido sobre el \u00e1mbito pol\u00edtico, con el gran entramado de corrupci\u00f3n de la constructora brasile\u00f1a Odebrecht o el impacto de la nueva Administraci\u00f3n estadounidense. <\/p>\n<\/p>\n<p>   Durante el pr\u00f3ximo a\u00f1o se celebrar\u00e1n elecciones generales en varios pa\u00edses importantes de la regi\u00f3n, con unos resultados inciertos que, en cualquier caso, influir\u00e1n considerablemente en la tendencia pol\u00edtica de Am\u00e9rica Latina para los pr\u00f3ximos a\u00f1os.<\/p>\n<\/p>\n<p> <strong>     PROGRESISTAS O CONSERVADORES<\/strong><\/p>\n<\/p>\n<p>   Celebrar\u00e1n comicios Costa Rica (4 de febrero y 1 de abril si hay segunda vuelta), Paraguay (22 de abril la \u00fanica vuelta), Colombia (27 de mayo y 17 de junio), M\u00e9xico (1 de julio), Brasil (7 y 28 de octubre) y Venezuela, que lo har\u00e1 en el \u00faltimo trimestre si se cumple la ley.<\/p>\n<\/p>\n<p>   A diferencia de otras ocasiones, en casi todos ellos es realmente dif\u00edcil predecir qu\u00e9 candidatos conquistar\u00e1n la Presidencia. En medio de la incertidumbre, lo que s\u00ed ha quedado claro es que el desacuerdo entre las fuerzas pol\u00edticas de izquierda a derecha no hace m\u00e1s que crecer.<\/p>\n<\/p>\n<p>   Tomemos como ejemplo el caso de Colombia. En un sondeo divulgado a finales de noviembre, Sergio Fajardo, posible candidato de la alianza de centroizquierda Coalici\u00f3n Colombia, consigui\u00f3 el 15 por ciento de apoyo, el exvicepresidente Germ\u00e1n Vargas Lleras, que lidera el Movimiento Mejor Vargas Lleras, un 14 por ciento, y Gustavo Petro, exalcalde de Bogot\u00e1, un 17 por ciento.   <\/p>\n<\/p>\n<p><strong>   El caso de Brasil tambi\u00e9n es complicado, con la existencia de tres polos. <\/strong><\/p>\n<\/p>\n<p>   En la izquierda, el expresidente Lula da Silva, que lidera los sondeos, est\u00e1 pendiente de un fallo judicial sobre su relaci\u00f3n con el esc\u00e1ndalo Odebrecht que podr\u00eda apartarlo de la carrera electoral. La extrema derecha es actualmente segunda en intenci\u00f3n de voto con Jair Bolsonaro. Un tercer grupo intentar\u00eda unir el centroderecha en torno al gobernador de Sao Paulo, Geraldo Alckmin.<\/p>\n<\/p>\n<p>   Al mismo tiempo, est\u00e1n emergiendo un notable n\u00famero de movimientos nuevos y candidatos independientes. <\/p>\n<\/p>\n<p>   Entre estos \u00faltimos, la ex primera dama mexicana Margarita Zavala, que abandon\u00f3 el Partido de Acci\u00f3n Nacional (centroderecha) para encarar como independiente a Andr\u00e9s Manuel L\u00f3pez Obrador, candidato del izquierdista Movimiento Regeneraci\u00f3n Nacional (Morena) que se presentar\u00e1 por tercera vez a los comicios.<\/p>\n<\/p>\n<p>   Aparte de las seis elecciones generales, es muy posible que, en febrero, el mandatario cubano Ra\u00fal Castro entregue el poder a un sucesor a\u00fan por definir, puesto para el que se perfila como favorito el actual primer vicepresidente, Miguel D\u00edaz-Canel.<\/p>\n<p><strong>    CAUSAS DE LA DIVISION POLITICA<\/strong><\/p>\n<\/p>\n<p>   Contando con Chile, que acaba de celebrar sus comicios presidenciales, casi todos los pa\u00edses de peso de la regi\u00f3n van a tener traspasos de poder en los pr\u00f3ximos 12 meses. De acuerdo con los expertos, ser\u00e1n unas elecciones cruciales para el desarrollo de la regi\u00f3n, por lo que el a\u00f1o 2018 ser\u00e1 sin lugar a duda un a\u00f1o de decisiones.<\/p>\n<\/p>\n<p>   Para el analista de asuntos internacionales mexicano Ir\u00e1n Moreno Santos, Am\u00e9rica Latina vive desde ya \u00abuna de las incertidumbres m\u00e1s grandes que se han vivido en los \u00faltimos 20 a\u00f1os\u00bb debido a que \u00abhay inestabilidad pol\u00edtica, hay inestabilidad financiera y hay estancamiento econ\u00f3mico\u00bb.<\/p>\n<\/p>\n<p>   La profesora e investigadora de la Facultad Latinoamericana de Ciencias Sociales (Flacso) de M\u00e9xico, Alicia Puyana, reconoci\u00f3 que existe una profunda divisi\u00f3n social y una profunda deslegitimaci\u00f3n de los partidos pol\u00edticos debido al descontento de los electores.<\/p>\n<\/p>\n<p>   \u00abLa gente no se siente dignamente representada. La regi\u00f3n tambi\u00e9n vive inmersa en la violencia y la corrupci\u00f3n, adem\u00e1s de la persistente desigualdad y pobreza\u00bb, indic\u00f3.<\/p>\n<\/p>\n<p>   Con ella coincidi\u00f3 Petronio Pereira de Souza, consultor pol\u00edtico y profesor de ciencia pol\u00edtica en la Universidad UNINOVE, con sede en la ciudad brasile\u00f1a de Sao Paulo.<\/p>\n<\/p>\n<p>   \u00abEl electorado se percat\u00f3 de que los Gobiernos que marcaron la tendencia del continente empezaron a tener el mismo comportamiento de los partidos tradicionales, desmarc\u00e1ndose del discurso social y coqueteando con casos de corrupci\u00f3n\u00bb, explic\u00f3.<\/p>\n<\/p>\n<p>   Sin embargo, no se puede omitir el \u00abpapel clave\u00bb de los medios de comunicaci\u00f3n a la hora de ensanchar la brecha entre progresistas y los conservadores, con una aut\u00e9ntica \u00abguerra medi\u00e1tica\u00bb, seg\u00fan muchos analistas.<\/p>\n<\/p>\n<p>   En cualquier caso, los actuales Gobiernos han cometido errores y ha habido ineficacia en la gesti\u00f3n pol\u00edtica y econ\u00f3mica. Algunos no pudieron controlar la contracci\u00f3n econ\u00f3mica derivada de la ca\u00edda abrupta de los precios internacionales de las materias primas, lo que provoc\u00f3 un alto nivel de inflaci\u00f3n y dificult\u00f3 el mantenimiento de los programas sociales. <\/p>\n<\/p>\n<p>   Sea como sea, los ganadores de las elecciones enfrentar\u00e1n una serie de desaf\u00edos comunes, entre ellos, el limitado presupuesto fiscal, la d\u00e9bil recuperaci\u00f3n econ\u00f3mica, la corrupci\u00f3n, la falta de seguridad y la pobreza.<\/p>\n<p><strong>     LA COOPERACION CON CHINA NO SE VERA AFECTADA<\/strong><\/p>\n<\/p>\n<p>   No obstante, entre las incertidumbres existe una certeza para Am\u00e9rica Latina: su demanda de seguir avanzando en las relaciones con China.<\/p>\n<\/p>\n<p>   Tras asumir el poder, la Administraci\u00f3n de Donald Trump opt\u00f3 por centrarse en sus propios intereses y, adem\u00e1s, decidi\u00f3 renegociar el Tratado de Libre Comercio de Am\u00e9rica del Norte (TLCAN). Esto provoc\u00f3 un impacto negativo en el desarrollo econ\u00f3mico de Am\u00e9rica Latina y, en algunos casos, agrav\u00f3 la insatisfacci\u00f3n p\u00fablica con los respectivos Gobiernos.<\/p>\n<\/p>\n<p>   Frente a estas circunstancias, la mayor\u00eda de los pa\u00edses latinoamericanos determinaron reducir su dependencia de Estados Unidos y buscar est\u00edmulos alternativos para acelerar su desarrollo. China, la segunda econom\u00eda mundial con un mercado enorme, ha sido una buena opci\u00f3n para ellos. <\/p>\n<\/p>\n<p>   Por este motivo, la regi\u00f3n presta cada d\u00eda m\u00e1s atenci\u00f3n a mantener e intensificar sus lazos con el pa\u00eds asi\u00e1tico, que logr\u00f3 durante a\u00f1os un crecimiento econ\u00f3mico cercano al 7 por ciento.<\/p>\n<\/p>\n<p>   De acuerdo con el experto mexicano Moreno Santos, algunos pa\u00edses latinoamericanos como Chile y Venezuela han logrado una buena relaci\u00f3n con China en la que no solo \u00abhay importantes inversiones en favor del desarrollo\u00bb. <\/p>\n<\/p>\n<p>   \u00abSe ha logrado aplicar pol\u00edticas y reglas claras y transparentes que al final han generado beneficios tanto para China como para esos pa\u00edses. Todos deber\u00edamos apostar, incluyendo M\u00e9xico, por un equilibrio en el comercio internacional, algo que con China se puede lograr\u00bb, especific\u00f3.<\/p>\n<\/p>\n<p>   Para Luis Enrique Gavazut, analista e investigador del Observatorio Econ\u00f3mico de la Presidencia de Venezuela, \u00ablas relaciones de China con todos los pa\u00edses de Am\u00e9rica Latina y el Caribe se van a profundizar\u00bb ya que el pa\u00eds asi\u00e1tico se ha centrado mucho en la regi\u00f3n. <\/p>\n<\/p>\n<p>   De la misma opini\u00f3n es Pereira de Souza, para quien las relaciones exteriores son relativamente independientes de la ideolog\u00eda de los Gobiernos. <\/p>\n<\/p>\n<p>   \u00abLos pa\u00edses van a continuar favoreciendo la exportaci\u00f3n de su producci\u00f3n, principalmente las &#8216;commodities&#8217;, y la b\u00fasqueda de inversi\u00f3n extranjera, que genera grandes beneficios financieros. En estos dos aspectos China es un actor fundamental\u00bb, agreg\u00f3.<\/p>\n<\/p>\n<p>   Por eso, augur\u00f3, a pesar de que haya un nuevo escenario pol\u00edtico, \u00abno veo ninguna posibilidad de que haya un cambio o un reajuste en las relaciones comerciales y pol\u00edticas en la regi\u00f3n con un actor cada vez m\u00e1s relevante como es China\u00bb. Fin<\/p>\n<\/p>\n<p>*En este art\u00edculo contribuyeron los corresponsales de Xinhua Wu Hao, Edna Alc\u00e1ntara, Pau Ram\u00edrez y Willey Pe\u00f1uela.<\/p>\n<\/p>\n<h6> 2017-12-21 22:58:00 <\/h6>\n<p><!--\n<link rel=\"stylesheet\" href=\"css\/bootstrap.min.css\">\n\n\n<ul class=\"pagination\">\n\t    \n\t\n\n<li >\n\t<a href='?page_no=6916'>Previous<\/a>\n\t<\/li>\n\n\n       \n    \n\n<li><a href='?page_no=1'>1<\/a><\/li>\n\n\n\n<li><a href='?page_no=2'>2<\/a><\/li>\n\n\n\n<li><a>...<\/a><\/li>\n\n\n\n<li><a href='?page_no=6915'>6915<\/a><\/li>\n\n\n\n<li><a href='?page_no=6916'>6916<\/a><\/li>\n\n\n\n<li class='active'><a>6917<\/a><\/li>\n\n\n\n<li><a href='?page_no=6918'>6918<\/a><\/li>\n\n\n\n<li><a href='?page_no=6919'>6919<\/a><\/li>\n\n\n\n<li><a>...<\/a><\/li>\n\n\n\n<li><a href='?page_no=36999'>36999<\/a><\/li>\n\n\n\n<li><a href='?page_no=37000'>37000<\/a><\/li>\n\n    \n\t\n\n<li >\n\t<a href='?page_no=6918'>Next<\/a>\n\t<\/li>\n\n\n    \n\n<li><a href='?page_no=37000'>Last &rsaquo;&rsaquo;<\/a><\/li>\n\n<\/ul>\n\n\n--><br \/>\n<\/body><\/p>\n","protected":false},"excerpt":{"rendered":"<p>Por Chen Yin BEIJING, 21 dic (Xinhua) &#8212; El 2017 no ha sido un a\u00f1o f\u00e1cil para Am\u00e9rica Latina. Aunque su econom\u00eda comenz\u00f3 a recuperarse tras el crecimiento negativo de hace dos a\u00f1os, la incertidumbre se ha cernido sobre el \u00e1mbito pol\u00edtico, con el gran entramado de corrupci\u00f3n de la constructora brasile\u00f1a Odebrecht o el [&hellip;]<\/p>\n","protected":false},"author":3,"featured_media":0,"comment_status":"open","ping_status":"open","sticky":false,"template":"","format":"standard","meta":{"footnotes":""},"categories":[22],"tags":[],"class_list":["post-171630","post","type-post","status-publish","format-standard","hentry","category-politica"],"_links":{"self":[{"href":"https:\/\/diariodominicano.com\/index.php?rest_route=\/wp\/v2\/posts\/171630","targetHints":{"allow":["GET"]}}],"collection":[{"href":"https:\/\/diariodominicano.com\/index.php?rest_route=\/wp\/v2\/posts"}],"about":[{"href":"https:\/\/diariodominicano.com\/index.php?rest_route=\/wp\/v2\/types\/post"}],"author":[{"embeddable":true,"href":"https:\/\/diariodominicano.com\/index.php?rest_route=\/wp\/v2\/users\/3"}],"replies":[{"embeddable":true,"href":"https:\/\/diariodominicano.com\/index.php?rest_route=%2Fwp%2Fv2%2Fcomments&post=171630"}],"version-history":[{"count":0,"href":"https:\/\/diariodominicano.com\/index.php?rest_route=\/wp\/v2\/posts\/171630\/revisions"}],"wp:attachment":[{"href":"https:\/\/diariodominicano.com\/index.php?rest_route=%2Fwp%2Fv2%2Fmedia&parent=171630"}],"wp:term":[{"taxonomy":"category","embeddable":true,"href":"https:\/\/diariodominicano.com\/index.php?rest_route=%2Fwp%2Fv2%2Fcategories&post=171630"},{"taxonomy":"post_tag","embeddable":true,"href":"https:\/\/diariodominicano.com\/index.php?rest_route=%2Fwp%2Fv2%2Ftags&post=171630"}],"curies":[{"name":"wp","href":"https:\/\/api.w.org\/{rel}","templated":true}]}}