{"id":171629,"date":"2017-12-22T11:54:18","date_gmt":"2017-12-22T11:54:18","guid":{"rendered":"http:\/\/diariodominicano.ddns.net\/?p=171629"},"modified":"2017-12-22T11:54:18","modified_gmt":"2017-12-22T11:54:18","slug":"max-puig-afirma-corrupcion-en-el-gobierno-sigue-indetenible","status":"publish","type":"post","link":"https:\/\/diariodominicano.com\/?p=171629","title":{"rendered":"Max Puig afirma corrupci\u00f3n en el gobierno sigue \u00abindetenible\u00bb"},"content":{"rendered":"<p><body><\/p>\n<p><img decoding=\"async\" src=\"img3\/maxpu.jpg\" \/>  <\/p>\n<p>Afirma Pacto El\u00e9ctrico excluye importantes sectores y no representa los intereses del pueblo<\/p>\n<\/p>\n<p>Santo Domingo, R.D.- El presidente de la Alianza por la Democracia (APD), Max Puig, asegur\u00f3 que a pesar de los esfuerzos y las manifestaciones realizadas por la organizaci\u00f3n Marcha Verde para exigir el cese de la corrupci\u00f3n y la impunidad en el pa\u00eds, este flagelo sigue imparable en el gobierno del presidente Danilo Medina y el Partido de la Liberaci\u00f3n Dominicana (PLD).<\/p>\n<\/p>\n<p>Entrevistado por el periodista Vargavila River\u00f3n en el programa \u00abFr\u00edas y Calientes\u00bb que se transmite por el canal Hilando Fino TV, deplor\u00f3 que contin\u00faan estallando casos de corrupci\u00f3n en instituciones p\u00fablicas, no obstante calific\u00f3 el 2017 como un a\u00f1o muy importante afirmando que ha sido el despertar ciudadano y de la movilizaci\u00f3n con las manifestaciones populares en contra de ese delito.<\/p>\n<\/p>\n<p>\u00abHa sido un a\u00f1o del despertar ciudadano, no es que se descubri\u00f3 la corrupci\u00f3n, eso est\u00e1 desde hace mucho tiempo y crece cada vez m\u00e1s en este gobierno, este es el a\u00f1o del destape de la magnitud, de la profundidad y los efectos graves de esa corrupci\u00f3n ha provocado que se profundice el desprestigio del gobierno, ha perdido legitimidad, est\u00e1 en picada y por eso cada vez menos dominicanos conf\u00edan en \u00e9l y en el partido dominante\u00bb, declar\u00f3 el tambi\u00e9n ex ministro de medio ambiente.<\/p>\n<\/p>\n<p>Reiter\u00f3 que \u00ablos esc\u00e1ndalos de corrupci\u00f3n m\u00e1s grandes de la historia del pa\u00eds se han registrado en las \u00faltimas administraciones gubernamentales del Partido de la Liberaci\u00f3n Dominicana, pero al existir una complicidad explicita en la justicia, no se ha hecho nada al respecto, a pesar de que existen pruebas de muchos actos de corrupci\u00f3n\u00bb.<\/p>\n<\/p>\n<p>Dice sectores importantes fueron excluidos del Pacto El\u00e9ctrico y no representa los intereses de la mayor\u00eda<\/p>\n<\/p>\n<p>En otro orden, Max Puig asegur\u00f3 que el gobierno se vio obligado a posponer la firma del Pacto El\u00e9ctrico, ya que no se escucharon las propuestas de sectores importantes del pa\u00eds, que fueron excluidos del proceso de discusi\u00f3n de la iniciativa.<\/p>\n<\/p>\n<p>Vaticin\u00f3 que ser\u00eda un fracaso en las condiciones en que el gobierno del presidente Danilo Medina pretende firmar el acuerdo para solucionar la problem\u00e1tica del sector energ\u00e9tico en la Rep\u00fablica Dominicana, porque no representa los intereses del pueblo, sino de un grupo que se beneficia de la mafia el\u00e9ctrica.<\/p>\n<h6> 2017-12-22 11:54:18 <\/h6>\n<p><!--\n<link rel=\"stylesheet\" href=\"css\/bootstrap.min.css\">\n\n\n<ul class=\"pagination\">\n\t    \n\t\n\n<li >\n\t<a href='?page_no=6915'>Previous<\/a>\n\t<\/li>\n\n\n       \n    \n\n<li><a href='?page_no=1'>1<\/a><\/li>\n\n\n\n<li><a href='?page_no=2'>2<\/a><\/li>\n\n\n\n<li><a>...<\/a><\/li>\n\n\n\n<li><a href='?page_no=6914'>6914<\/a><\/li>\n\n\n\n<li><a href='?page_no=6915'>6915<\/a><\/li>\n\n\n\n<li class='active'><a>6916<\/a><\/li>\n\n\n\n<li><a href='?page_no=6917'>6917<\/a><\/li>\n\n\n\n<li><a href='?page_no=6918'>6918<\/a><\/li>\n\n\n\n<li><a>...<\/a><\/li>\n\n\n\n<li><a href='?page_no=36999'>36999<\/a><\/li>\n\n\n\n<li><a href='?page_no=37000'>37000<\/a><\/li>\n\n    \n\t\n\n<li >\n\t<a href='?page_no=6917'>Next<\/a>\n\t<\/li>\n\n\n    \n\n<li><a href='?page_no=37000'>Last &rsaquo;&rsaquo;<\/a><\/li>\n\n<\/ul>\n\n\n--><br \/>\n<\/body><\/p>\n","protected":false},"excerpt":{"rendered":"<p>Afirma Pacto El\u00e9ctrico excluye importantes sectores y no representa los intereses del pueblo Santo Domingo, R.D.- El presidente de la Alianza por la Democracia (APD), Max Puig, asegur\u00f3 que a pesar de los esfuerzos y las manifestaciones realizadas por la organizaci\u00f3n Marcha Verde para exigir el cese de la corrupci\u00f3n y la impunidad en el [&hellip;]<\/p>\n","protected":false},"author":3,"featured_media":0,"comment_status":"open","ping_status":"open","sticky":false,"template":"","format":"standard","meta":{"footnotes":""},"categories":[22],"tags":[],"class_list":["post-171629","post","type-post","status-publish","format-standard","hentry","category-politica"],"_links":{"self":[{"href":"https:\/\/diariodominicano.com\/index.php?rest_route=\/wp\/v2\/posts\/171629","targetHints":{"allow":["GET"]}}],"collection":[{"href":"https:\/\/diariodominicano.com\/index.php?rest_route=\/wp\/v2\/posts"}],"about":[{"href":"https:\/\/diariodominicano.com\/index.php?rest_route=\/wp\/v2\/types\/post"}],"author":[{"embeddable":true,"href":"https:\/\/diariodominicano.com\/index.php?rest_route=\/wp\/v2\/users\/3"}],"replies":[{"embeddable":true,"href":"https:\/\/diariodominicano.com\/index.php?rest_route=%2Fwp%2Fv2%2Fcomments&post=171629"}],"version-history":[{"count":0,"href":"https:\/\/diariodominicano.com\/index.php?rest_route=\/wp\/v2\/posts\/171629\/revisions"}],"wp:attachment":[{"href":"https:\/\/diariodominicano.com\/index.php?rest_route=%2Fwp%2Fv2%2Fmedia&parent=171629"}],"wp:term":[{"taxonomy":"category","embeddable":true,"href":"https:\/\/diariodominicano.com\/index.php?rest_route=%2Fwp%2Fv2%2Fcategories&post=171629"},{"taxonomy":"post_tag","embeddable":true,"href":"https:\/\/diariodominicano.com\/index.php?rest_route=%2Fwp%2Fv2%2Ftags&post=171629"}],"curies":[{"name":"wp","href":"https:\/\/api.w.org\/{rel}","templated":true}]}}