{"id":171628,"date":"2017-12-22T12:14:23","date_gmt":"2017-12-22T12:14:23","guid":{"rendered":"http:\/\/diariodominicano.ddns.net\/?p=171628"},"modified":"2017-12-22T12:14:23","modified_gmt":"2017-12-22T12:14:23","slug":"equipo-politico-de-fernando-rosa-asiste-a-cena-de-confraternidad-organizada-por-el-diputado-demostenes-martinez","status":"publish","type":"post","link":"https:\/\/diariodominicano.com\/?p=171628","title":{"rendered":"Equipo Pol\u00edtico de Fernando Rosa asiste a cena de Confraternidad organizada por el Diputado Dem\u00f3stenes Mart\u00ednez"},"content":{"rendered":"<p><body><\/p>\n<p><img decoding=\"async\" src=\"img3\/cenav1.jpg\" \/><br \/><img decoding=\"async\" src=\"img3\/cenav2.jpg\" \/>  <\/p>\n<p><strong>SANTIAGO.- <\/strong>El equipo Pol\u00edtico de Fernando Rosa, asisti\u00f3 a una cena navide\u00f1a de Confraternidad, organizada por el Diputado Dem\u00f3stenes Mart\u00ednez, con Miembros de Comit\u00e9 Centra, alcaldes municipales, presidentes de intermedios y bases de la Circunscripci\u00f3n 2 de la provincia de Santiago.<\/p>\n<\/p>\n<p>El miembro del Comit\u00e9 Central Fernando Rosa, agradeci\u00f3 la invitaci\u00f3n hecha por el Diputado Dem\u00f3stenes Mart\u00ednez, a participar de esta gran cena de Confraternidad con valiosos e importantes dirigentes de la Circunscripci\u00f3n No. 2.<\/p>\n<\/p>\n<p>\u00abTenemos que continuar realizando este tipo de encuentros, para que la unidad siga floreciendo y as\u00ed demostrar  que en la unidad es que esta la fuerza, y la fuerza indica que el PLD seguir\u00e1 en el poder, por mucho a\u00f1os\u00bb, dijo Rosa.<\/p>\n<\/p>\n<p>El destacado dirigente del PLD, manifest\u00f3 que la unidad es la clave del crecimiento y la gran cadena de triunfos en la historia de esa organizaci\u00f3n pol\u00edtica. <\/p>\n<\/p>\n<p>\u00abCuando Jurament\u00e9 Dem\u00f3stenes Mart\u00ednez en 1994, como miembro del Partido, siendo un jovencito, me di cuenta inmediatamente que iba llegar muy lejos\u00bb, sostuvo <\/p>\n<\/p>\n<p>Hizo un llamado a darle oportunidad a la juventud, a cuidar y orientar a los j\u00f3venes, porque al igual que Dem\u00f3stenes Mart\u00ednez, seguir\u00e1n apareciendo muchos talentos, que servir\u00e1n para aportar a la naci\u00f3n.<\/p>\n<\/p>\n<p>Rosa, se hizo acompa\u00f1ar del Presidente del Concejo Edilicio del Ayuntamiento del Municipio de Santiago, Luis Jos\u00e9 Est\u00e9vez, los dirigentes Gustavo Cabrera, Hilario Paulino y Cristian Est\u00e9vez.  <\/p>\n<\/p>\n<p>En la actividad estuvieron presentes, El Diputado Dem\u00f3stenes Mart\u00ednez, los miembros del Comit\u00e9 Central, Jos\u00e9 Izquierdo, Ra\u00fal Mart\u00ednez, Conrado Abud, Salvador P\u00e9rez, Otto V\u00e1zquez, Hamlet Ot\u00e1\u00f1ez, An\u00edbal Abreu y Sergio Beato. Los directores de los distritos municipales del Rubio, Sajoma, Tony Perez, de Janico, Hilario Fern\u00e1ndez  Hato del Yaque,  Ferm\u00edn Noesis en La Canela, Papo Jorge y el ex alcalde de la Canela Chelo Gaspar.<\/p>\n<\/p>\n<p>Tambi\u00e9n se dieron cita, los regidores, Di\u00f3genes Almonte, Ana Luisa Mieses y Ambiorix Gonz\u00e1lez.  <\/p>\n<h6> 2017-12-22 12:14:23 <\/h6>\n<p><!--\n<link rel=\"stylesheet\" href=\"css\/bootstrap.min.css\">\n\n\n<ul class=\"pagination\">\n\t    \n\t\n\n<li >\n\t<a href='?page_no=6914'>Previous<\/a>\n\t<\/li>\n\n\n       \n    \n\n<li><a href='?page_no=1'>1<\/a><\/li>\n\n\n\n<li><a href='?page_no=2'>2<\/a><\/li>\n\n\n\n<li><a>...<\/a><\/li>\n\n\n\n<li><a href='?page_no=6913'>6913<\/a><\/li>\n\n\n\n<li><a href='?page_no=6914'>6914<\/a><\/li>\n\n\n\n<li class='active'><a>6915<\/a><\/li>\n\n\n\n<li><a href='?page_no=6916'>6916<\/a><\/li>\n\n\n\n<li><a href='?page_no=6917'>6917<\/a><\/li>\n\n\n\n<li><a>...<\/a><\/li>\n\n\n\n<li><a href='?page_no=36999'>36999<\/a><\/li>\n\n\n\n<li><a href='?page_no=37000'>37000<\/a><\/li>\n\n    \n\t\n\n<li >\n\t<a href='?page_no=6916'>Next<\/a>\n\t<\/li>\n\n\n    \n\n<li><a href='?page_no=37000'>Last &rsaquo;&rsaquo;<\/a><\/li>\n\n<\/ul>\n\n\n--><br \/>\n<\/body><\/p>\n","protected":false},"excerpt":{"rendered":"<p>SANTIAGO.- El equipo Pol\u00edtico de Fernando Rosa, asisti\u00f3 a una cena navide\u00f1a de Confraternidad, organizada por el Diputado Dem\u00f3stenes Mart\u00ednez, con Miembros de Comit\u00e9 Centra, alcaldes municipales, presidentes de intermedios y bases de la Circunscripci\u00f3n 2 de la provincia de Santiago. El miembro del Comit\u00e9 Central Fernando Rosa, agradeci\u00f3 la invitaci\u00f3n hecha por el Diputado [&hellip;]<\/p>\n","protected":false},"author":3,"featured_media":0,"comment_status":"open","ping_status":"open","sticky":false,"template":"","format":"standard","meta":{"footnotes":""},"categories":[22],"tags":[],"class_list":["post-171628","post","type-post","status-publish","format-standard","hentry","category-politica"],"_links":{"self":[{"href":"https:\/\/diariodominicano.com\/index.php?rest_route=\/wp\/v2\/posts\/171628","targetHints":{"allow":["GET"]}}],"collection":[{"href":"https:\/\/diariodominicano.com\/index.php?rest_route=\/wp\/v2\/posts"}],"about":[{"href":"https:\/\/diariodominicano.com\/index.php?rest_route=\/wp\/v2\/types\/post"}],"author":[{"embeddable":true,"href":"https:\/\/diariodominicano.com\/index.php?rest_route=\/wp\/v2\/users\/3"}],"replies":[{"embeddable":true,"href":"https:\/\/diariodominicano.com\/index.php?rest_route=%2Fwp%2Fv2%2Fcomments&post=171628"}],"version-history":[{"count":0,"href":"https:\/\/diariodominicano.com\/index.php?rest_route=\/wp\/v2\/posts\/171628\/revisions"}],"wp:attachment":[{"href":"https:\/\/diariodominicano.com\/index.php?rest_route=%2Fwp%2Fv2%2Fmedia&parent=171628"}],"wp:term":[{"taxonomy":"category","embeddable":true,"href":"https:\/\/diariodominicano.com\/index.php?rest_route=%2Fwp%2Fv2%2Fcategories&post=171628"},{"taxonomy":"post_tag","embeddable":true,"href":"https:\/\/diariodominicano.com\/index.php?rest_route=%2Fwp%2Fv2%2Ftags&post=171628"}],"curies":[{"name":"wp","href":"https:\/\/api.w.org\/{rel}","templated":true}]}}