{"id":171625,"date":"2017-12-22T13:41:06","date_gmt":"2017-12-22T13:41:06","guid":{"rendered":"http:\/\/diariodominicano.ddns.net\/?p=171625"},"modified":"2017-12-22T13:41:06","modified_gmt":"2017-12-22T13:41:06","slug":"desde-santiago-leonel-fernandez-envia-saludo-cordial-y-afectuoso-a-todas-las-familias-dominicanas-en-las-navidades","status":"publish","type":"post","link":"https:\/\/diariodominicano.com\/?p=171625","title":{"rendered":"Desde Santiago Leonel Fern\u00e1ndez env\u00eda saludo cordial y afectuoso a todas las familias dominicanas en las navidades"},"content":{"rendered":"<p><body><\/p>\n<p><img decoding=\"async\" src=\"img3\/leos2.jpg\" \/>  <\/p>\n<p><strong>SANTIAGO, RD, 22 de diciembre de 2017.-<\/strong> El ex presidente Leonel Fern\u00e1ndez inici\u00f3 en Santiago de los Caballeros la tercera jornada de repartos de miles de canastas navide\u00f1as, cumpliendo como lo expresara, con una tradici\u00f3n de m\u00e1s de 20 a\u00f1os que realiza a nombre del Partido de la Liberaci\u00f3n Dominicana.<\/p>\n<\/p>\n<p>Al iniciar los repartos y a petici\u00f3n de los periodistas, reiter\u00f3 sus deseos al pueblo dominicano de disfrute de unas navidades en paz y en armon\u00eda.<\/p>\n<\/p>\n<p>\u00abEnviamos un saludo cordial, afectuoso a la familia dominicana en estas navidades\u00bb,  Leonel Fern\u00e1ndez reiter\u00f3 lo expresado al inicio de la semana de que el Partido de la Liberaci\u00f3n Dominicana ira unido a las elecciones de 2010 y que nuevamente saldr\u00e1 triunfante.<\/p>\n<\/p>\n<p>Se program\u00f3 para este d\u00eda la entrega de canastas en Santiago, Montecristi, Dajab\u00f3n, Santiago Rodr\u00edguez, Mao para concluir en Esperanza, estos dos \u00faltimos municipios de la provincia Valverde.<\/p>\n<\/p>\n<p>Al igual que en los d\u00edas anteriores Bautista Rojas G\u00f3mez y Radham\u00e9s Jim\u00e9nez, miembros del Comit\u00e9 Pol\u00edtico acompa\u00f1an al ex mandatario en estos repartos, que se inician con las primeras entregas a cargo del  propio Leonel Fern\u00e1ndez y contin\u00faan posteriormente con  los dirigentes locales de la organizaci\u00f3n.<\/p>\n<\/p>\n<p>Escasos minutos despu\u00e9s de las diez de la ma\u00f1ana se realizaron las primeras entregas en la avenida Los Jazmines (frente al bajo techo del sector Los Jazmines), en la zona Sur de la ciudad, perteneciente a la Circunscripci\u00f3n Electoral n\u00famero tres de Santiago, luego la comitiva se traslad\u00f3 a la avenida Circunvalaci\u00f3n, frente al puente del sector la Otra Banda, en el barrio La Joya, perteneciente a la Circunscripci\u00f3n Electoral N\u00famero Dos.<\/p>\n<\/p>\n<p>El tercer punto de los repartos en Santiago se realiz\u00f3 en el barrio Mella Uno y en la calle 56 esquina calle 57, que pertenece a la Circunscripci\u00f3n Electoral n\u00famero Uno.<\/p>\n<\/p>\n<p>Es una tradici\u00f3n que el presidente del PLD recorra el pa\u00eds a finales de cada mes de diciembre con el prop\u00f3sito de repartir las cajas navide\u00f1as a familias pobres de barrios y sectores populares, las cuales reciben con alegr\u00eda y entusiasmo.<\/p>\n<\/p>\n<p>De la dirigencia del PLD en Santiago acompa\u00f1aron al presidente de esa organizaci\u00f3n   Jos\u00e9 Izquierdo, Dem\u00f3stenes Mart\u00ednez, Hamlet Ot\u00e1\u00f1ez, Ra\u00fal Mart\u00ednez, Altagracia Gonz\u00e1lez, V\u00edctor Suarez entre otros.<\/p>\n<\/p>\n<p>De la direcci\u00f3n nacional y coordinadores del equipo operativo participaron Virgilio Bautista, Franklin Labour, Luis Hern\u00e1ndez y Jos\u00e9 Paulino Pe\u00f1a, este \u00faltimo confirm\u00f3 que los repartos de este s\u00e1bado ser\u00e1n para familia necesitada de barrios del Distrito Nacional y provincia de Santo Domingo y que la entrega se realizara a partir de las diez de la ma\u00f1ana frente a la Oficina Presidencial del PLD.<\/p>\n<\/p>\n<p>En la etiqueta #LeonelFern\u00e1ndezEnNavidad miembros del PLD y simpatizantes de esa organizaci\u00f3n est\u00e1n colocando los mensajes e im\u00e1genes de los repartos y las filas humanas esperando, de manera organizada el inicio de los repartos.<\/p>\n<\/p>\n<p>Antes de los repartos de Montecristi Leonel Fern\u00e1ndez gir\u00f3 una visita a la residencia del fenecido Jos\u00e9 Antonio Batista, (Far\u00ed), miembro fundador del PLD en esa provincia compartiendo con sus familiares extern\u00e1ndoles su pesar y los afectos que profesaba al dirigente fallecido el pasado julio.<\/p>\n<h6> 2017-12-22 13:41:06 <\/h6>\n<p><!--\n<link rel=\"stylesheet\" href=\"css\/bootstrap.min.css\">\n\n\n<ul class=\"pagination\">\n\t    \n\t\n\n<li >\n\t<a href='?page_no=6911'>Previous<\/a>\n\t<\/li>\n\n\n       \n    \n\n<li><a href='?page_no=1'>1<\/a><\/li>\n\n\n\n<li><a href='?page_no=2'>2<\/a><\/li>\n\n\n\n<li><a>...<\/a><\/li>\n\n\n\n<li><a href='?page_no=6910'>6910<\/a><\/li>\n\n\n\n<li><a href='?page_no=6911'>6911<\/a><\/li>\n\n\n\n<li class='active'><a>6912<\/a><\/li>\n\n\n\n<li><a href='?page_no=6913'>6913<\/a><\/li>\n\n\n\n<li><a href='?page_no=6914'>6914<\/a><\/li>\n\n\n\n<li><a>...<\/a><\/li>\n\n\n\n<li><a href='?page_no=36999'>36999<\/a><\/li>\n\n\n\n<li><a href='?page_no=37000'>37000<\/a><\/li>\n\n    \n\t\n\n<li >\n\t<a href='?page_no=6913'>Next<\/a>\n\t<\/li>\n\n\n    \n\n<li><a href='?page_no=37000'>Last &rsaquo;&rsaquo;<\/a><\/li>\n\n<\/ul>\n\n\n--><br \/>\n<\/body><\/p>\n","protected":false},"excerpt":{"rendered":"<p>SANTIAGO, RD, 22 de diciembre de 2017.- El ex presidente Leonel Fern\u00e1ndez inici\u00f3 en Santiago de los Caballeros la tercera jornada de repartos de miles de canastas navide\u00f1as, cumpliendo como lo expresara, con una tradici\u00f3n de m\u00e1s de 20 a\u00f1os que realiza a nombre del Partido de la Liberaci\u00f3n Dominicana. Al iniciar los repartos y [&hellip;]<\/p>\n","protected":false},"author":3,"featured_media":0,"comment_status":"open","ping_status":"open","sticky":false,"template":"","format":"standard","meta":{"footnotes":""},"categories":[22],"tags":[],"class_list":["post-171625","post","type-post","status-publish","format-standard","hentry","category-politica"],"_links":{"self":[{"href":"https:\/\/diariodominicano.com\/index.php?rest_route=\/wp\/v2\/posts\/171625","targetHints":{"allow":["GET"]}}],"collection":[{"href":"https:\/\/diariodominicano.com\/index.php?rest_route=\/wp\/v2\/posts"}],"about":[{"href":"https:\/\/diariodominicano.com\/index.php?rest_route=\/wp\/v2\/types\/post"}],"author":[{"embeddable":true,"href":"https:\/\/diariodominicano.com\/index.php?rest_route=\/wp\/v2\/users\/3"}],"replies":[{"embeddable":true,"href":"https:\/\/diariodominicano.com\/index.php?rest_route=%2Fwp%2Fv2%2Fcomments&post=171625"}],"version-history":[{"count":0,"href":"https:\/\/diariodominicano.com\/index.php?rest_route=\/wp\/v2\/posts\/171625\/revisions"}],"wp:attachment":[{"href":"https:\/\/diariodominicano.com\/index.php?rest_route=%2Fwp%2Fv2%2Fmedia&parent=171625"}],"wp:term":[{"taxonomy":"category","embeddable":true,"href":"https:\/\/diariodominicano.com\/index.php?rest_route=%2Fwp%2Fv2%2Fcategories&post=171625"},{"taxonomy":"post_tag","embeddable":true,"href":"https:\/\/diariodominicano.com\/index.php?rest_route=%2Fwp%2Fv2%2Ftags&post=171625"}],"curies":[{"name":"wp","href":"https:\/\/api.w.org\/{rel}","templated":true}]}}