{"id":171624,"date":"2017-12-22T15:21:27","date_gmt":"2017-12-22T15:21:27","guid":{"rendered":"http:\/\/diariodominicano.ddns.net\/?p=171624"},"modified":"2017-12-22T15:21:27","modified_gmt":"2017-12-22T15:21:27","slug":"movimiento-social-y-politico-de-rd-exige-gobierno-no-reconozca-al-dictador-de-honduras-juan-orlando-hernandez","status":"publish","type":"post","link":"https:\/\/diariodominicano.com\/?p=171624","title":{"rendered":"Movimiento Social y Pol\u00edtico de RD exige Gobierno no reconozca al \u00abdictador de Honduras, Juan Orlando Hern\u00e1ndez\u00bb"},"content":{"rendered":"<p><body><\/p>\n<p><img decoding=\"async\" src=\"img3\/IMG_6316.JPG\" \/><br \/><img decoding=\"async\" src=\"img3\/IMG_6325.JPG\" \/>  <\/p>\n<\/p>\n<\/p>\n<p><strong> <\/strong><\/p>\n<p><strong>SANTO DOMINGO, RD, 33, de diciembre. <\/strong>Organizaciones de Izquierda y del Movimiento Social, exigieron ante el Ministerio de Relaciones Exteriores de Rep\u00fablica Dominicana que \u00abel ileg\u00edtimo gobierno de Juan Orlando Hern\u00e1ndez\u00bb, en la hermana Rep\u00fablica de Honduras sea desconocido y que el  Estado dominicano como parte de Am\u00e9rica Latina y de la Comunidad Internacional se manifieste de manera firme, coherente y clara, exigiendo el respeto a la democracia y a la decisi\u00f3n del pueblo hondure\u00f1o.<\/p>\n<\/p>\n<\/p>\n<p>A trav\u00e9s de un Comunicado que tambi\u00e9n fue depositado en la Embajada de Honduras y de una correspondencia dirigida al Ministro de Relaciones Exteriores  Miguel Vargas Maldonado, reclamaron que el Gobierno exija el respeto a la voluntad popular expresada en las urnas, el fin de la represi\u00f3n y de la violaci\u00f3n a los Derechos Humanos por parte de las fuerzas represoras de la dictadura de JOH.<\/p>\n<\/p>\n<\/p>\n<p>En Canciller\u00eda una Comisi\u00f3n fue recibida por el viceministro Carlos Gabriel Garc\u00eda y por el Embajador Ram\u00f3n S\u00e1nchez entre otros funcionarios, y el Viceministro luego de escuchar y recibir la misiva, acot\u00f3: \u00abyo les adelanto que \u00e9ste documento llegar\u00e1 a las manos del Ministro en las pr\u00f3ximas horas a los fines de que el mismo pueda ser debidamente valorado por las autoridades de la Canciller\u00eda y por el Gobierno Dominicano, con la finalidad de tomar nota debida de la preocupaci\u00f3n de las organizaciones firmantes de \u00e9ste documento\u00bb.<\/p>\n<\/p>\n<\/p>\n<p>A seguidas <strong>Virtudes \u00c1lvarez<\/strong> le inquiri\u00f3, que como el Gobierno no ha asumido posici\u00f3n \u00e9ste era un buen momento, no para tomar nota, sino para que asuman las propuestas, a los que el Viceministro respondi\u00f3 \u00abque ese ser\u00eda el deseo inmenso personal nuestro, pero que va en esa direcci\u00f3n\u00bb.<\/p>\n<\/p>\n<\/p>\n<p><strong>Narciso Isa Conde<\/strong>, en sinton\u00eda con la carta explic\u00f3 que  muchas personas de la comunidad \u00e1rabe en Dominicana est\u00e1n preocupadas por la abstenci\u00f3n de Rep\u00fablica Dominicana ?en la ONU-, ante un caso que para el mundo \u00e1rabe es trascendental porque pretender modificar los acuerdos originales y reconocer a Jerusal\u00e9n como capital de Israel, es una provocaci\u00f3n de incalculables consecuencias y manifest\u00f3 que es muy importante aprovechar la oportunidad para expresar a Canciller\u00eda y al propio Presidente de la Rep\u00fablica que no se sume a esa realidad.<\/p>\n<\/p>\n<\/p>\n<p>La carta finaliza explicando: \u00abLos dominicanos y dominicanas exigimos, que la Canciller\u00eda, el Gobierno y todas las instancias de lugar del Estado dominicano, ante la situaci\u00f3n que vive Honduras, se haga presente y manifieste el compromiso indeclinable e indudable de la naci\u00f3n dominicana con que en Am\u00e9rica Latina pervivan la democracia, la libertad y los derechos humanos, incluyendo que son las mayor\u00edas populares las que eligen a los gobiernos y  a sus representantes.\u00bb<\/p>\n<h6> 2017-12-22 15:21:27 <\/h6>\n<p><!--\n<link rel=\"stylesheet\" href=\"css\/bootstrap.min.css\">\n\n\n<ul class=\"pagination\">\n\t    \n\t\n\n<li >\n\t<a href='?page_no=6910'>Previous<\/a>\n\t<\/li>\n\n\n       \n    \n\n<li><a href='?page_no=1'>1<\/a><\/li>\n\n\n\n<li><a href='?page_no=2'>2<\/a><\/li>\n\n\n\n<li><a>...<\/a><\/li>\n\n\n\n<li><a href='?page_no=6909'>6909<\/a><\/li>\n\n\n\n<li><a href='?page_no=6910'>6910<\/a><\/li>\n\n\n\n<li class='active'><a>6911<\/a><\/li>\n\n\n\n<li><a href='?page_no=6912'>6912<\/a><\/li>\n\n\n\n<li><a href='?page_no=6913'>6913<\/a><\/li>\n\n\n\n<li><a>...<\/a><\/li>\n\n\n\n<li><a href='?page_no=36999'>36999<\/a><\/li>\n\n\n\n<li><a href='?page_no=37000'>37000<\/a><\/li>\n\n    \n\t\n\n<li >\n\t<a href='?page_no=6912'>Next<\/a>\n\t<\/li>\n\n\n    \n\n<li><a href='?page_no=37000'>Last &rsaquo;&rsaquo;<\/a><\/li>\n\n<\/ul>\n\n\n--><br \/>\n<\/body><\/p>\n","protected":false},"excerpt":{"rendered":"<p>SANTO DOMINGO, RD, 33, de diciembre. Organizaciones de Izquierda y del Movimiento Social, exigieron ante el Ministerio de Relaciones Exteriores de Rep\u00fablica Dominicana que \u00abel ileg\u00edtimo gobierno de Juan Orlando Hern\u00e1ndez\u00bb, en la hermana Rep\u00fablica de Honduras sea desconocido y que el Estado dominicano como parte de Am\u00e9rica Latina y de la Comunidad Internacional se [&hellip;]<\/p>\n","protected":false},"author":3,"featured_media":0,"comment_status":"open","ping_status":"open","sticky":false,"template":"","format":"standard","meta":{"footnotes":""},"categories":[22],"tags":[],"class_list":["post-171624","post","type-post","status-publish","format-standard","hentry","category-politica"],"_links":{"self":[{"href":"https:\/\/diariodominicano.com\/index.php?rest_route=\/wp\/v2\/posts\/171624","targetHints":{"allow":["GET"]}}],"collection":[{"href":"https:\/\/diariodominicano.com\/index.php?rest_route=\/wp\/v2\/posts"}],"about":[{"href":"https:\/\/diariodominicano.com\/index.php?rest_route=\/wp\/v2\/types\/post"}],"author":[{"embeddable":true,"href":"https:\/\/diariodominicano.com\/index.php?rest_route=\/wp\/v2\/users\/3"}],"replies":[{"embeddable":true,"href":"https:\/\/diariodominicano.com\/index.php?rest_route=%2Fwp%2Fv2%2Fcomments&post=171624"}],"version-history":[{"count":0,"href":"https:\/\/diariodominicano.com\/index.php?rest_route=\/wp\/v2\/posts\/171624\/revisions"}],"wp:attachment":[{"href":"https:\/\/diariodominicano.com\/index.php?rest_route=%2Fwp%2Fv2%2Fmedia&parent=171624"}],"wp:term":[{"taxonomy":"category","embeddable":true,"href":"https:\/\/diariodominicano.com\/index.php?rest_route=%2Fwp%2Fv2%2Fcategories&post=171624"},{"taxonomy":"post_tag","embeddable":true,"href":"https:\/\/diariodominicano.com\/index.php?rest_route=%2Fwp%2Fv2%2Ftags&post=171624"}],"curies":[{"name":"wp","href":"https:\/\/api.w.org\/{rel}","templated":true}]}}