{"id":171623,"date":"2017-12-22T15:26:21","date_gmt":"2017-12-22T15:26:21","guid":{"rendered":"http:\/\/diariodominicano.ddns.net\/?p=171623"},"modified":"2017-12-22T15:26:21","modified_gmt":"2017-12-22T15:26:21","slug":"nasralla-se-retira-de-la-politica-tras-perder-elecciones-en-honduras","status":"publish","type":"post","link":"https:\/\/diariodominicano.com\/?p=171623","title":{"rendered":"Nasralla se retira de la pol\u00edtica tras perder elecciones en Honduras"},"content":{"rendered":"<p><body><\/p>\n<p><img decoding=\"async\" src=\"img3\/Nasralla.jpg\" \/>  <\/p>\n<p><span class=\"text1noticias\">Tegucigalpa, 22 dic (dpa) &#8211; El candidato de la Alianza de Oposici\u00f3n contra la Dictadura en Honduras, Salvador Nasralla, anunci\u00f3 hoy que se retira del \u00abruedo pol\u00edtico\u00bb despu\u00e9s de haber perdido las elecciones presidenciales ante el actual mandatario, Juan Orlando Hern\u00e1ndez.<\/span><\/p>\n<\/p>\n<p><span class=\"text1noticias\">El pol\u00edtico opositor se considera vencedor de las elecciones presidenciales del pasado 26 de noviembre y acusa de fraude al Tribunal Supremo Electoral (TSE), que reconoci\u00f3 oficialmente la reelecci\u00f3n del conservador Hern\u00e1ndez. Estados Unidos aval\u00f3 hoy al presidente como vencedor de los comicios.<\/span><\/p>\n<\/p>\n<p><span class=\"text1noticias\">\u00abCon la decisi\u00f3n de Estados Unidos yo quedo fuera de escena, yo no tengo partido, porque la Alianza queda desintegrada con esa declaratoria de Estados Unidos. Yo seguir\u00e9 en la televisi\u00f3n, mis programas son de los de mayor audiencia en el pa\u00eds\u00bb, dijo Nasralla, quien es periodista, tras conocer que el Departamento de Estado norteamericano felicit\u00f3 a Hern\u00e1ndez por la victoria en las elecciones.<\/span><\/p>\n<\/p>\n<p><span class=\"text1noticias\">La postura estadounidense se aleja de la de la Organizaci\u00f3n de Estados Americanos (OEA), cuyo secretario general, Luis Almagro, pide nuevos comicios ante las irregularidades en el proceso electoral que se\u00f1al\u00f3 la misi\u00f3n electoral enviada al pa\u00eds centroamericano.<\/span><\/p>\n<\/p>\n<p><span class=\"text1noticias\">Nasralla, de 64 a\u00f1os, compareci\u00f3 hoy ante medios radiales de Honduras y dijo que se retira del ruedo pol\u00edtico porque se dio cuenta de que, en Honduras, no se ganan elecciones de forma democr\u00e1tica, sino que los gobiernos son impuestos por Estados Unidos y la c\u00fapula empresarial hondure\u00f1a.<\/span><\/p>\n<\/p>\n<p><span class=\"text1noticias\">Esta semana, Nasralla viaj\u00f3 a Washington, donde se reuni\u00f3 con funcionarios estadounidenses del Departamento de Estado y pidi\u00f3 a la administraci\u00f3n del presidente estadounidense, Donald Trump, que no reconociera a Hern\u00e1ndez como vencedor de unos comicios que asegura que le fueron robados.<\/span><\/p>\n<\/p>\n<p><span class=\"text1noticias\">\u00abEn Honduras podr\u00e1n pasar las elecciones que sean e instalarse los di\u00e1logos que sean, pero nunca va a prevalecer la opini\u00f3n de la gente honesta. Esta oportunidad ya se desperdici\u00f3\u00bb, se\u00f1al\u00f3.<\/span><\/p>\n<\/p>\n<p><span class=\"text1noticias\">Nasralla acusa al presidente Hern\u00e1ndez de dictador y de haberle robado el triunfo en los comicios en contubernio con el TSE. Los resultados del TSE establecen que el actual mandatario gan\u00f3 las elecciones al obtener el 42,95 por ciento de los votos, frente al 41,42 por ciento de Nasralla. La victoria del mandatario fue confirmada oficialmente este domingo, 21 d\u00edas despu\u00e9s de las elecciones.<\/span><\/p>\n<\/p>\n<p><span class=\"text1noticias\">\u00abHablen con Hern\u00e1ndez (Juan Orlando) y preg\u00fantenle si se va a querer quedar solo por cuatro a\u00f1os. Todo lo que te diga es mentira, \u00e9l va a quedarse los a\u00f1os que quiera\u00bb, sostuvo.  <\/span><\/p>\n<\/p>\n<p><span class=\"text1noticias\">En los pasados d\u00edas en Honduras, simpatizantes de la Alianza realizaron una serie de protestas en diferentes puntos del pa\u00eds, luego de celebradas las elecciones, en rechazo del fraude denunciado por Nasralla. En el marco de las protestas murieron al menos tres personas y varias resultaron heridas, adem\u00e1s de que se produjeron saqueos de negocios y quemas de veh\u00edculos. <\/span><\/p>\n<h6> 2017-12-22 15:26:21 <\/h6>\n<p><!--\n<link rel=\"stylesheet\" href=\"css\/bootstrap.min.css\">\n\n\n<ul class=\"pagination\">\n\t    \n\t\n\n<li >\n\t<a href='?page_no=6909'>Previous<\/a>\n\t<\/li>\n\n\n       \n    \n\n<li><a href='?page_no=1'>1<\/a><\/li>\n\n\n\n<li><a href='?page_no=2'>2<\/a><\/li>\n\n\n\n<li><a>...<\/a><\/li>\n\n\n\n<li><a href='?page_no=6908'>6908<\/a><\/li>\n\n\n\n<li><a href='?page_no=6909'>6909<\/a><\/li>\n\n\n\n<li class='active'><a>6910<\/a><\/li>\n\n\n\n<li><a href='?page_no=6911'>6911<\/a><\/li>\n\n\n\n<li><a href='?page_no=6912'>6912<\/a><\/li>\n\n\n\n<li><a>...<\/a><\/li>\n\n\n\n<li><a href='?page_no=36999'>36999<\/a><\/li>\n\n\n\n<li><a href='?page_no=37000'>37000<\/a><\/li>\n\n    \n\t\n\n<li >\n\t<a href='?page_no=6911'>Next<\/a>\n\t<\/li>\n\n\n    \n\n<li><a href='?page_no=37000'>Last &rsaquo;&rsaquo;<\/a><\/li>\n\n<\/ul>\n\n\n--><br \/>\n<\/body><\/p>\n","protected":false},"excerpt":{"rendered":"<p>Tegucigalpa, 22 dic (dpa) &#8211; El candidato de la Alianza de Oposici\u00f3n contra la Dictadura en Honduras, Salvador Nasralla, anunci\u00f3 hoy que se retira del \u00abruedo pol\u00edtico\u00bb despu\u00e9s de haber perdido las elecciones presidenciales ante el actual mandatario, Juan Orlando Hern\u00e1ndez. El pol\u00edtico opositor se considera vencedor de las elecciones presidenciales del pasado 26 de [&hellip;]<\/p>\n","protected":false},"author":3,"featured_media":0,"comment_status":"open","ping_status":"open","sticky":false,"template":"","format":"standard","meta":{"footnotes":""},"categories":[22],"tags":[],"class_list":["post-171623","post","type-post","status-publish","format-standard","hentry","category-politica"],"_links":{"self":[{"href":"https:\/\/diariodominicano.com\/index.php?rest_route=\/wp\/v2\/posts\/171623","targetHints":{"allow":["GET"]}}],"collection":[{"href":"https:\/\/diariodominicano.com\/index.php?rest_route=\/wp\/v2\/posts"}],"about":[{"href":"https:\/\/diariodominicano.com\/index.php?rest_route=\/wp\/v2\/types\/post"}],"author":[{"embeddable":true,"href":"https:\/\/diariodominicano.com\/index.php?rest_route=\/wp\/v2\/users\/3"}],"replies":[{"embeddable":true,"href":"https:\/\/diariodominicano.com\/index.php?rest_route=%2Fwp%2Fv2%2Fcomments&post=171623"}],"version-history":[{"count":0,"href":"https:\/\/diariodominicano.com\/index.php?rest_route=\/wp\/v2\/posts\/171623\/revisions"}],"wp:attachment":[{"href":"https:\/\/diariodominicano.com\/index.php?rest_route=%2Fwp%2Fv2%2Fmedia&parent=171623"}],"wp:term":[{"taxonomy":"category","embeddable":true,"href":"https:\/\/diariodominicano.com\/index.php?rest_route=%2Fwp%2Fv2%2Fcategories&post=171623"},{"taxonomy":"post_tag","embeddable":true,"href":"https:\/\/diariodominicano.com\/index.php?rest_route=%2Fwp%2Fv2%2Ftags&post=171623"}],"curies":[{"name":"wp","href":"https:\/\/api.w.org\/{rel}","templated":true}]}}