{"id":171621,"date":"2017-12-22T19:21:14","date_gmt":"2017-12-22T19:21:14","guid":{"rendered":"http:\/\/diariodominicano.ddns.net\/?p=171621"},"modified":"2017-12-22T19:21:14","modified_gmt":"2017-12-22T19:21:14","slug":"leonel-fernandez-agradece-cortesia-amabilidad-y-trato-de-la-gente-del-pueblo","status":"publish","type":"post","link":"https:\/\/diariodominicano.com\/?p=171621","title":{"rendered":"Leonel Fern\u00e1ndez agradece cortes\u00eda, amabilidad y trato de la gente del pueblo"},"content":{"rendered":"<p><body><\/p>\n<p><img decoding=\"async\" src=\"img3\/leonel01.jpg\" \/><br \/><img decoding=\"async\" src=\"img3\/leonel02.jpg\" \/><br \/><img decoding=\"async\" src=\"img3\/leonel03.jpg\" \/>  <\/p>\n<\/p>\n<p><strong><span class=\"text1noticias\">SANTO DOMINGO, RD, 22 de diciembre de 2017.- <\/span><\/strong><span class=\"text1noticias\">El presidente del Partido de la Liberaci\u00f3n Dominicana, Leonel Fern\u00e1ndez, se mostr\u00f3 complacido con el respaldo que ha tenido la distribuci\u00f3n de cajas navide\u00f1as para la cena de Nochebuena en los sectores m\u00e1s despose\u00eddos de la poblaci\u00f3n.<\/span><\/p>\n<\/p>\n<p><span class=\"text1noticias\">\u00abHa sido magnifico la gente ha sido muy amable, cordial y muy alegre, nuestra presencia aqu\u00ed es algo tradicional que lo hacemos casi todos los a\u00f1os, en el gobierno y fuera del gobierno\u00bb, declar\u00f3 Leonel Fern\u00e1ndez en Montecristi, lugar de la frontera norte a donde acudi\u00f3, encabezando los repartos de cajas conteniendo los art\u00edculos para la cena del domingo.<\/span><\/p>\n<\/p>\n<p><span class=\"text1noticias\">Reiter\u00f3 que la presidencia del PLD hace estas reparticiones desde hace casi 20 a\u00f1os entre las familias m\u00e1s humiles de la Rep\u00fablica Dominicana en esta \u00e9poca de navidad, lo que constituye una tradici\u00f3n.<\/span><\/p>\n<\/p>\n<p><span class=\"text1noticias\">El expresidente de la Rep\u00fablica envi\u00f3 un mensaje de felicitaci\u00f3n al pueblo dominicano en estas navidades, dese\u00e1ndole paz, armon\u00eda y optimismo en la familia dominicana.<\/span><\/p>\n<\/p>\n<p><span class=\"text1noticias\">La secretar\u00eda de Comunicaciones del PLD inform\u00f3 que Fern\u00e1ndez hizo sus declaraciones a la prensa al inicio de las reparticiones de las cajas navide\u00f1as de este diciembre en Monte Cristi, donde se comprometi\u00f3 a hacer una presentaci\u00f3n de las obras de infraestructura m\u00e1s importantes para el desarrollo futuro en esa provincia.<\/span><\/p>\n<\/p>\n<p><span class=\"text1noticias\">\u00abQue el 2018 sea un a\u00f1o de prosperidad y bienestar para toda la familia montecriste\u00f1a\u00bb, expres\u00f3 Fern\u00e1ndez  desde la \u00abCiudad del Morro\u00bb.<\/span><\/p>\n<\/p>\n<p><span class=\"text1noticias\">El ex presidente Leonel Fern\u00e1ndez inici\u00f3 en Santiago de los Caballeros la tercera jornada de repartos de miles de cajas navide\u00f1as, con encomienda de llegar tambi\u00e9n a Montecristi, Dajab\u00f3n, Santiago Rodr\u00edguez y Valverde.<\/span><\/p>\n<\/p>\n<p><span class=\"text1noticias\">En Santiago inicio los repartos en la zona Sur y concluy\u00f3 en Cienfuegos para viajar entonces a la l\u00ednea noroeste.<\/span><\/p>\n<\/p>\n<p><span class=\"text1noticias\">En Montecristi visit\u00f3 primero Palo Verde y desde all\u00ed a San Fernando desde donde recorri\u00f3 las dem\u00e1s provincias de la l\u00ednea Noroeste.<\/span><\/p>\n<\/p>\n<\/p>\n<\/p>\n<\/p>\n<h6> 2017-12-22 19:21:14 <\/h6>\n<p><!--\n<link rel=\"stylesheet\" href=\"css\/bootstrap.min.css\">\n\n\n<ul class=\"pagination\">\n\t    \n\t\n\n<li >\n\t<a href='?page_no=6908'>Previous<\/a>\n\t<\/li>\n\n\n       \n    \n\n<li><a href='?page_no=1'>1<\/a><\/li>\n\n\n\n<li><a href='?page_no=2'>2<\/a><\/li>\n\n\n\n<li><a>...<\/a><\/li>\n\n\n\n<li><a href='?page_no=6907'>6907<\/a><\/li>\n\n\n\n<li><a href='?page_no=6908'>6908<\/a><\/li>\n\n\n\n<li class='active'><a>6909<\/a><\/li>\n\n\n\n<li><a href='?page_no=6910'>6910<\/a><\/li>\n\n\n\n<li><a href='?page_no=6911'>6911<\/a><\/li>\n\n\n\n<li><a>...<\/a><\/li>\n\n\n\n<li><a href='?page_no=36999'>36999<\/a><\/li>\n\n\n\n<li><a href='?page_no=37000'>37000<\/a><\/li>\n\n    \n\t\n\n<li >\n\t<a href='?page_no=6910'>Next<\/a>\n\t<\/li>\n\n\n    \n\n<li><a href='?page_no=37000'>Last &rsaquo;&rsaquo;<\/a><\/li>\n\n<\/ul>\n\n\n--><br \/>\n<\/body><\/p>\n","protected":false},"excerpt":{"rendered":"<p>SANTO DOMINGO, RD, 22 de diciembre de 2017.- El presidente del Partido de la Liberaci\u00f3n Dominicana, Leonel Fern\u00e1ndez, se mostr\u00f3 complacido con el respaldo que ha tenido la distribuci\u00f3n de cajas navide\u00f1as para la cena de Nochebuena en los sectores m\u00e1s despose\u00eddos de la poblaci\u00f3n. \u00abHa sido magnifico la gente ha sido muy amable, cordial [&hellip;]<\/p>\n","protected":false},"author":3,"featured_media":0,"comment_status":"open","ping_status":"open","sticky":false,"template":"","format":"standard","meta":{"footnotes":""},"categories":[22],"tags":[],"class_list":["post-171621","post","type-post","status-publish","format-standard","hentry","category-politica"],"_links":{"self":[{"href":"https:\/\/diariodominicano.com\/index.php?rest_route=\/wp\/v2\/posts\/171621","targetHints":{"allow":["GET"]}}],"collection":[{"href":"https:\/\/diariodominicano.com\/index.php?rest_route=\/wp\/v2\/posts"}],"about":[{"href":"https:\/\/diariodominicano.com\/index.php?rest_route=\/wp\/v2\/types\/post"}],"author":[{"embeddable":true,"href":"https:\/\/diariodominicano.com\/index.php?rest_route=\/wp\/v2\/users\/3"}],"replies":[{"embeddable":true,"href":"https:\/\/diariodominicano.com\/index.php?rest_route=%2Fwp%2Fv2%2Fcomments&post=171621"}],"version-history":[{"count":0,"href":"https:\/\/diariodominicano.com\/index.php?rest_route=\/wp\/v2\/posts\/171621\/revisions"}],"wp:attachment":[{"href":"https:\/\/diariodominicano.com\/index.php?rest_route=%2Fwp%2Fv2%2Fmedia&parent=171621"}],"wp:term":[{"taxonomy":"category","embeddable":true,"href":"https:\/\/diariodominicano.com\/index.php?rest_route=%2Fwp%2Fv2%2Fcategories&post=171621"},{"taxonomy":"post_tag","embeddable":true,"href":"https:\/\/diariodominicano.com\/index.php?rest_route=%2Fwp%2Fv2%2Ftags&post=171621"}],"curies":[{"name":"wp","href":"https:\/\/api.w.org\/{rel}","templated":true}]}}