{"id":171620,"date":"2017-12-23T07:28:51","date_gmt":"2017-12-23T07:28:51","guid":{"rendered":"http:\/\/diariodominicano.ddns.net\/?p=171620"},"modified":"2017-12-23T07:28:51","modified_gmt":"2017-12-23T07:28:51","slug":"ano-exitoso-para-bachelet-pero-giro-a-la-derecha-en-chile","status":"publish","type":"post","link":"https:\/\/diariodominicano.com\/?p=171620","title":{"rendered":"A\u00f1o exitoso para Bachelet, pero giro a la derecha en Chile"},"content":{"rendered":"<p><body><\/p>\n<p><img decoding=\"async\" src=\"img3\/Michelle-Bachelet.jpg\" \/>  <\/p>\n<p><strong> Por Fausto Triana*<\/strong><\/p>\n<\/p>\n<p><strong>Santiago de Chile (PL)<\/strong> A estas alturas las sensaciones deben hallarse dentro de una encrucijada, con sabor agridulce para la presidenta de Chile, Michelle Bachelet, quien cierra un a\u00f1o exitoso pero entregar\u00e1 al Gobierno a la derecha.<\/p>\n<\/p>\n<p>Es a priori el balance m\u00e1s sustancial del a\u00f1o 2017 para Chile, el per\u00edodo de consolidaci\u00f3n de las reformas emprendidas por Bachelet (socialista), la implementaci\u00f3n de la ley de aborto en tres causales y el repunte de la econom\u00eda.<\/p>\n<\/p>\n<p>Incluso, una mejor\u00eda en la cota de popularidad de la mandataria y el reconocimiento internacional con distinciones y un cargo de asesor\u00eda dentro de las Naciones Unidas. Pero nada de esto impidi\u00f3 el regreso al Palacio de La Moneda de Sebasti\u00e1n Pi\u00f1era.<\/p>\n<\/p>\n<p>La centroizquierda chilena tendr\u00e1 que preguntarse en las pr\u00f3ximas semanas las causas de la derrota contundente de su carta en las elecciones presidenciales, el senador independiente Alejandro Guillier ante el conservador Pi\u00f1era.<\/p>\n<\/p>\n<p>El 11 de marzo de 2018 se repetir\u00e1 lo de hace cuatro a\u00f1os. Bachelet (socialista) fue la primera mujer en tomar las riendas del pa\u00eds austral de 2006 a 2010 y luego, las entreg\u00f3 a Pi\u00f1era (2010-2014).<\/p>\n<\/p>\n<p>Continu\u00f3 el intercambio al retornar al Palacio de La Moneda la hoy jefa de Estado (2014-2018). El recurrente ceremonial en la sede del Congreso Nacional en Valpara\u00edso, se antoja un sendero lleno de espinas, salvo que ambos pol\u00edticos decidan darse una tregua.<\/p>\n<\/p>\n<p>En t\u00e9rminos de relaciones internacionales, la proyecci\u00f3n de Chile se hizo m\u00e1s potente con la participaci\u00f3n de la mandataria en la Conferencia Mundial convocada por China de La Franja y la Ruta, junto con una visita oficial a Beijing.<\/p>\n<\/p>\n<p>Con el gigante asi\u00e1tico, el pa\u00eds austral consolid\u00f3 un Tratado de Libre Comercio (TLC) que tiene m\u00e1s de 10 a\u00f1os de existencia, con un volumen superior a los 33 mil millones de d\u00f3lares de intercambio comercial en 2016.<\/p>\n<\/p>\n<p>La din\u00e1mica econ\u00f3mica y comercial de Chile le permiti\u00f3 jugar un papel protag\u00f3nico en el rescate del TPP (acuerdo transpac\u00edfico de cooperaci\u00f3n), del que Estados Unidos se desmarc\u00f3 apenas asumir la Casa Blanca Donald Trump. Una reuni\u00f3n en Vi\u00f1a del Mar, con China de invitado especial y los 11 que permanec\u00edan en el TPP (Canad\u00e1, Vietnam, Jap\u00f3n, Australia, M\u00e9xico, Per\u00fa, Brunei, Nueva Zelanda, Singapur, Malasia y Chile), revivi\u00f3 las esperanzas.<\/p>\n<\/p>\n<p>Luego, en la Cumbre del Foro Asia-Pac\u00edfico (APEC) de Da Nang, Vietnam, en noviembre, se hizo realidad el TPP-11 que deber\u00e1 firmarse en el primer trimestre de 2018.<\/p>\n<\/p>\n<p>Adem\u00e1s de ampliar los respectivos TLC con China y Vietnam, entre otros, Chile inici\u00f3 negociaciones para hacerlo con la Uni\u00f3n Europea (UE) en el curso de 2018, y trabaja en direcciones similares con Indonesia, Canad\u00e1 y el propio Estados Unidos.<\/p>\n<\/p>\n<p>En calidad de organizador de la IV Conferencia Internacional de \u00c1reas Marinas Protegidas (AMP) en la norte\u00f1a ciudad de La Serena, Chile enarbol\u00f3 su compromiso de preservar m\u00e1s de un mill\u00f3n 200 mil kil\u00f3metros cuadrados.<\/p>\n<\/p>\n<p>La iniciativa abarca a la famosa Isla de Pascua (Rapa Nui) y buena parte de la regi\u00f3n de Magallanes y la Ant\u00e1rtica chilena. A ello se suma el compromiso irreversible para combatir el cambio clim\u00e1tico con el uso de energ\u00eda renovable y otras iniciativas.<\/p>\n<\/p>\n<p>PANORAMA INTERNO <\/p>\n<\/p>\n<p>Despu\u00e9s de un mandato accidentado al enfrentar problemas que involucraron a su nuera e hijo Sebasti\u00e1n D\u00e1valos, la dignataria mantuvo el pulso de sus reformas, con acento en educaci\u00f3n, laboral, tributaria y de salud.<\/p>\n<\/p>\n<p>Sin embargo, afront\u00f3 una f\u00e9rrea oposici\u00f3n de la derecha que incluso impugn\u00f3 ante el Tribunal Constitucional varias legislaciones o decretos.<\/p>\n<\/p>\n<p>Bachelet cre\u00f3 una subsecretar\u00eda de Derechos Humanos y dio varios pasos dentro de la filosof\u00eda de &#8216;verdad y justicia&#8217;, pero dej\u00f3 insatisfechas a asociaciones de familiares de desaparecidos o muertos por la dictadura de Augusto Pinochet (1973-1990).<\/p>\n<\/p>\n<p>Otro tal\u00f3n de Aquiles de su gesti\u00f3n, la econom\u00eda, encontr\u00f3 alivio con el alza del precio del cobre en el mercado mundial, el principal rubro exportador chileno. Cerrar\u00e1 con un crecimiento de 1,5 y expectativas de llegar a 3,0% en 2018.<\/p>\n<\/p>\n<p>La emblem\u00e1tica ley de aborto para casos de violaciones, peligro para la vida de la mujer y feto inviable de car\u00e1cter letal, fue considerada uno de sus grandes logros.<\/p>\n<\/p>\n<p>Tambi\u00e9n la puesta en marcha de dos ministerios con mayor alcance, de la Mujer y Equidad de G\u00e9nero, y de la Cultura, las Artes y el Patrimonio.<\/p>\n<\/p>\n<p>La celebraci\u00f3n del centenario del natalicio de la cantante, poeta, pintora y artesana Violeta Parra, autora de Gracias a la vida, destac\u00f3 a lo largo del a\u00f1o.<\/p>\n<\/p>\n<p>Asimismo, los avances en la investigaci\u00f3n internacional sobre la muerte del Premio Nobel de Literatura Pablo Neruda, quien a todas luces fue asesinado por la dictadura de Pinochet, fue otra noticia relevante en Chile.<\/p>\n<\/p>\n<p>Tambi\u00e9n, en el lado negativo, la eliminaci\u00f3n de la Roja en la clasificaci\u00f3n sudamericana a la Copa Mundial de F\u00fatbol de Rusia 2018.<\/p>\n<\/p>\n<p>Por lo pronto, queda en el ambiente &#8216;una amarga derrota&#8217;, as\u00ed calificada por el senador Guillier, de la centroizquierda en la naci\u00f3n sudamericana y sus consecuencias para Am\u00e9rica Latina y el Caribe.<\/p>\n<\/p>\n<p>Seg\u00fan el Servicio Electoral (Servel) Pi\u00f1era se impuso por 54,58 por ciento de los votos por 45,42 Guillier, marcando nuevamente un giro a la derecha que despierta muchas expectativas.<\/p>\n<\/p>\n<p>* Corresponsal de Prensa Latina en Chile.<\/p>\n<\/p>\n<p>Em\/ft\/cvl<\/p>\n<h6> 2017-12-23 07:28:51 <\/h6>\n<p><!--\n<link rel=\"stylesheet\" href=\"css\/bootstrap.min.css\">\n\n\n<ul class=\"pagination\">\n\t    \n\t\n\n<li >\n\t<a href='?page_no=6907'>Previous<\/a>\n\t<\/li>\n\n\n       \n    \n\n<li><a href='?page_no=1'>1<\/a><\/li>\n\n\n\n<li><a href='?page_no=2'>2<\/a><\/li>\n\n\n\n<li><a>...<\/a><\/li>\n\n\n\n<li><a href='?page_no=6906'>6906<\/a><\/li>\n\n\n\n<li><a href='?page_no=6907'>6907<\/a><\/li>\n\n\n\n<li class='active'><a>6908<\/a><\/li>\n\n\n\n<li><a href='?page_no=6909'>6909<\/a><\/li>\n\n\n\n<li><a href='?page_no=6910'>6910<\/a><\/li>\n\n\n\n<li><a>...<\/a><\/li>\n\n\n\n<li><a href='?page_no=36999'>36999<\/a><\/li>\n\n\n\n<li><a href='?page_no=37000'>37000<\/a><\/li>\n\n    \n\t\n\n<li >\n\t<a href='?page_no=6909'>Next<\/a>\n\t<\/li>\n\n\n    \n\n<li><a href='?page_no=37000'>Last &rsaquo;&rsaquo;<\/a><\/li>\n\n<\/ul>\n\n\n--><br \/>\n<\/body><\/p>\n","protected":false},"excerpt":{"rendered":"<p>Por Fausto Triana* Santiago de Chile (PL) A estas alturas las sensaciones deben hallarse dentro de una encrucijada, con sabor agridulce para la presidenta de Chile, Michelle Bachelet, quien cierra un a\u00f1o exitoso pero entregar\u00e1 al Gobierno a la derecha. Es a priori el balance m\u00e1s sustancial del a\u00f1o 2017 para Chile, el per\u00edodo de [&hellip;]<\/p>\n","protected":false},"author":3,"featured_media":0,"comment_status":"open","ping_status":"open","sticky":false,"template":"","format":"standard","meta":{"footnotes":""},"categories":[22],"tags":[],"class_list":["post-171620","post","type-post","status-publish","format-standard","hentry","category-politica"],"_links":{"self":[{"href":"https:\/\/diariodominicano.com\/index.php?rest_route=\/wp\/v2\/posts\/171620","targetHints":{"allow":["GET"]}}],"collection":[{"href":"https:\/\/diariodominicano.com\/index.php?rest_route=\/wp\/v2\/posts"}],"about":[{"href":"https:\/\/diariodominicano.com\/index.php?rest_route=\/wp\/v2\/types\/post"}],"author":[{"embeddable":true,"href":"https:\/\/diariodominicano.com\/index.php?rest_route=\/wp\/v2\/users\/3"}],"replies":[{"embeddable":true,"href":"https:\/\/diariodominicano.com\/index.php?rest_route=%2Fwp%2Fv2%2Fcomments&post=171620"}],"version-history":[{"count":0,"href":"https:\/\/diariodominicano.com\/index.php?rest_route=\/wp\/v2\/posts\/171620\/revisions"}],"wp:attachment":[{"href":"https:\/\/diariodominicano.com\/index.php?rest_route=%2Fwp%2Fv2%2Fmedia&parent=171620"}],"wp:term":[{"taxonomy":"category","embeddable":true,"href":"https:\/\/diariodominicano.com\/index.php?rest_route=%2Fwp%2Fv2%2Fcategories&post=171620"},{"taxonomy":"post_tag","embeddable":true,"href":"https:\/\/diariodominicano.com\/index.php?rest_route=%2Fwp%2Fv2%2Ftags&post=171620"}],"curies":[{"name":"wp","href":"https:\/\/api.w.org\/{rel}","templated":true}]}}