{"id":171619,"date":"2017-12-23T07:53:49","date_gmt":"2017-12-23T07:53:49","guid":{"rendered":"http:\/\/diariodominicano.ddns.net\/?p=171619"},"modified":"2017-12-23T07:53:49","modified_gmt":"2017-12-23T07:53:49","slug":"prd-ofrece-agasajo-navideno-a-dirigentes","status":"publish","type":"post","link":"https:\/\/diariodominicano.com\/?p=171619","title":{"rendered":"PRD ofrece agasajo navide\u00f1o a dirigentes"},"content":{"rendered":"<p><body><\/p>\n<p><img decoding=\"async\" src=\"img3\/DSC_0291.JPG\" \/><br \/><img decoding=\"async\" src=\"img3\/DSC_0317.JPG\" \/>  <\/p>\n<p><strong> Al hablar en un agasajo navide\u00f1o que el PRD ofreci\u00f3 a dirigentes de distintos niveles en la explanada trasera de su casa nacional, Vargas  dijo que se ha abierto una nueva fase en el plan de reorganizaci\u00f3n, crecimiento y fortalecimiento.<\/strong><\/p>\n<p><strong> <\/strong><\/p>\n<p><strong>SANTO DOMINGO.-<\/strong> Miguel Vargas Maldonado asegur\u00f3 que el Partido Revolucionario Dominicano (PRD) se encuentra en un proceso de crecimiento en todos los niveles y que se pondr\u00e1 en las mejores condiciones para  competir con \u00e9xito en los procesos electorales del 2020.<\/p>\n<\/p>\n<p><strong>Al hablar en un agasajo navide\u00f1o que el PRD ofreci\u00f3 a dirigentes de distintos niveles en la explanada trasera de su casa nacional, Vargas  dijo que se ha abierto una nueva fase en el plan de reorganizaci\u00f3n, crecimiento y fortalecimiento.<\/strong><\/p>\n<\/p>\n<p>En un breve discurso cargado de optimismo, el presidente del PRD anunci\u00f3 que la militancia ser\u00e1 movilizada en todo el territorio nacional y tambi\u00e9n se recibir\u00e1 \u00absangre nueva, gente decidida a trabajar por el bienestar de los dominicanos levantando la bandera blanca del PRD, haciendo suyos los ideales de Jos\u00e9 Francisco Pe\u00f1a G\u00f3mez\u00bb.  <\/p>\n<\/p>\n<p>\u00abEstamos dando pasos firmes para convertir al PRD en un partido ganador, en el partido promotor de las grandes transformaciones que debe realizar nuestra naci\u00f3n durante las pr\u00f3ximas d\u00e9cadas\u00bb, expres\u00f3.  <\/p>\n<\/p>\n<p>Acompa\u00f1ado de Peggy Cabral, Rafael V\u00e1squez, Tony Pe\u00f1a Guaba, Julio Mar\u00ed\u00f1ez y otros dirigentes, Vargas dese\u00f3 felices pascuas y un pr\u00f3spero a\u00f1o nuevo a la militancia perrede\u00edsta de todo el pa\u00eds.<\/p>\n<\/p>\n<p>PIE DE FOTO<\/p>\n<\/p>\n<\/p>\n<p>Miguel Vargas Maldonado habla en el encuentro navide\u00f1o del PRD<\/p>\n<\/p>\n<h6> 2017-12-23 07:53:49 <\/h6>\n<p><!--\n<link rel=\"stylesheet\" href=\"css\/bootstrap.min.css\">\n\n\n<ul class=\"pagination\">\n\t    \n\t\n\n<li >\n\t<a href='?page_no=6906'>Previous<\/a>\n\t<\/li>\n\n\n       \n    \n\n<li><a href='?page_no=1'>1<\/a><\/li>\n\n\n\n<li><a href='?page_no=2'>2<\/a><\/li>\n\n\n\n<li><a>...<\/a><\/li>\n\n\n\n<li><a href='?page_no=6905'>6905<\/a><\/li>\n\n\n\n<li><a href='?page_no=6906'>6906<\/a><\/li>\n\n\n\n<li class='active'><a>6907<\/a><\/li>\n\n\n\n<li><a href='?page_no=6908'>6908<\/a><\/li>\n\n\n\n<li><a href='?page_no=6909'>6909<\/a><\/li>\n\n\n\n<li><a>...<\/a><\/li>\n\n\n\n<li><a href='?page_no=36999'>36999<\/a><\/li>\n\n\n\n<li><a href='?page_no=37000'>37000<\/a><\/li>\n\n    \n\t\n\n<li >\n\t<a href='?page_no=6908'>Next<\/a>\n\t<\/li>\n\n\n    \n\n<li><a href='?page_no=37000'>Last &rsaquo;&rsaquo;<\/a><\/li>\n\n<\/ul>\n\n\n--><br \/>\n<\/body><\/p>\n","protected":false},"excerpt":{"rendered":"<p>Al hablar en un agasajo navide\u00f1o que el PRD ofreci\u00f3 a dirigentes de distintos niveles en la explanada trasera de su casa nacional, Vargas dijo que se ha abierto una nueva fase en el plan de reorganizaci\u00f3n, crecimiento y fortalecimiento. SANTO DOMINGO.- Miguel Vargas Maldonado asegur\u00f3 que el Partido Revolucionario Dominicano (PRD) se encuentra en [&hellip;]<\/p>\n","protected":false},"author":3,"featured_media":0,"comment_status":"open","ping_status":"open","sticky":false,"template":"","format":"standard","meta":{"footnotes":""},"categories":[22],"tags":[],"class_list":["post-171619","post","type-post","status-publish","format-standard","hentry","category-politica"],"_links":{"self":[{"href":"https:\/\/diariodominicano.com\/index.php?rest_route=\/wp\/v2\/posts\/171619","targetHints":{"allow":["GET"]}}],"collection":[{"href":"https:\/\/diariodominicano.com\/index.php?rest_route=\/wp\/v2\/posts"}],"about":[{"href":"https:\/\/diariodominicano.com\/index.php?rest_route=\/wp\/v2\/types\/post"}],"author":[{"embeddable":true,"href":"https:\/\/diariodominicano.com\/index.php?rest_route=\/wp\/v2\/users\/3"}],"replies":[{"embeddable":true,"href":"https:\/\/diariodominicano.com\/index.php?rest_route=%2Fwp%2Fv2%2Fcomments&post=171619"}],"version-history":[{"count":0,"href":"https:\/\/diariodominicano.com\/index.php?rest_route=\/wp\/v2\/posts\/171619\/revisions"}],"wp:attachment":[{"href":"https:\/\/diariodominicano.com\/index.php?rest_route=%2Fwp%2Fv2%2Fmedia&parent=171619"}],"wp:term":[{"taxonomy":"category","embeddable":true,"href":"https:\/\/diariodominicano.com\/index.php?rest_route=%2Fwp%2Fv2%2Fcategories&post=171619"},{"taxonomy":"post_tag","embeddable":true,"href":"https:\/\/diariodominicano.com\/index.php?rest_route=%2Fwp%2Fv2%2Ftags&post=171619"}],"curies":[{"name":"wp","href":"https:\/\/api.w.org\/{rel}","templated":true}]}}