{"id":171618,"date":"2017-12-23T12:00:15","date_gmt":"2017-12-23T12:00:15","guid":{"rendered":"http:\/\/diariodominicano.ddns.net\/?p=171618"},"modified":"2017-12-23T12:00:15","modified_gmt":"2017-12-23T12:00:15","slug":"senador-eddy-mateo-entrega-cajas-navidenas-en-barahona","status":"publish","type":"post","link":"https:\/\/diariodominicano.com\/?p=171618","title":{"rendered":"Senador Eddy Mateo entrega cajas navide\u00f1as en Barahona"},"content":{"rendered":"<p><body><\/p>\n<p><img decoding=\"async\" src=\"img3\/mateos2.jpg\" \/>  <\/p>\n<p>BARAHONA.- El senador Eddy Mateo V\u00e1squez entreg\u00f3 este jueves  cajas navide\u00f1as  a cientos de hombres y mujeres de esta ciudad.<\/p>\n<\/p>\n<p>El reparto fue realizado en la sede de la Quinta Brigada del Ejercito de la Rep\u00fablica Dominicana (ERD),  donde acudieron personas de los<\/p>\n<p>barrios Palmarito, Camboya, Savica, Pueblo Nuevo, Villa Estela, Baitoita, La Playa, Casandra, Los Solares de Milton, Alfa, Enriquillo,<\/p>\n<p>La Raqueta, Alto Velo entre otros.<\/p>\n<\/p>\n<p>Las cajas contienen arroz, habichuelas, guandules, salsa de tomate, harina de ma\u00edz, aceite, espaguetis, dulces, vino, ponche, ron, leche<\/p>\n<p>en p\u00f2lvo, az\u00facar, entre otros productos propios de la poca navide\u00f1a.<\/p>\n<\/p>\n<p>El congresista les dese\u00f3 a los ciudadanos de esta provincia, a trav\u00e9s de un mensaje felices pascuas y un venturoso a\u00f1o 2018.<\/p>\n<\/p>\n<p>Germania Perez  del sector de Villa Estela, agradeci\u00f3 el gesto del senador Mateo V\u00e1squez, al tiempo que expres\u00f3 que gracias a el, realizar\u00e1 la cena de navidad, este 24 de diciembre.<\/p>\n<h6> 2017-12-23 12:00:15 <\/h6>\n<p><!--\n<link rel=\"stylesheet\" href=\"css\/bootstrap.min.css\">\n\n\n<ul class=\"pagination\">\n\t    \n\t\n\n<li >\n\t<a href='?page_no=6905'>Previous<\/a>\n\t<\/li>\n\n\n       \n    \n\n<li><a href='?page_no=1'>1<\/a><\/li>\n\n\n\n<li><a href='?page_no=2'>2<\/a><\/li>\n\n\n\n<li><a>...<\/a><\/li>\n\n\n\n<li><a href='?page_no=6904'>6904<\/a><\/li>\n\n\n\n<li><a href='?page_no=6905'>6905<\/a><\/li>\n\n\n\n<li class='active'><a>6906<\/a><\/li>\n\n\n\n<li><a href='?page_no=6907'>6907<\/a><\/li>\n\n\n\n<li><a href='?page_no=6908'>6908<\/a><\/li>\n\n\n\n<li><a>...<\/a><\/li>\n\n\n\n<li><a href='?page_no=36999'>36999<\/a><\/li>\n\n\n\n<li><a href='?page_no=37000'>37000<\/a><\/li>\n\n    \n\t\n\n<li >\n\t<a href='?page_no=6907'>Next<\/a>\n\t<\/li>\n\n\n    \n\n<li><a href='?page_no=37000'>Last &rsaquo;&rsaquo;<\/a><\/li>\n\n<\/ul>\n\n\n--><br \/>\n<\/body><\/p>\n","protected":false},"excerpt":{"rendered":"<p>BARAHONA.- El senador Eddy Mateo V\u00e1squez entreg\u00f3 este jueves cajas navide\u00f1as a cientos de hombres y mujeres de esta ciudad. El reparto fue realizado en la sede de la Quinta Brigada del Ejercito de la Rep\u00fablica Dominicana (ERD), donde acudieron personas de los barrios Palmarito, Camboya, Savica, Pueblo Nuevo, Villa Estela, Baitoita, La Playa, Casandra, [&hellip;]<\/p>\n","protected":false},"author":3,"featured_media":0,"comment_status":"open","ping_status":"open","sticky":false,"template":"","format":"standard","meta":{"footnotes":""},"categories":[22],"tags":[],"class_list":["post-171618","post","type-post","status-publish","format-standard","hentry","category-politica"],"_links":{"self":[{"href":"https:\/\/diariodominicano.com\/index.php?rest_route=\/wp\/v2\/posts\/171618","targetHints":{"allow":["GET"]}}],"collection":[{"href":"https:\/\/diariodominicano.com\/index.php?rest_route=\/wp\/v2\/posts"}],"about":[{"href":"https:\/\/diariodominicano.com\/index.php?rest_route=\/wp\/v2\/types\/post"}],"author":[{"embeddable":true,"href":"https:\/\/diariodominicano.com\/index.php?rest_route=\/wp\/v2\/users\/3"}],"replies":[{"embeddable":true,"href":"https:\/\/diariodominicano.com\/index.php?rest_route=%2Fwp%2Fv2%2Fcomments&post=171618"}],"version-history":[{"count":0,"href":"https:\/\/diariodominicano.com\/index.php?rest_route=\/wp\/v2\/posts\/171618\/revisions"}],"wp:attachment":[{"href":"https:\/\/diariodominicano.com\/index.php?rest_route=%2Fwp%2Fv2%2Fmedia&parent=171618"}],"wp:term":[{"taxonomy":"category","embeddable":true,"href":"https:\/\/diariodominicano.com\/index.php?rest_route=%2Fwp%2Fv2%2Fcategories&post=171618"},{"taxonomy":"post_tag","embeddable":true,"href":"https:\/\/diariodominicano.com\/index.php?rest_route=%2Fwp%2Fv2%2Ftags&post=171618"}],"curies":[{"name":"wp","href":"https:\/\/api.w.org\/{rel}","templated":true}]}}