{"id":171617,"date":"2017-12-23T12:36:42","date_gmt":"2017-12-23T12:36:42","guid":{"rendered":"http:\/\/diariodominicano.ddns.net\/?p=171617"},"modified":"2017-12-23T12:36:42","modified_gmt":"2017-12-23T12:36:42","slug":"leonel-fernandez-confiado-que-en-el-2018-republica-dominicana-continuara-el-crecimiento-de-su-economia","status":"publish","type":"post","link":"https:\/\/diariodominicano.com\/?p=171617","title":{"rendered":"&#13; &#13;Leonel Fern\u00e1ndez confiado que en el 2018 Rep\u00fablica Dominicana continuar\u00e1 el crecimiento de su econom\u00eda&#13;"},"content":{"rendered":"<p><body><\/p>\n<p><img decoding=\"async\" src=\"img3\/1.jpg\" \/><br \/><img decoding=\"async\" src=\"img3\/03.jpg\" \/>  <\/p>\n<p><strong> <\/strong><\/p>\n<p><strong><span class=\"text1noticias\"> <\/span><\/strong><\/p>\n<p><strong><span class=\"text1noticias\">SANTO DOMINGO, RD, 23 de diciembre de 2017.-<\/span><\/strong><span class=\"text1noticias\"> El Presidente del Partido de la Liberaci\u00f3n Dominicana (PLD), Leonel Fern\u00e1ndez, ex presidente de la Republica,  tras afirmar que  el 2018  es un a\u00f1o de  incertidumbre y grandes desaf\u00edos a nivel mundial , est\u00e1 confiado en que  Republica Dominicana, con el aporte de los sectores nacionales, continuar\u00e1 por los senderos del  crecimiento econ\u00f3mico, de prosperidad, de bienestar y tranquilidad.<\/span><\/p>\n<\/p>\n<p><span class=\"text1noticias\">Con esta expresi\u00f3n el ex presidente  dio inici\u00f3 a la cuarta jornada de repartos  de cajas conteniendo los art\u00edculos para ser usados en la preparaci\u00f3n de la cena de nochebuena entregados a personas necesitadas este s\u00e1bado en la parte frontal de la Oficina Presidencial del PLD, en la Zona Universitaria del Distrito Nacional.<\/span><\/p>\n<\/p>\n<p><span class=\"text1noticias\">\u00abEstamos terminando el 2017, un a\u00f1o de inmensos desaf\u00edos y grandes retos, pero  que  la Republica Dominicana  continu\u00f3 avanzando y el 2018, que a nivel mundial est\u00e1 lleno de incertidumbre e innumerables desaf\u00edos, pero estamos conscientes que aqu\u00ed  con el trabajo del pueblo dominicano, los distintos  sectores del pa\u00eds, la Republica Dominicana continuar\u00e1 transitando por los senderos del crecimiento econ\u00f3mico, continuara por un proceso de bienestar, de prosperidad y tranquilidad\u00bb declar\u00f3 Leonel Fern\u00e1ndez, procediendo entonces con la entrega de las primeras cajas.<\/span><\/p>\n<\/p>\n<p><span class=\"text1noticias\"> <\/span><\/p>\n<\/p>\n<p><span class=\"text1noticias\">Las cajas que tienen impresas la fachada de la Casa Nacional del PLD,  contienen arroz, espaguetis, guandules enlatados, saz\u00f3n en polvo, ajo en pasta, pasta de tomate, aceite, sardinas, avena, harina de ma\u00edz, golosinas navide\u00f1as, ron , vinos y ponche de manufactura criolla, comenzaron a entregarse minutos despu\u00e9s de las once de la ma\u00f1ana con la llegada del presidente peledeista al local de las oficinas que alojan la presidencia del PLD.<\/span><\/p>\n<\/p>\n<p><span class=\"text1noticias\">El ex mandatario en sus palabras dijo tambi\u00e9n que para \u00e9l constituye un motivo de honor y complacencia llegar al final de un a\u00f1o en el que el pueblo vio  cumplido sus anhelos de tranquilidad y paz en el pa\u00eds.<\/span><\/p>\n<\/p>\n<p><span class=\"text1noticias\">\u00abPara todos ustedes, pues muchas felicidades en estas navidades,  un pr\u00f3spero y venturoso  a\u00f1os 2018 en el cual bajo cualquier circunstancia, siempre, e p alante que vamos\u00bb, concluy\u00f3 Leonel Fern\u00e1ndez sus  breves palabras.<\/span><\/p>\n<\/p>\n<p><span class=\"text1noticias\">Al concluir las palabras , el propio ex mandatario comenz\u00f3 a entregar las cajas navide\u00f1as a las primeras personas  colocadas una  fila que abarcaba varias cuadras de la zona residencial, posteriormente dirigentes peledeistas del Distrito Nacional continuaron con los repartos.<\/span><\/p>\n<\/p>\n<p><span class=\"text1noticias\"> <\/span><\/p>\n<\/p>\n<p><span class=\"text1noticias\"> <\/span><\/p>\n<p><strong> <\/strong><\/p>\n<p><strong><span class=\"text1noticias\">Entregas de cajas<\/span><\/strong><\/p>\n<\/p>\n<p><span class=\"text1noticias\"> <\/span><\/p>\n<\/p>\n<p><span class=\"text1noticias\">Do\u00f1a  Ana Mercedes Ense\u00f1ad, seguida de Teresa Garc\u00eda, dos se\u00f1oras envejec\u00edentes,    fueron las primeras damas en recibir las cajas navide\u00f1as, al encabezar una fila extensa y organizada en la Oficina a Presidencial del PLD, Zona Universitaria, donde Leonel Fern\u00e1ndez  inici\u00f3 el reparto  de las tradicionales raciones alimenticias con motivos de las navidades.<\/span><\/p>\n<\/p>\n<p><span class=\"text1noticias\"> <\/span><\/p>\n<\/p>\n<p><span class=\"text1noticias\">Las personas caminaban en grupo de diez en diez, que eran extra\u00eddas de las filas para pasar al lugar de las entregas que se extend\u00eda a todo lo largo del extremo sur de la calle Dr. Pi\u00f1eiro, y luego en la Am\u00edn Abel,  donde se ubicaban en  ambas direcciones.<\/span><\/p>\n<\/p>\n<p><span class=\"text1noticias\"> <\/span><\/p>\n<\/p>\n<p><span class=\"text1noticias\">Leonel Fern\u00e1ndez lleg\u00f3 escasos minutos despu\u00e9s de las once de la ma\u00f1ana    y alrededor  de un cuarto de horas entreg\u00f3 las primeras cajas, y mientras lo hac\u00eda, las y los presentes expresaban su alegr\u00eda, mientras bailaban a ritmo de Johnny Ventura, Milly Quezada, el Conjunto Quisqueya, que se amplificaban  en los  altavoces.<\/span><\/p>\n<\/p>\n<p><span class=\"text1noticias\"> <\/span><\/p>\n<\/p>\n<p><span class=\"text1noticias\">Entre el aplauso efusivo de las y los presentes, el mandatario penetr\u00f3  al interior de la oficina presidencial, acompa\u00f1ado de dirigente del Partido de la Liberaci\u00f3n Dominicana para cumplir otros compromisos del d\u00eda,  en tanto otros dirigentes peledeistas entregaban las cajas a nombre de esa organizaci\u00f3n pol\u00edtica.<\/span><\/p>\n<\/p>\n<p><span class=\"text1noticias\"> <\/span><\/p>\n<\/p>\n<p><span class=\"text1noticias\">Con la entrega de este d\u00eda se cierra el ciclo de reparto de canastas contentiva de los alimentos para la cena navide\u00f1a que inici\u00f3 el pasado d\u00eda 20 en la regi\u00f3n Sur, espec\u00edficamente en las provincias Barahona, Azua, Ban\u00ed y San Crist\u00f3bal, el 21 en la regi\u00f3n  Este, en las  provincias El Seibo, Hato Mayor, y San Pedro, el 22 en las provincias de la L\u00ednea Noroeste  y  Santiago y hoy en la zona universitaria para el gran Santo Domingo y el Distrito Nacional.<\/span><\/p>\n<\/p>\n<h6> 2017-12-23 12:36:42 <\/h6>\n<p><!--\n<link rel=\"stylesheet\" href=\"css\/bootstrap.min.css\">\n\n\n<ul class=\"pagination\">\n\t    \n\t\n\n<li >\n\t<a href='?page_no=6904'>Previous<\/a>\n\t<\/li>\n\n\n       \n    \n\n<li><a href='?page_no=1'>1<\/a><\/li>\n\n\n\n<li><a href='?page_no=2'>2<\/a><\/li>\n\n\n\n<li><a>...<\/a><\/li>\n\n\n\n<li><a href='?page_no=6903'>6903<\/a><\/li>\n\n\n\n<li><a href='?page_no=6904'>6904<\/a><\/li>\n\n\n\n<li class='active'><a>6905<\/a><\/li>\n\n\n\n<li><a href='?page_no=6906'>6906<\/a><\/li>\n\n\n\n<li><a href='?page_no=6907'>6907<\/a><\/li>\n\n\n\n<li><a>...<\/a><\/li>\n\n\n\n<li><a href='?page_no=36999'>36999<\/a><\/li>\n\n\n\n<li><a href='?page_no=37000'>37000<\/a><\/li>\n\n    \n\t\n\n<li >\n\t<a href='?page_no=6906'>Next<\/a>\n\t<\/li>\n\n\n    \n\n<li><a href='?page_no=37000'>Last &rsaquo;&rsaquo;<\/a><\/li>\n\n<\/ul>\n\n\n--><br \/>\n<\/body><\/p>\n","protected":false},"excerpt":{"rendered":"<p>SANTO DOMINGO, RD, 23 de diciembre de 2017.- El Presidente del Partido de la Liberaci\u00f3n Dominicana (PLD), Leonel Fern\u00e1ndez, ex presidente de la Republica, tras afirmar que el 2018 es un a\u00f1o de incertidumbre y grandes desaf\u00edos a nivel mundial , est\u00e1 confiado en que Republica Dominicana, con el aporte de los sectores nacionales, continuar\u00e1 [&hellip;]<\/p>\n","protected":false},"author":3,"featured_media":0,"comment_status":"open","ping_status":"open","sticky":false,"template":"","format":"standard","meta":{"footnotes":""},"categories":[22],"tags":[],"class_list":["post-171617","post","type-post","status-publish","format-standard","hentry","category-politica"],"_links":{"self":[{"href":"https:\/\/diariodominicano.com\/index.php?rest_route=\/wp\/v2\/posts\/171617","targetHints":{"allow":["GET"]}}],"collection":[{"href":"https:\/\/diariodominicano.com\/index.php?rest_route=\/wp\/v2\/posts"}],"about":[{"href":"https:\/\/diariodominicano.com\/index.php?rest_route=\/wp\/v2\/types\/post"}],"author":[{"embeddable":true,"href":"https:\/\/diariodominicano.com\/index.php?rest_route=\/wp\/v2\/users\/3"}],"replies":[{"embeddable":true,"href":"https:\/\/diariodominicano.com\/index.php?rest_route=%2Fwp%2Fv2%2Fcomments&post=171617"}],"version-history":[{"count":0,"href":"https:\/\/diariodominicano.com\/index.php?rest_route=\/wp\/v2\/posts\/171617\/revisions"}],"wp:attachment":[{"href":"https:\/\/diariodominicano.com\/index.php?rest_route=%2Fwp%2Fv2%2Fmedia&parent=171617"}],"wp:term":[{"taxonomy":"category","embeddable":true,"href":"https:\/\/diariodominicano.com\/index.php?rest_route=%2Fwp%2Fv2%2Fcategories&post=171617"},{"taxonomy":"post_tag","embeddable":true,"href":"https:\/\/diariodominicano.com\/index.php?rest_route=%2Fwp%2Fv2%2Ftags&post=171617"}],"curies":[{"name":"wp","href":"https:\/\/api.w.org\/{rel}","templated":true}]}}