{"id":171615,"date":"2017-12-23T17:13:43","date_gmt":"2017-12-23T17:13:43","guid":{"rendered":"http:\/\/diariodominicano.ddns.net\/?p=171615"},"modified":"2017-12-23T17:13:43","modified_gmt":"2017-12-23T17:13:43","slug":"nasralla-anuncia-nueva-fuerza-nacional-para-dialogo-en-honduras","status":"publish","type":"post","link":"https:\/\/diariodominicano.com\/?p=171615","title":{"rendered":"Nasralla anuncia nueva fuerza nacional para di\u00e1logo en Honduras"},"content":{"rendered":"<p><body><\/p>\n<p><img decoding=\"async\" src=\"img3\/narrasla00.jpg\" \/>  <\/p>\n<p><strong>Tegucigalpa, 23 dic (PL<\/strong>) El excandidato presidencial de la Alianza de Oposici\u00f3n contra la Dictadura, Salvador Nasralla, anunci\u00f3 hoy la creaci\u00f3n en los pr\u00f3ximos d\u00edas de una nueva fuerza nacional para un verdadero di\u00e1logo inclusivo en Honduras.<\/p>\n<\/p>\n<p>He concluido mi etapa como candidato de la oposici\u00f3n, pero hay que seguir luchando ahora como una fuerza nacional, expres\u00f3 Nasralla a trav\u00e9s de un video publicado en su cuenta de Facebook.<\/p>\n<\/p>\n<p>Fuerza que, agreg\u00f3, incluya a la gente buena de las Fuerzas Armadas, a los empresarios honestos, a los j\u00f3venes, trabajadores, a los gremios y a todas las personas que luchan por una Honduras en la que exista el estado de derecho, para restituir la democracia en el pa\u00eds.<\/p>\n<\/p>\n<p>&#8216;Necesito, y ustedes (sus seguidores) est\u00e1n conscientes de eso, que se acabe el derramamiento de sangre y los asesinatos ordenados por la Presidencia de la Rep\u00fablica&#8217;, subray\u00f3.<\/p>\n<\/p>\n<p>Seg\u00fan Nasralla todos los organismos de derechos humanos del mundo lo apoyan y visitar\u00e1n el pa\u00eds en los pr\u00f3ximos d\u00edas.<\/p>\n<\/p>\n<p>No podr\u00e1 el gobierno de Juan Orlando Hern\u00e1ndez tener gobernabilidad, y por lo tanto, nosotros vamos a defender junto a otras fuerzas pol\u00edticas, esa realidad que dice que el 80 por ciento de la gente en Honduras no lo quiere en la Presidencia, refiri\u00f3.<\/p>\n<\/p>\n<p>Hern\u00e1ndez, candidato a la reelecci\u00f3n por el Partido Nacional, fue declarado por el controvertido Tribunal Supremo Electoral ganador de los comicios celebrados el 26 de noviembre, pese a denuncias de fraude e irregularidades durante el proceso.<\/p>\n<\/p>\n<p>Esa situaci\u00f3n sumergi\u00f3 al pa\u00eds en una severa crisis pol\u00edtica, econ\u00f3mica y social, en la cual la mayor\u00eda de los hondure\u00f1os salieron a las calles para defender la voluntad popular expresada en las urnas, que considera a Nasralla como el verdadero presidente electo.<\/p>\n<\/p>\n<p>Espero, se\u00f1al\u00f3 en su mensaje, que realicemos ese di\u00e1logo nacional para encontrarle una salida a la ingobernabilidad que ya estamos viviendo.<\/p>\n<\/p>\n<p>Asimismo, llam\u00f3 al pueblo a estar pendiente a la convocatoria de di\u00e1logo, ahora que -dijo- super\u00f3 la etapa de la alianza electoral, a la cual agradeci\u00f3 el apoyo brindado e invit\u00f3 para que se sumen a la nueva fuerza nacional.<\/p>\n<\/p>\n<p>De acuerdo con Nasralla, ese nuevo movimiento dar\u00e1 un verdadero sentido de gobernabilidad en Honduras, &#8216;para que volvamos a ser una naci\u00f3n normal&#8217;, apostill\u00f3.<\/p>\n<h6> 2017-12-23 17:13:43 <\/h6>\n<p><!--\n<link rel=\"stylesheet\" href=\"css\/bootstrap.min.css\">\n\n\n<ul class=\"pagination\">\n\t    \n\t\n\n<li >\n\t<a href='?page_no=6902'>Previous<\/a>\n\t<\/li>\n\n\n       \n    \n\n<li><a href='?page_no=1'>1<\/a><\/li>\n\n\n\n<li><a href='?page_no=2'>2<\/a><\/li>\n\n\n\n<li><a>...<\/a><\/li>\n\n\n\n<li><a href='?page_no=6901'>6901<\/a><\/li>\n\n\n\n<li><a href='?page_no=6902'>6902<\/a><\/li>\n\n\n\n<li class='active'><a>6903<\/a><\/li>\n\n\n\n<li><a href='?page_no=6904'>6904<\/a><\/li>\n\n\n\n<li><a href='?page_no=6905'>6905<\/a><\/li>\n\n\n\n<li><a>...<\/a><\/li>\n\n\n\n<li><a href='?page_no=36999'>36999<\/a><\/li>\n\n\n\n<li><a href='?page_no=37000'>37000<\/a><\/li>\n\n    \n\t\n\n<li >\n\t<a href='?page_no=6904'>Next<\/a>\n\t<\/li>\n\n\n    \n\n<li><a href='?page_no=37000'>Last &rsaquo;&rsaquo;<\/a><\/li>\n\n<\/ul>\n\n\n--><br \/>\n<\/body><\/p>\n","protected":false},"excerpt":{"rendered":"<p>Tegucigalpa, 23 dic (PL) El excandidato presidencial de la Alianza de Oposici\u00f3n contra la Dictadura, Salvador Nasralla, anunci\u00f3 hoy la creaci\u00f3n en los pr\u00f3ximos d\u00edas de una nueva fuerza nacional para un verdadero di\u00e1logo inclusivo en Honduras. He concluido mi etapa como candidato de la oposici\u00f3n, pero hay que seguir luchando ahora como una fuerza [&hellip;]<\/p>\n","protected":false},"author":3,"featured_media":0,"comment_status":"open","ping_status":"open","sticky":false,"template":"","format":"standard","meta":{"footnotes":""},"categories":[22],"tags":[],"class_list":["post-171615","post","type-post","status-publish","format-standard","hentry","category-politica"],"_links":{"self":[{"href":"https:\/\/diariodominicano.com\/index.php?rest_route=\/wp\/v2\/posts\/171615","targetHints":{"allow":["GET"]}}],"collection":[{"href":"https:\/\/diariodominicano.com\/index.php?rest_route=\/wp\/v2\/posts"}],"about":[{"href":"https:\/\/diariodominicano.com\/index.php?rest_route=\/wp\/v2\/types\/post"}],"author":[{"embeddable":true,"href":"https:\/\/diariodominicano.com\/index.php?rest_route=\/wp\/v2\/users\/3"}],"replies":[{"embeddable":true,"href":"https:\/\/diariodominicano.com\/index.php?rest_route=%2Fwp%2Fv2%2Fcomments&post=171615"}],"version-history":[{"count":0,"href":"https:\/\/diariodominicano.com\/index.php?rest_route=\/wp\/v2\/posts\/171615\/revisions"}],"wp:attachment":[{"href":"https:\/\/diariodominicano.com\/index.php?rest_route=%2Fwp%2Fv2%2Fmedia&parent=171615"}],"wp:term":[{"taxonomy":"category","embeddable":true,"href":"https:\/\/diariodominicano.com\/index.php?rest_route=%2Fwp%2Fv2%2Fcategories&post=171615"},{"taxonomy":"post_tag","embeddable":true,"href":"https:\/\/diariodominicano.com\/index.php?rest_route=%2Fwp%2Fv2%2Ftags&post=171615"}],"curies":[{"name":"wp","href":"https:\/\/api.w.org\/{rel}","templated":true}]}}