{"id":171614,"date":"2017-12-23T21:01:03","date_gmt":"2017-12-23T21:01:03","guid":{"rendered":"http:\/\/diariodominicano.ddns.net\/?p=171614"},"modified":"2017-12-23T21:01:03","modified_gmt":"2017-12-23T21:01:03","slug":"presidente-aleman-urge-a-compatriotas-que-confien-en-los-politicos","status":"publish","type":"post","link":"https:\/\/diariodominicano.com\/?p=171614","title":{"rendered":"Presidente alem\u00e1n urge a compatriotas que conf\u00eden en los pol\u00edticos"},"content":{"rendered":"<p><body><\/p>\n<p><img decoding=\"async\" src=\"img3\/presidentealeman.jpg\" \/>  <\/p>\n<p><span class=\"text1noticias\">Berl\u00edn, 24 dic (dpa) &#8211; El presidente federal alem\u00e1n, Frank-Walter Steinmeier, llama a la poblaci\u00f3n a no perder la confianza en los pol\u00edticos cuando el pa\u00eds se apresta a pasar por primera vez desde 1949 unas fiestas navide\u00f1as sin un Gobierno estable.<\/span><\/p>\n<p><span class=\"text1noticias\"> <\/span><\/p>\n<p><span class=\"text1noticias\">A\u00fan cuando la formaci\u00f3n de un nuevo Gobierno se demora, \u00abpodemos tener confianza\u00bb, dijo Steinmeier en su tradicional mensaje de Navidad, que ser\u00e1 emitido ma\u00f1ana por televisi\u00f3n.<\/span><\/p>\n<p><span class=\"text1noticias\"> <\/span><\/p>\n<p><span class=\"text1noticias\">Alemania sigue a la espera de la formaci\u00f3n de un nuevo Gobierno. Tras las elecciones generales del 24 de septiembre, la canciller Angela Merkel fracas\u00f3 en el intento de formar una alianza in\u00e9dita de sus conservadoras Uni\u00f3n Cristianodem\u00f3crata y Uni\u00f3n Cristianosocial (CDU, CSU) con el Partido Liberal (FDP) y Los Verdes.<\/span><\/p>\n<p><span class=\"text1noticias\"> <\/span><\/p>\n<p><span class=\"text1noticias\">Ahora busca reeditar la gran coalici\u00f3n con el Partido Socialdem\u00f3crata (SPD), una empresa que no se avizora f\u00e1cil por las resistencias que subsisten en las filas socialdem\u00f3cratas despu\u00e9s de sufrir un rev\u00e9s electoral hist\u00f3rico en las generales.<\/span><\/p>\n<p><span class=\"text1noticias\"> <\/span><\/p>\n<p><span class=\"text1noticias\">\u00abVivimos en tiempos en los que nos topamos constantemente con lo inesperado. Esto tambi\u00e9n nos vuelve inseguros\u00bb, admiti\u00f3 Steinmeier. Pero no todo lo inesperado debe ser motivo de temor, algo que tambi\u00e9n vale para las formaciones de Gobierno que se demoran m\u00e1s de lo habitual, destac\u00f3.<\/span><\/p>\n<p><span class=\"text1noticias\"> <\/span><\/p>\n<p><span class=\"text1noticias\">\u00abLes aseguro: El Estado act\u00faa seg\u00fan reglas que prev\u00e9 expresamente nuestra Constituci\u00f3n para situaciones como \u00e9sta, a\u00fan cuando estas reglas nunca se hayan necesitado en las \u00faltimas d\u00e9cadas\u00bb.<\/span><\/p>\n<p><span class=\"text1noticias\"> <\/span><\/p>\n<p><span class=\"text1noticias\">Steinmeier jug\u00f3 como presidente un papel fundamental en los esfuerzos en pos de la formaci\u00f3n de un nuevo Gobierno. El socialdem\u00f3crata convoc\u00f3 a consultas a los dirigentes de los partidos representados en el Parlamento en busca de una soluci\u00f3n tras el fracaso de las primeras negociaciones y apel\u00f3 a su sentido de responsabilidad.<\/span><\/p>\n<p><span class=\"text1noticias\"> <\/span><\/p>\n<p><span class=\"text1noticias\">El presidente alem\u00e1n es quien propone a un candidato para jefe de Gobierno y tiene facultades para disolver el Parlamento.<\/span><\/p>\n<p><span class=\"text1noticias\"> <\/span><\/p>\n<p><span class=\"text1noticias\">El jefe de Estado tambi\u00e9n record\u00f3 la situaci\u00f3n en algunas regiones del pa\u00eds golpeadas por el \u00e9xodo de poblaci\u00f3n y una infraestructura cada vez m\u00e1s deficiente y dijo que comprend\u00eda que la gente de all\u00ed se sintiese abandonada.<\/span><\/p>\n<p><span class=\"text1noticias\"> <\/span><\/p>\n<p><span class=\"text1noticias\">Llam\u00f3 a alentar a aquellos que efect\u00faan trabajo voluntario y ofrecen razones para seguir viviendo en estas regiones. \u00abSe merecen el respaldo de las autoridades\u00bb.<\/span><\/p>\n<p><span class=\"text1noticias\"> <\/span><\/p>\n<p><span class=\"text1noticias\">Estos ejemplos a nivel local cobran importancia cuando se ve el conjunto, explic\u00f3. \u00abNos muestran que no estamos a merced de las circunstancias\u00bb. La impotencia se puede superar tanto a nivel local como nacional si la gente asume responsabilidad, se mostr\u00f3 confiado.<\/span><\/p>\n<p><span class=\"text1noticias\"> <\/span><\/p>\n<p><span class=\"text1noticias\">\u00abSeguimos siendo un pa\u00eds en el que el sentido com\u00fan a nivel econ\u00f3mico al igual que la justicia social son principios rectores de la funci\u00f3n p\u00fablica. Y somos un pa\u00eds que tiene la fuerza y la voluntad de mantenerse cohesionado y de fomentar la integraci\u00f3n\u00bb, afirm\u00f3 al tiempo que subray\u00f3 que todav\u00eda queda mucho por hacer para alcanzar estos<\/span> objetivos.<\/p>\n<h6> 2017-12-23 21:01:03 <\/h6>\n<p><!--\n<link rel=\"stylesheet\" href=\"css\/bootstrap.min.css\">\n\n\n<ul class=\"pagination\">\n\t    \n\t\n\n<li >\n\t<a href='?page_no=6901'>Previous<\/a>\n\t<\/li>\n\n\n       \n    \n\n<li><a href='?page_no=1'>1<\/a><\/li>\n\n\n\n<li><a href='?page_no=2'>2<\/a><\/li>\n\n\n\n<li><a>...<\/a><\/li>\n\n\n\n<li><a href='?page_no=6900'>6900<\/a><\/li>\n\n\n\n<li><a href='?page_no=6901'>6901<\/a><\/li>\n\n\n\n<li class='active'><a>6902<\/a><\/li>\n\n\n\n<li><a href='?page_no=6903'>6903<\/a><\/li>\n\n\n\n<li><a href='?page_no=6904'>6904<\/a><\/li>\n\n\n\n<li><a>...<\/a><\/li>\n\n\n\n<li><a href='?page_no=36999'>36999<\/a><\/li>\n\n\n\n<li><a href='?page_no=37000'>37000<\/a><\/li>\n\n    \n\t\n\n<li >\n\t<a href='?page_no=6903'>Next<\/a>\n\t<\/li>\n\n\n    \n\n<li><a href='?page_no=37000'>Last &rsaquo;&rsaquo;<\/a><\/li>\n\n<\/ul>\n\n\n--><br \/>\n<\/body><\/p>\n","protected":false},"excerpt":{"rendered":"<p>Berl\u00edn, 24 dic (dpa) &#8211; El presidente federal alem\u00e1n, Frank-Walter Steinmeier, llama a la poblaci\u00f3n a no perder la confianza en los pol\u00edticos cuando el pa\u00eds se apresta a pasar por primera vez desde 1949 unas fiestas navide\u00f1as sin un Gobierno estable. A\u00fan cuando la formaci\u00f3n de un nuevo Gobierno se demora, \u00abpodemos tener confianza\u00bb, [&hellip;]<\/p>\n","protected":false},"author":3,"featured_media":0,"comment_status":"open","ping_status":"open","sticky":false,"template":"","format":"standard","meta":{"footnotes":""},"categories":[22],"tags":[],"class_list":["post-171614","post","type-post","status-publish","format-standard","hentry","category-politica"],"_links":{"self":[{"href":"https:\/\/diariodominicano.com\/index.php?rest_route=\/wp\/v2\/posts\/171614","targetHints":{"allow":["GET"]}}],"collection":[{"href":"https:\/\/diariodominicano.com\/index.php?rest_route=\/wp\/v2\/posts"}],"about":[{"href":"https:\/\/diariodominicano.com\/index.php?rest_route=\/wp\/v2\/types\/post"}],"author":[{"embeddable":true,"href":"https:\/\/diariodominicano.com\/index.php?rest_route=\/wp\/v2\/users\/3"}],"replies":[{"embeddable":true,"href":"https:\/\/diariodominicano.com\/index.php?rest_route=%2Fwp%2Fv2%2Fcomments&post=171614"}],"version-history":[{"count":0,"href":"https:\/\/diariodominicano.com\/index.php?rest_route=\/wp\/v2\/posts\/171614\/revisions"}],"wp:attachment":[{"href":"https:\/\/diariodominicano.com\/index.php?rest_route=%2Fwp%2Fv2%2Fmedia&parent=171614"}],"wp:term":[{"taxonomy":"category","embeddable":true,"href":"https:\/\/diariodominicano.com\/index.php?rest_route=%2Fwp%2Fv2%2Fcategories&post=171614"},{"taxonomy":"post_tag","embeddable":true,"href":"https:\/\/diariodominicano.com\/index.php?rest_route=%2Fwp%2Fv2%2Ftags&post=171614"}],"curies":[{"name":"wp","href":"https:\/\/api.w.org\/{rel}","templated":true}]}}