{"id":171612,"date":"2017-12-24T23:48:18","date_gmt":"2017-12-24T23:48:18","guid":{"rendered":"http:\/\/diariodominicano.ddns.net\/?p=171612"},"modified":"2017-12-24T23:48:18","modified_gmt":"2017-12-24T23:48:18","slug":"reconocen-labor-de-los-periodistas-y-comunicadores-dominicanos-en-nueva-york","status":"publish","type":"post","link":"https:\/\/diariodominicano.com\/?p=171612","title":{"rendered":"Reconocen labor de los periodistas y comunicadores dominicanos en Nueva York&#13;"},"content":{"rendered":"<p><body><\/p>\n<p><img decoding=\"async\" src=\"img3\/margarito4.jpg\" \/><br \/><img decoding=\"async\" src=\"img3\/margarito4.jpg\" \/><br \/><img decoding=\"async\" src=\"img3\/margarito02.jpg\" \/>  <\/p>\n<\/p>\n<p><strong> <\/strong><\/p>\n<p><strong>Por Luis An\u00edbal Medrano S.<\/strong><\/p>\n<p><strong> <\/strong><\/p>\n<\/p>\n<p><strong>NUEVA YORK.-<\/strong> La direcci\u00f3n Internacional del proyecto Luis Abinader Presidente 2020, realiz\u00f3 un acto de reconocimiento a los periodistas y comunicadores dominicanos en la Gran Manzana por sus aportes de orientaci\u00f3n plural a la poblaci\u00f3n en sentido general.<\/p>\n<\/p>\n<\/p>\n<p><strong>En el acto encabezado por su coordinador general internacional, Margarito Carlos De Le\u00f3n y la coordinadora del Estado de Nueva York, Margarita Pichardo, se recibi\u00f3 la llamada del aspirante presidencial Luis Abinader desde la zona oriental de la ciudad de Santo Domingo quien resalt\u00f3 la importancia del encuentro con los comunicadores que siempre han estado apoyando al pa\u00eds y a la democracia de manera positiva.<\/strong><\/p>\n<p><strong> <\/strong><\/p>\n<\/p>\n<p>Abinader asegur\u00f3 que el Partido Revolucionario Moderno est\u00e1 esperanzado de que en la Rep\u00fablica Dominicana debe haber un cambio por lo que le alegra el hecho de que la dirigencia de Nueva York se acerque a los comunicadores para que tengan una relaci\u00f3n transparente con confianza y respecto que esa relaci\u00f3n redundar\u00e1 de manera positiva  tanto para los comunicadores como para el proyecto presidencial que \u00e9l encabeza.<\/p>\n<\/p>\n<\/p>\n<p>Abinader les dese\u00f3 a los periodistas y comunicadores presente y a lo que por razones diversas no pudieron estar, una feliz navidad y un 2018 con salud, \u00e9xitos y paz.<\/p>\n<\/p>\n<\/p>\n<p>En tanto, Margarito Carlos De Le\u00f3n agradeci\u00f3 la presencia de los periodistas y comunicadores que dejaron sus habitualidades para hacer acto de presencia en dicho encuentro, por lo que le expres\u00f3 el mayor de los reconocimientos y les garantiz\u00f3 que ese gesto no lo olvidar\u00e1 y que siente la satisfacci\u00f3n de tener en los hombres y mujeres de los medios de comunicaci\u00f3n, grandes aliados con los cuales hay que contar para llevar el mensaje de redenci\u00f3n y de esperanza a la mayor cantidad de dominicanos para crear conciencia de la necesidad de un cambio en la actividad pol\u00edtica.<\/p>\n<\/p>\n<\/p>\n<p>Al hablar sobre el proceso convencional que se avecina en el PRM, asegur\u00f3 que en ete no habr\u00e1 confrotaciones sino selecci\u00f3n de los mejores hombres y mujeres para fortalecer esa organizaci\u00f3n y endurecer sus estructuras hacia el porvenir aquilatando los conocimientos adquiridos en el exterior en las diferentes areas dell desarrollo, conjuntamente con las experiencias de los viejos dirigentes pol\u00edticos que trajeron a la organizaci\u00f3n sus sapiencias y conocimientos para unirlo con los nuevos tiempos que reina en el mundo con la comunicaci\u00f3n a distancia.<\/p>\n<\/p>\n<\/p>\n<p>De Le\u00f3n asegur\u00f3 que el PRM ser\u00e1 el partido escuela que so\u00f1aba Jos\u00e9 Francisco Pe\u00f1a G\u00f3mez y  que esa organizaci\u00f3n est\u00e1 compelida, obligada a salir airosa del proceso convencional y que se est\u00e1 trabajando en esa direcci\u00f3n, primero a lo interno del LAP que se ha convertido en la fuerza mayoritaria a la interno de la entidad pol\u00edtica opositora y luego conciliar con los compa\u00f1eros que siguen las orientaciones del ex presidente Hipolito Mejia, por lo que entiende que del mencionado proceso saldr\u00e1 una direcci\u00f3n partidaria de acuerdo a los nuevos tiempos y circunstancias que demanda el pa\u00eds.    <\/p>\n<\/p>\n<\/p>\n<p>Ente los miembros de la prensa que asistieron al encuentro navide\u00f1o estuvieron Carlos De la Vega, Jos\u00e9 Santiago G\u00f3mez, Erick Guti\u00e9rrez, Rom\u00e1n Polanco, Luis An\u00edbal Medrano S., Rolando Robles, Rafael D\u00edaz, Pedro Joaqu\u00edn Aguiar, Jhonny Trinidad, Manuel Ruiz, Roberto Fleurimont, Ram\u00f3n Mercedes, Edward Contreras, Rafael Mendoza, Miguel Espaillat, Remulus Della Valle, Bol\u00edvar Veras, entre otros reconocidos periodistas y comunicadores, a quienes se les entreg\u00f3 un pergamino de reconocimiento por la excelente labor period\u00edstica en beneficio de la comunidad dominicana.<\/p>\n<\/p>\n<\/p>\n<p>Las palabras inicial del encuentro fueron ofrecidas por Emigdio Moronta, en tanto Francisco Roa pronunci\u00f3 el agradecimiento por la asistencia y Rafaela Gomez resalt\u00f3 el valor y significado de dicho encuentro. Entre los organizadores estuvieron Laurentina Laiz, Ram\u00f3n Valerio, Francisco Rosa, Gabriel Santana, Emigdio Moronta, George Roble, Maritza B\u00e1ez, Luis An\u00edbal Medrano s., Rosa P\u00e9rez, dulce Collado, Ramon amparo, Bernardo Arias, Pedro Joaqu\u00edn Aguiar, entre otras personalidades.   <\/p>\n<\/p>\n<h6> 2017-12-24 23:48:18 <\/h6>\n<p><!--\n<link rel=\"stylesheet\" href=\"css\/bootstrap.min.css\">\n\n\n<ul class=\"pagination\">\n\t    \n\t\n\n<li >\n\t<a href='?page_no=6899'>Previous<\/a>\n\t<\/li>\n\n\n       \n    \n\n<li><a href='?page_no=1'>1<\/a><\/li>\n\n\n\n<li><a href='?page_no=2'>2<\/a><\/li>\n\n\n\n<li><a>...<\/a><\/li>\n\n\n\n<li><a href='?page_no=6898'>6898<\/a><\/li>\n\n\n\n<li><a href='?page_no=6899'>6899<\/a><\/li>\n\n\n\n<li class='active'><a>6900<\/a><\/li>\n\n\n\n<li><a href='?page_no=6901'>6901<\/a><\/li>\n\n\n\n<li><a href='?page_no=6902'>6902<\/a><\/li>\n\n\n\n<li><a>...<\/a><\/li>\n\n\n\n<li><a href='?page_no=36999'>36999<\/a><\/li>\n\n\n\n<li><a href='?page_no=37000'>37000<\/a><\/li>\n\n    \n\t\n\n<li >\n\t<a href='?page_no=6901'>Next<\/a>\n\t<\/li>\n\n\n    \n\n<li><a href='?page_no=37000'>Last &rsaquo;&rsaquo;<\/a><\/li>\n\n<\/ul>\n\n\n--><br \/>\n<\/body><\/p>\n","protected":false},"excerpt":{"rendered":"<p>Por Luis An\u00edbal Medrano S. NUEVA YORK.- La direcci\u00f3n Internacional del proyecto Luis Abinader Presidente 2020, realiz\u00f3 un acto de reconocimiento a los periodistas y comunicadores dominicanos en la Gran Manzana por sus aportes de orientaci\u00f3n plural a la poblaci\u00f3n en sentido general. En el acto encabezado por su coordinador general internacional, Margarito Carlos De [&hellip;]<\/p>\n","protected":false},"author":3,"featured_media":0,"comment_status":"open","ping_status":"open","sticky":false,"template":"","format":"standard","meta":{"footnotes":""},"categories":[22],"tags":[],"class_list":["post-171612","post","type-post","status-publish","format-standard","hentry","category-politica"],"_links":{"self":[{"href":"https:\/\/diariodominicano.com\/index.php?rest_route=\/wp\/v2\/posts\/171612","targetHints":{"allow":["GET"]}}],"collection":[{"href":"https:\/\/diariodominicano.com\/index.php?rest_route=\/wp\/v2\/posts"}],"about":[{"href":"https:\/\/diariodominicano.com\/index.php?rest_route=\/wp\/v2\/types\/post"}],"author":[{"embeddable":true,"href":"https:\/\/diariodominicano.com\/index.php?rest_route=\/wp\/v2\/users\/3"}],"replies":[{"embeddable":true,"href":"https:\/\/diariodominicano.com\/index.php?rest_route=%2Fwp%2Fv2%2Fcomments&post=171612"}],"version-history":[{"count":0,"href":"https:\/\/diariodominicano.com\/index.php?rest_route=\/wp\/v2\/posts\/171612\/revisions"}],"wp:attachment":[{"href":"https:\/\/diariodominicano.com\/index.php?rest_route=%2Fwp%2Fv2%2Fmedia&parent=171612"}],"wp:term":[{"taxonomy":"category","embeddable":true,"href":"https:\/\/diariodominicano.com\/index.php?rest_route=%2Fwp%2Fv2%2Fcategories&post=171612"},{"taxonomy":"post_tag","embeddable":true,"href":"https:\/\/diariodominicano.com\/index.php?rest_route=%2Fwp%2Fv2%2Ftags&post=171612"}],"curies":[{"name":"wp","href":"https:\/\/api.w.org\/{rel}","templated":true}]}}