{"id":171609,"date":"2017-12-25T10:59:13","date_gmt":"2017-12-25T10:59:13","guid":{"rendered":"http:\/\/diariodominicano.ddns.net\/?p=171609"},"modified":"2017-12-25T10:59:13","modified_gmt":"2017-12-25T10:59:13","slug":"leonel-fernandez-afirma-tareas-del-pld-y-sus-aliados-van-mas-alla-de-un-certamen-electoral","status":"publish","type":"post","link":"https:\/\/diariodominicano.com\/?p=171609","title":{"rendered":"Leonel Fern\u00e1ndez afirma tareas del PLD y sus aliados van m\u00e1s all\u00e1 de un certamen electoral"},"content":{"rendered":"<p><body><\/p>\n<p><img decoding=\"async\" src=\"img3\/Leonelzorrilla25.JPG\" \/><br \/><img decoding=\"async\" src=\"img3\/01.JPG\" \/>  <\/p>\n<p><strong><span class=\"text1noticias\">SANTO DOMINGO,  R. D., 25 de diciembre, 2017.-<\/span><\/strong><span class=\"text1noticias\">  Los objetivos de la  coalici\u00f3n del Partido de la Liberaci\u00f3n Dominicana con las agrupaciones que conforman el Bloque Progresista son de trasformaci\u00f3n radical de la Republica Dominicana en la que el Estado democr\u00e1tico de derecho se consolide, que primen las libertades, con instituciones respetables.<\/span><\/p>\n<p><span class=\"text1noticias\"> <\/span><\/p>\n<p><span class=\"text1noticias\">La reflexi\u00f3n la hizo el ex presidente Leonel Fern\u00e1ndez en un almuerzo , que con motivo de las navidades,  realiz\u00f3 con los directivos de los partidos que junto al PLD,  forman el  Bloque Progresista en un restaurant de la ciudad capital, encuentro que es ya una tradici\u00f3n, inform\u00f3 en un bolet\u00edn de prensa la secretar\u00eda de Comunicaciones del PLD.<\/span><\/p>\n<p><span class=\"text1noticias\"> <\/span><\/p>\n<p><span class=\"text1noticias\">Las palabras del presidente pelede\u00edsta, prosiguieron a las pronunciadas por los presentes en el almuerzo navide\u00f1o, quienes encomiaron la obra de gobierno y reiteraron sus compromisos de alianza con el Partido de la Liberaci\u00f3n Dominicana.<\/span><\/p>\n<p><span class=\"text1noticias\"> <\/span><\/p>\n<p><span class=\"text1noticias\">\u00abLas tareas del PLD y el Bloque Progresista no se limitan al pr\u00f3ximo torneo electoral. El torneo del a\u00f1o 2020 es un nuevo desaf\u00edo para seguir avanzando. Nuestro objetivo va m\u00e1s all\u00e1 de unas elecciones. Es un objetivo hist\u00f3rico de transformaci\u00f3n radical de la Republica Dominicana\u00bb.<\/span><\/p>\n<p><span class=\"text1noticias\"> <\/span><\/p>\n<p><span class=\"text1noticias\">Leonel Fern\u00e1ndez complet\u00f3 su afirmaci\u00f3n citando, entre otras, las realizaciones que entre otras,  la coalici\u00f3n partidaria tiene como objetivo: \u00abTener un Estado democr\u00e1tico de derecho, que la libertad nunca se ponga en riesgo, que la democracia no perezca, que las instituciones sean enteramente respetable, que se mantenga el crecimiento econ\u00f3mico, diversificaci\u00f3n de la econom\u00eda, bienestar social, preservaci\u00f3n del medio ambiente, la garantia de la seguridad y defensa de la vida\u00bb<\/span><\/p>\n<p><span class=\"text1noticias\"> <\/span><\/p>\n<p><span class=\"text1noticias\">Cerr\u00f3 su intervenci\u00f3n reafirmando que el pa\u00eds que podemos tener es el que podemos so\u00f1ar para lo cual debe de consolidarse los compromisos asumidos con la gran alianza partidaria  <\/span><\/p>\n<p><span class=\"text1noticias\"> <\/span><\/p>\n<p><span class=\"text1noticias\">El ex presidente reflexion\u00f3 con los dirigentes aliados  sobre la fortaleza que ofrece la unidad, explicando  que las discrepancias son naturales en los n\u00facleos sociales: \u00abSiempre habr\u00e1 discrepancias, diferencias de opiniones, pero saberlas resolver civilizadamente es la manera de hacer una contribuci\u00f3n significativa al desarrollo del pa\u00eds\u00bb apunto el presidente del PLD, como se hace saber en el despacho de la Secretaria de Comunicaciones de esa organizaci\u00f3n,<\/span><\/p>\n<p><span class=\"text1noticias\"> <\/span><\/p>\n<p><span class=\"text1noticias\">Leonel Fern\u00e1ndez, en su calidad de Presidente del PLD, se  manifest\u00f3 agradecido por la  deferencia que las diferentes agrupaciones pol\u00edticas, integrantes del Bloque Progresista, han ofrecido al Partido de la Liberaci\u00f3n Dominicana y a su persona en particular.<\/span><\/p>\n<p><span class=\"text1noticias\"> <\/span><\/p>\n<p><span class=\"text1noticias\">Resalta que con agrado participa de ese encuentro de fin de a\u00f1o, el que se ha convertido en una tradici\u00f3n para celebrar las festividades navide\u00f1as-<\/span><\/p>\n<p><span class=\"text1noticias\"> <\/span><\/p>\n<p><span class=\"text1noticias\">Leonel Fern\u00e1ndez inici\u00f3 sus palabras luego de agradecer a la participaci\u00f3n y la cordialidad hacia el PLD, significando que en gran medida se cumpli\u00f3 el compromiso asumido en el encuentro navide\u00f1o del 2016, en el sentido de que se comprometieron a reunirse mas a menudo y no solo al final del a\u00f1o.<\/span><\/p>\n<p><span class=\"text1noticias\"> <\/span><\/p>\n<p><span class=\"text1noticias\">En ese sentido refiri\u00f3 que en el 2017, pr\u00f3ximo a concluir,  se reuni\u00f3 con los partidos del Bloque Progresista reflexionando, de manera conjunta sobre las inquietudes de esas agrupaciones con relaci\u00f3n al anteproyecto de Ley de Partidos que se analiza en la Comisi\u00f3n Bicameral<\/span><\/p>\n<p><span class=\"text1noticias\"> <\/span><\/p>\n<p><span class=\"text1noticias\">Revel\u00f3 que esas reuniones sirvieron de mucho para esclarecer aspectos que se han asentado en el anteproyecto discutido y que se espera su aprobaci\u00f3n para relanzar el sistema de partidos<\/span><\/p>\n<p><span class=\"text1noticias\"> <\/span><\/p>\n<p><span class=\"text1noticias\">Apunt\u00f3 que la consolidaci\u00f3n de ese gran bloque partidario es en gran medida lo que ha hecho posible los triunfos electorales del PLD en primera vuelta en la consulta c\u00edvica.<\/span><\/p>\n<p><span class=\"text1noticias\"> <\/span><\/p>\n<p><span class=\"text1noticias\"> Leonel Fern\u00e1ndez argument\u00f3  que esas alianzas han permitido vencer los obst\u00e1culos de un sistema electoral exigente en el que se establece un 50 por ciento m\u00e1s un voto para ganar las elecciones sin que se acuda a una segunda vuelta.<\/span><\/p>\n<p><span class=\"text1noticias\"> <\/span><\/p>\n<p><span class=\"text1noticias\">\u00abPara obtener un triunfo en primera vuelta se debe obtener mayor\u00eda absoluta, m\u00e1s del cincuenta por ciento mas uno,  una verdadera haza\u00f1a&#8230;por lo que se hace clave la conformaci\u00f3n de alianzas\u00bb dijo Leonel Fern\u00e1ndez tras valorar esos pactos en raz\u00f3n de facilitar el triunfo y  permitir a los partidos en formaci\u00f3n,  una participaci\u00f3n con buenos resultados, insertarse en el proceso  y poder crecer, inform\u00f3 la Secretar\u00eda de Comunicaciones del PLD. <\/span><\/p>\n<p><span class=\"text1noticias\"> <\/span><\/p>\n<\/p>\n<\/p>\n<h6> 2017-12-25 10:59:13 <\/h6>\n<p><!--\n<link rel=\"stylesheet\" href=\"css\/bootstrap.min.css\">\n\n\n<ul class=\"pagination\">\n\t    \n\t\n\n<li >\n\t<a href='?page_no=6898'>Previous<\/a>\n\t<\/li>\n\n\n       \n    \n\n<li><a href='?page_no=1'>1<\/a><\/li>\n\n\n\n<li><a href='?page_no=2'>2<\/a><\/li>\n\n\n\n<li><a>...<\/a><\/li>\n\n\n\n<li><a href='?page_no=6897'>6897<\/a><\/li>\n\n\n\n<li><a href='?page_no=6898'>6898<\/a><\/li>\n\n\n\n<li class='active'><a>6899<\/a><\/li>\n\n\n\n<li><a href='?page_no=6900'>6900<\/a><\/li>\n\n\n\n<li><a href='?page_no=6901'>6901<\/a><\/li>\n\n\n\n<li><a>...<\/a><\/li>\n\n\n\n<li><a href='?page_no=36999'>36999<\/a><\/li>\n\n\n\n<li><a href='?page_no=37000'>37000<\/a><\/li>\n\n    \n\t\n\n<li >\n\t<a href='?page_no=6900'>Next<\/a>\n\t<\/li>\n\n\n    \n\n<li><a href='?page_no=37000'>Last &rsaquo;&rsaquo;<\/a><\/li>\n\n<\/ul>\n\n\n--><br \/>\n<\/body><\/p>\n","protected":false},"excerpt":{"rendered":"<p>SANTO DOMINGO, R. D., 25 de diciembre, 2017.- Los objetivos de la coalici\u00f3n del Partido de la Liberaci\u00f3n Dominicana con las agrupaciones que conforman el Bloque Progresista son de trasformaci\u00f3n radical de la Republica Dominicana en la que el Estado democr\u00e1tico de derecho se consolide, que primen las libertades, con instituciones respetables. La reflexi\u00f3n la [&hellip;]<\/p>\n","protected":false},"author":3,"featured_media":0,"comment_status":"open","ping_status":"open","sticky":false,"template":"","format":"standard","meta":{"footnotes":""},"categories":[22],"tags":[],"class_list":["post-171609","post","type-post","status-publish","format-standard","hentry","category-politica"],"_links":{"self":[{"href":"https:\/\/diariodominicano.com\/index.php?rest_route=\/wp\/v2\/posts\/171609","targetHints":{"allow":["GET"]}}],"collection":[{"href":"https:\/\/diariodominicano.com\/index.php?rest_route=\/wp\/v2\/posts"}],"about":[{"href":"https:\/\/diariodominicano.com\/index.php?rest_route=\/wp\/v2\/types\/post"}],"author":[{"embeddable":true,"href":"https:\/\/diariodominicano.com\/index.php?rest_route=\/wp\/v2\/users\/3"}],"replies":[{"embeddable":true,"href":"https:\/\/diariodominicano.com\/index.php?rest_route=%2Fwp%2Fv2%2Fcomments&post=171609"}],"version-history":[{"count":0,"href":"https:\/\/diariodominicano.com\/index.php?rest_route=\/wp\/v2\/posts\/171609\/revisions"}],"wp:attachment":[{"href":"https:\/\/diariodominicano.com\/index.php?rest_route=%2Fwp%2Fv2%2Fmedia&parent=171609"}],"wp:term":[{"taxonomy":"category","embeddable":true,"href":"https:\/\/diariodominicano.com\/index.php?rest_route=%2Fwp%2Fv2%2Fcategories&post=171609"},{"taxonomy":"post_tag","embeddable":true,"href":"https:\/\/diariodominicano.com\/index.php?rest_route=%2Fwp%2Fv2%2Ftags&post=171609"}],"curies":[{"name":"wp","href":"https:\/\/api.w.org\/{rel}","templated":true}]}}