{"id":171608,"date":"2017-12-26T07:18:46","date_gmt":"2017-12-26T07:18:46","guid":{"rendered":"http:\/\/diariodominicano.ddns.net\/?p=171608"},"modified":"2017-12-26T07:18:46","modified_gmt":"2017-12-26T07:18:46","slug":"rusia-prohibe-participacion-de-opositor-navalny-en-elecciones-de-2018","status":"publish","type":"post","link":"https:\/\/diariodominicano.com\/?p=171608","title":{"rendered":"Rusia proh\u00edbe participaci\u00f3n de opositor Navalny en elecciones de 2018"},"content":{"rendered":"<p><body><\/p>\n<p><img decoding=\"async\" src=\"img3\/Alexei Navalny.jpg\" \/>  <\/p>\n<p>\t  Alexei Navalny  (Archivo)<\/p>\n<\/p>\n<\/p>\n<p><strong>MOSCU, 25 dic (Xinhua) &#8212;<\/strong> La Comisi\u00f3n Electoral Central de Rusia neg\u00f3 hoy al l\u00edder opositor Alexei Navalny el derecho de participar en las elecciones presidenciales de 2018 por su condena penal.<\/p>\n<\/p>\n<p>De acuerdo con las leyes rusas, si alguien es encontrado culpable de un delito, no podr\u00e1 ser elegible para la presidencia, dijo la jefa de la comisi\u00f3n, Ella Pamfilova, en un video de la reuni\u00f3n de la comisi\u00f3n publicado en la p\u00e1gina personal de Navalny.<\/p>\n<\/p>\n<p>Boris Ebzeyev, miembro de la comisi\u00f3n citado por medios rusos, confirm\u00f3 la prohibici\u00f3n del abogado de 41 a\u00f1os de edad.<\/p>\n<\/p>\n<p>\u00abDeclaramos una huelga electoral\u00bb, dijo Navalny en un video publicado en su sitio web y pidi\u00f3 a sus simpatizantes en el pa\u00eds persuadir a las personas de boicotear las elecciones y organizar el monitoreo de las casillas para evitar un fraude.<\/p>\n<\/p>\n<p>En febrero, un tribunal ruso encontr\u00f3 a Navalny culpable de malversaci\u00f3n en una compa\u00f1\u00eda de madera y le dict\u00f3 una condena de cinco a\u00f1os suspendida.<\/p>\n<\/p>\n<p>Navalny, fundador de una fundaci\u00f3n anticorrupci\u00f3n, ha criticado en p\u00fablico al Kremlin y anunci\u00f3 a finales del a\u00f1o pasado su intenci\u00f3n de competir por la presidencia en 2018.<\/p>\n<\/p>\n<p>Rusia celebrar\u00e1 elecciones presidenciales el 18 de marzo del pr\u00f3ximo a\u00f1o. Varios pol\u00edticos, incluyendo el presidente Vladimir Putin, han afirmado que participar\u00e1n en las elecciones que se celebran cada seis a\u00f1os.<\/p>\n<h6> 2017-12-26 07:18:46 <\/h6>\n<p><!--\n<link rel=\"stylesheet\" href=\"css\/bootstrap.min.css\">\n\n\n<ul class=\"pagination\">\n\t    \n\t\n\n<li >\n\t<a href='?page_no=6897'>Previous<\/a>\n\t<\/li>\n\n\n       \n    \n\n<li><a href='?page_no=1'>1<\/a><\/li>\n\n\n\n<li><a href='?page_no=2'>2<\/a><\/li>\n\n\n\n<li><a>...<\/a><\/li>\n\n\n\n<li><a href='?page_no=6896'>6896<\/a><\/li>\n\n\n\n<li><a href='?page_no=6897'>6897<\/a><\/li>\n\n\n\n<li class='active'><a>6898<\/a><\/li>\n\n\n\n<li><a href='?page_no=6899'>6899<\/a><\/li>\n\n\n\n<li><a href='?page_no=6900'>6900<\/a><\/li>\n\n\n\n<li><a>...<\/a><\/li>\n\n\n\n<li><a href='?page_no=36999'>36999<\/a><\/li>\n\n\n\n<li><a href='?page_no=37000'>37000<\/a><\/li>\n\n    \n\t\n\n<li >\n\t<a href='?page_no=6899'>Next<\/a>\n\t<\/li>\n\n\n    \n\n<li><a href='?page_no=37000'>Last &rsaquo;&rsaquo;<\/a><\/li>\n\n<\/ul>\n\n\n--><br \/>\n<\/body><\/p>\n","protected":false},"excerpt":{"rendered":"<p>Alexei Navalny (Archivo) MOSCU, 25 dic (Xinhua) &#8212; La Comisi\u00f3n Electoral Central de Rusia neg\u00f3 hoy al l\u00edder opositor Alexei Navalny el derecho de participar en las elecciones presidenciales de 2018 por su condena penal. De acuerdo con las leyes rusas, si alguien es encontrado culpable de un delito, no podr\u00e1 ser elegible para la [&hellip;]<\/p>\n","protected":false},"author":3,"featured_media":0,"comment_status":"open","ping_status":"open","sticky":false,"template":"","format":"standard","meta":{"footnotes":""},"categories":[22],"tags":[],"class_list":["post-171608","post","type-post","status-publish","format-standard","hentry","category-politica"],"_links":{"self":[{"href":"https:\/\/diariodominicano.com\/index.php?rest_route=\/wp\/v2\/posts\/171608","targetHints":{"allow":["GET"]}}],"collection":[{"href":"https:\/\/diariodominicano.com\/index.php?rest_route=\/wp\/v2\/posts"}],"about":[{"href":"https:\/\/diariodominicano.com\/index.php?rest_route=\/wp\/v2\/types\/post"}],"author":[{"embeddable":true,"href":"https:\/\/diariodominicano.com\/index.php?rest_route=\/wp\/v2\/users\/3"}],"replies":[{"embeddable":true,"href":"https:\/\/diariodominicano.com\/index.php?rest_route=%2Fwp%2Fv2%2Fcomments&post=171608"}],"version-history":[{"count":0,"href":"https:\/\/diariodominicano.com\/index.php?rest_route=\/wp\/v2\/posts\/171608\/revisions"}],"wp:attachment":[{"href":"https:\/\/diariodominicano.com\/index.php?rest_route=%2Fwp%2Fv2%2Fmedia&parent=171608"}],"wp:term":[{"taxonomy":"category","embeddable":true,"href":"https:\/\/diariodominicano.com\/index.php?rest_route=%2Fwp%2Fv2%2Fcategories&post=171608"},{"taxonomy":"post_tag","embeddable":true,"href":"https:\/\/diariodominicano.com\/index.php?rest_route=%2Fwp%2Fv2%2Ftags&post=171608"}],"curies":[{"name":"wp","href":"https:\/\/api.w.org\/{rel}","templated":true}]}}