{"id":171606,"date":"2017-12-26T12:16:14","date_gmt":"2017-12-26T12:16:14","guid":{"rendered":"http:\/\/diariodominicano.ddns.net\/?p=171606"},"modified":"2017-12-26T12:16:14","modified_gmt":"2017-12-26T12:16:14","slug":"afirma-programas-de-asistencia-social-mapre-es-muestra-de-apoyo-a-las-necesidades-humanas-fundamentales","status":"publish","type":"post","link":"https:\/\/diariodominicano.com\/?p=171606","title":{"rendered":"Afirma programas de asistencia social Mapre es muestra de apoyo a las necesidades humanas fundamentales"},"content":{"rendered":"<p><body><\/p>\n<p><img decoding=\"async\" src=\"img3\/vices1.jpg\" \/>  <\/p>\n<p><strong>SANTO DOMINGO, RD, 26 de diciembre de 2017.-<\/strong> El viceministro administrativo de la Presidencia, Alexis Lantigua,  sostuvo que los diversos programas de asistencias sociales que ejecuta esa dependencia, es demostraci\u00f3n irrefutable que el gobierno del presidente Danilo Medina ponen al ser humano en el centro de la toma de decisiones de sus pol\u00edticas p\u00fablicas.<\/p>\n<\/p>\n<p>Tambi\u00e9n resalt\u00f3 la pol\u00edtica social orientada a reivindicar a personas envejecientes con miras a mejorar su calidad de vida y con ello devolverle la alegr\u00eda.<\/p>\n<\/p>\n<p>Lantigua detall\u00f3 que la mayor inversi\u00f3n en ayudas econ\u00f3micas han estado orientadas a satisfacer necesidades relacionadas a distintos procedimientos m\u00e9dicos quir\u00fargicos,  individuales para pagar deudas contra\u00eddas relacionadas a enfermedades, donaciones de materiales para reconstrucciones de viviendas de personas que viv\u00edan en condiciones infrahumanas.<\/p>\n<\/p>\n<p>Tambi\u00e9n puso de relieve otros tipos de ayudas dirigida a la juventud mediante el otorgamiento de ayudas a estudiantes, que incluye donaciones de modernos y confortables autobuses para su transporte en distintas localidades del pa\u00eds.<\/p>\n<\/p>\n<p>Entrevistado en el programa  De Entero Cr\u00e9dito , que se trasmite por el Super Canal 33, dirigido por el periodista H\u00e9ctor Herrera Cabral , el licenciado Lantigua, paso balance de las principales acciones que ha estado realizando esa unidad operacional del Gobierno, a favor de las personas m\u00e1s necesitadas.<\/p>\n<\/p>\n<p>Destac\u00f3 que a trav\u00e9s de esas acciones el Gobierno del Presidente Danilo Medina ha beneficiado este a\u00f1o de manera directa a m\u00e1s de doce mil personas que han solicitado distintas ayudas, mientras otras solicitudes recibidas y que no son de las incumbencias del Ministerio Administrativo, han sido remitidas a otras dependencias gubernamentales para fines de soluci\u00f3n.<\/p>\n<\/p>\n<p>Se refiri\u00f3 adem\u00e1s, a la carga fija  de 960 casos de personas de escasos recursos por enfermedades y otras \u00edndoles  lo cual requiere una inversi\u00f3n a noviembre de este a\u00f1o   superior a los 11 millones 491 millones de pesos.<\/p>\n<\/p>\n<p>Lantiagua precis\u00f3 que el Viceministerio Administrativo, a la fecha ha procesado, tramitado y resuelto 2 mil 457 expediente relacionados a diversas solicitudes de ayudas por un monto superior a 167 millones 570 mil pesos.<\/p>\n<\/p>\n<p>En lo referente a donaciones de autobuses a asociaciones estudiantiles universitarias y otras entidades, incluyendo religiosas el funcionario dijo que asciende a 400 unidades, representando un ahorro para las familias de los beneficiarios de m\u00e1s de mil 500 pesos por concepto del costo  de transporte.<\/p>\n<\/p>\n<p>El licenciado Lantigua refiere que esas y otras acciones que ejecuta el gobierno relacionadas a su pol\u00edtica social es demostraci\u00f3n de que el Presidente Danilo Medina tiene como principal objetivo contribuir al bienestar econ\u00f3mico y social del pueblo dominicano.<\/p>\n<h6> 2017-12-26 12:16:14 <\/h6>\n<p><!--\n<link rel=\"stylesheet\" href=\"css\/bootstrap.min.css\">\n\n\n<ul class=\"pagination\">\n\t    \n\t\n\n<li >\n\t<a href='?page_no=6895'>Previous<\/a>\n\t<\/li>\n\n\n       \n    \n\n<li><a href='?page_no=1'>1<\/a><\/li>\n\n\n\n<li><a href='?page_no=2'>2<\/a><\/li>\n\n\n\n<li><a>...<\/a><\/li>\n\n\n\n<li><a href='?page_no=6894'>6894<\/a><\/li>\n\n\n\n<li><a href='?page_no=6895'>6895<\/a><\/li>\n\n\n\n<li class='active'><a>6896<\/a><\/li>\n\n\n\n<li><a href='?page_no=6897'>6897<\/a><\/li>\n\n\n\n<li><a href='?page_no=6898'>6898<\/a><\/li>\n\n\n\n<li><a>...<\/a><\/li>\n\n\n\n<li><a href='?page_no=36999'>36999<\/a><\/li>\n\n\n\n<li><a href='?page_no=37000'>37000<\/a><\/li>\n\n    \n\t\n\n<li >\n\t<a href='?page_no=6897'>Next<\/a>\n\t<\/li>\n\n\n    \n\n<li><a href='?page_no=37000'>Last &rsaquo;&rsaquo;<\/a><\/li>\n\n<\/ul>\n\n\n--><br \/>\n<\/body><\/p>\n","protected":false},"excerpt":{"rendered":"<p>SANTO DOMINGO, RD, 26 de diciembre de 2017.- El viceministro administrativo de la Presidencia, Alexis Lantigua, sostuvo que los diversos programas de asistencias sociales que ejecuta esa dependencia, es demostraci\u00f3n irrefutable que el gobierno del presidente Danilo Medina ponen al ser humano en el centro de la toma de decisiones de sus pol\u00edticas p\u00fablicas. Tambi\u00e9n [&hellip;]<\/p>\n","protected":false},"author":3,"featured_media":0,"comment_status":"open","ping_status":"open","sticky":false,"template":"","format":"standard","meta":{"footnotes":""},"categories":[22],"tags":[],"class_list":["post-171606","post","type-post","status-publish","format-standard","hentry","category-politica"],"_links":{"self":[{"href":"https:\/\/diariodominicano.com\/index.php?rest_route=\/wp\/v2\/posts\/171606","targetHints":{"allow":["GET"]}}],"collection":[{"href":"https:\/\/diariodominicano.com\/index.php?rest_route=\/wp\/v2\/posts"}],"about":[{"href":"https:\/\/diariodominicano.com\/index.php?rest_route=\/wp\/v2\/types\/post"}],"author":[{"embeddable":true,"href":"https:\/\/diariodominicano.com\/index.php?rest_route=\/wp\/v2\/users\/3"}],"replies":[{"embeddable":true,"href":"https:\/\/diariodominicano.com\/index.php?rest_route=%2Fwp%2Fv2%2Fcomments&post=171606"}],"version-history":[{"count":0,"href":"https:\/\/diariodominicano.com\/index.php?rest_route=\/wp\/v2\/posts\/171606\/revisions"}],"wp:attachment":[{"href":"https:\/\/diariodominicano.com\/index.php?rest_route=%2Fwp%2Fv2%2Fmedia&parent=171606"}],"wp:term":[{"taxonomy":"category","embeddable":true,"href":"https:\/\/diariodominicano.com\/index.php?rest_route=%2Fwp%2Fv2%2Fcategories&post=171606"},{"taxonomy":"post_tag","embeddable":true,"href":"https:\/\/diariodominicano.com\/index.php?rest_route=%2Fwp%2Fv2%2Ftags&post=171606"}],"curies":[{"name":"wp","href":"https:\/\/api.w.org\/{rel}","templated":true}]}}