{"id":171604,"date":"2017-12-26T12:29:54","date_gmt":"2017-12-26T12:29:54","guid":{"rendered":"http:\/\/diariodominicano.ddns.net\/?p=171604"},"modified":"2017-12-26T12:29:54","modified_gmt":"2017-12-26T12:29:54","slug":"leonel-fernandez-en-su-cumpleanos-resalta-optimismo-y-rechaza-exista-crisis-en-el-pld","status":"publish","type":"post","link":"https:\/\/diariodominicano.com\/?p=171604","title":{"rendered":"Leonel Fern\u00e1ndez en su cumplea\u00f1os resalta optimismo y rechaza exista crisis en el PLD"},"content":{"rendered":"<p><body><\/p>\n<p><img decoding=\"async\" src=\"img3\/pld11.jpg\" \/><br \/><img decoding=\"async\" src=\"img3\/pld12.jpg\" \/><br \/><img decoding=\"async\" src=\"img3\/e4b2a724-cumpleanos-de-leoner-fernandez-kmota-119-640x384.jpg\" \/>  <\/p>\n<p><strong><span class=\"text1noticias\"> <\/span><\/strong><\/p>\n<p><strong><span class=\"text1noticias\"> <\/span><\/strong><\/p>\n<p><strong><span class=\"text1noticias\">SANTO DOMINGO, RD, 26 de diciembre de 2017.-<\/span><\/strong><span class=\"text1noticias\"> El ex presidente Leonel Fern\u00e1ndez, Presidente del Partido de la Liberaci\u00f3n Dominicana (PLD), destac\u00f3 como un activo importante para el pa\u00eds el optimismo, confianza y la fe en el futuro predominante en Rep\u00fablica Dominicana. Al responder preguntas de los periodistas en Funglode durante la celebraci\u00f3n de su cumplea\u00f1os 64, tambi\u00e9n dijo que en el PLD \u00absolo hay discrepancias\u00bb.<\/span><\/p>\n<\/p>\n<p><span class=\"text1noticias\">En un aparte con los periodistas en medio de los saludos con motivo de la fecha de su cumplea\u00f1os.  Leonel Fern\u00e1ndez resalt\u00f3 el crecimiento de Rep\u00fablica Dominicana en su econom\u00eda, pese a un entorno internacional desfavorable.<\/span><\/p>\n<p><span class=\"text1noticias\"> <\/span><\/p>\n<p><span class=\"text1noticias\">\u00abA pesar de la incertidumbre en el mundo y los obst\u00e1culos y dificultades, Rep\u00fablica Dominicana ha sido la excepci\u00f3n, hemos seguido avanzando, creciendo, progresando en medio de circunstancias internacionales adversas\u00bb, respondi\u00f3 el  mandatario a los periodistas que le abordaron en el sal\u00f3n de recepci\u00f3n  de FUNGLODE.<\/span><\/p>\n<\/p>\n<p><span class=\"text1noticias\"> \u00abHemos mantenido la estabilidad, el crecimiento y por encima de todo y posterior a las mediciones, que siempre se hacen, hemos mantenido el optimismo, la confianza y la fe que tiene el pueblo dominicano en su futuro\u00bb, apunt\u00f3 el expresidente.<\/span><\/p>\n<\/p>\n<p><span class=\"text1noticias\">Dijo  que en Rep\u00fablica Dominicana se mantiene la estabilidad y el crecimiento, pese a ser parte de Latinoam\u00e9rica en donde se manifiestan situaciones de crisis en muchos de los pa\u00edses de la regi\u00f3n<\/span><\/p>\n<p><span class=\"text1noticias\"> <\/span><\/p>\n<p><span class=\"text1noticias\">\u00abHemos mantenido la estabilidad, el crecimiento y por encima de todo y posterior a las mediciones, que siempre se hacen, hemos mantenido el optimismo, la confianza y la fe que tiene el pueblo dominicano en su futuro, que son activos muy importantes\u00bb, apunt\u00f3<\/span><\/p>\n<p><span class=\"text1noticias\"> <\/span><\/p>\n<p><span class=\"text1noticias\">Aclar\u00f3 que no se trata de que no se tenga problemas y desaf\u00edos  en el pa\u00eds. \u00abpero cuando colocamos en la balanza  hoy d\u00eda lo positivo pesa m\u00e1s que esas adversidades\u00bb.<\/span><\/p>\n<p><span class=\"text1noticias\"> <\/span><\/p>\n<p><span class=\"text1noticias\"> Exhort\u00f3 al pueblo dominicano a seguir manteniendo la fe, porque en Rep\u00fablica Dominicana se sigue avanzando.<\/span><\/p>\n<p><span class=\"text1noticias\"> <\/span><\/p>\n<p><span class=\"text1noticias\">Leonel Fern\u00e1ndez celebra este 26 de diciembre su cumplea\u00f1os 64, que motiv\u00f3 una gran congregaci\u00f3n de amigos, familiares, relacionados y dirigentes del Partido de la Liberaci\u00f3n Dominicana y partidos aliados  en el local de FUNGLODE, donde   acudieron  a felicitarle.<\/span><\/p>\n<p><span class=\"text1noticias\"> <\/span><\/p>\n<p><span class=\"text1noticias\">Un grupo de mariachi le esper\u00f3 en el sal\u00f3n que se prepar\u00f3 para los saludos cantando la tradicional \u00abMa\u00f1anitas\u00bb que se entona como s\u00edmbolo de felicitaci\u00f3n.<\/span><\/p>\n<p><span class=\"text1noticias\"><strong> <\/strong><\/span><\/p>\n<p><span class=\"text1noticias\"><strong>Mensaje lo conmueve <\/strong><\/span><\/p>\n<p><span class=\"text1noticias\"> <\/span><\/p>\n<p><span class=\"text1noticias\"> Leonel Fern\u00e1ndez dijo que este a\u00f1o se ha sentido estremecido con un bizcocho de cumplea\u00f1os enviado por su madre con un mensaje que le conmovi\u00f3.<\/span><\/p>\n<p><span class=\"text1noticias\"> <\/span><\/p>\n<p><span class=\"text1noticias\"><strong>\u00abEl Coraz\u00f3n de la madre es la escuela del ni\u00f1o, hijo m\u00edo hoy te felicito, eres mi amor, mi alegr\u00eda, mi apoyo y mi esperanza. Mil bendiciones en tu d\u00eda\u00bb, es el mensaje colocado encima del pastel de c\u00famplea\u00f1os que envi\u00f3 Do\u00f1a Yolanda Reyna , figurando su nombre al pie del escrito.<\/strong><\/span><\/p>\n<p><span class=\"text1noticias\"><strong> <\/strong><\/span><\/p>\n<p><span class=\"text1noticias\">Leonel Fern\u00e1ndez manifest\u00f3 agradecimiento por las muestras de afectos y buenos deseos que recibi\u00f3 este d\u00eda de miles de personas que se apersonaron a felic\u00edtales por su natalicio.<\/span><\/p>\n<p><span class=\"text1noticias\"> <\/span><\/p>\n<p><span class=\"text1noticias\">Aprovech\u00f3 la oportunidad ofrecida por los periodistas que le abordaron para agradecer las felicitaciones y enviar sus sinceros deseos de un venturoso a\u00f1o 2018, que iniciar\u00e1 el pr\u00f3ximo lunes.<\/span><\/p>\n<p><span class=\"text1noticias\"> <\/span><\/p>\n<p><span class=\"text1noticias\">Miles de ciudadanos acudieron al edificio de  la Fundaci\u00f3n Global Democracia y Desarrollo (Funglode), para expresar sus buenos deseos al ex presidente de la Rep\u00fablica.<\/span><\/p>\n<p><span class=\"text1noticias\"> <\/span><\/p>\n<p><span class=\"text1noticias\">De igual modo personas expresaron su  afecto y admiraci\u00f3n hacia el doctor Leonel Fern\u00e1ndez  a trav\u00e9s de las redes sociales, acompa\u00f1ando los mensajes con fotograf\u00edas de los saludos.<\/span><\/p>\n<p><span class=\"text1noticias\"> <\/span><\/p>\n<p><span class=\"text1noticias\">La etiqueta  CumpleLeonel2017   y otras creadas para la ocasi\u00f3n,  hizo tendencia a media  ma\u00f1ana de este martes.<\/span><\/p>\n<\/p>\n<p><strong><span class=\"text1noticias\">En el PLD no hay crisis <\/span><\/strong><\/p>\n<\/p>\n<p><span class=\"text1noticias\">Al responder preguntas de los periodistas en Funglode durante la celebraci\u00f3n de su cumplea\u00f1os 64, el expresidente dijo que en el PLD \u00absolo hay discrepancias\u00bb.<\/span><\/p>\n<\/p>\n<p><span class=\"text1noticias\">Neg\u00f3 que en el PLD haya conflictos por la ley de partidos y agrupaciones pol\u00edticas y sostuvo que solo hay discrepancias \u00absobre un tema muy espec\u00edfico que yo espero podamos resolver pronto\u00bb.<\/span><\/p>\n<\/p>\n<p><span class=\"text1noticias\">Leonel Fern\u00e1ndez respondi\u00f3 de ese modo cuando se le pregunt\u00f3 respecto a que las diferencias que hay en el PLD sobre el proyecto han frenado la aprobaci\u00f3n de la ley de partidos.  Fern\u00e1ndez ha dicho que ser\u00eda inconstitucional que  se imponga a los partidos la celebraci\u00f3n de primarias abiertas y simult\u00e1neas.<\/span><\/p>\n<p><span class=\"text1noticias\"><strong>\u00abDios quita y pone presidentes\u00bb<\/strong><\/span><\/p>\n<\/p>\n<p><span class=\"text1noticias\">De sus aspiraciones pol\u00edticas dijo que est\u00e1 en manos de Dios su regreso a la Presidencia de la Rep\u00fablica. \u00abEso depende de Dios, ya eso no est\u00e1 en manos de uno. Dicen que Dios quita y pone reyes, tambi\u00e9n quita y pone presidentes, de manera que lo que Dios decida ah\u00ed estar\u00e9 como siervo suyo\u00bb, declar\u00f3. Luego coment\u00f3 que no se opone a quienes aspiran a que \u00e9l vuelva a ser presidente y que \u00absi es as\u00ed, magn\u00edfico\u00bb.<\/span><\/p>\n<\/p>\n<p><span class=\"text1noticias\">De la la promoci\u00f3n de la reelecci\u00f3n del presidente Medina, Fern\u00e1ndez se limit\u00f3 dijo que la democracia es plural. El pol\u00edtico dijo que se siente con energ\u00eda para seguir aportando al pa\u00eds. \u00abSiempre, todav\u00eda no me siento tan viejo, a pesar de que los bigotes se han puesto blancos, pero a\u00fan as\u00ed me siento con energ\u00edas para colaborar con este pa\u00eds en cualquier posici\u00f3n que me encuentre, en el gobierno o fuera del gobierno\u00bb.<\/span><\/p>\n<\/p>\n<p><span class=\"text1noticias\">Lo acompa\u00f1aron Radham\u00e9s Jim\u00e9nez, Bautista Rojas G\u00f3mez y Rub\u00e9n Maldonado, presidente de la C\u00e1mara de Diputados. <\/span><\/p>\n<\/p>\n<p><span class=\"text1noticias\">Entre los dirigentes del PLD que lo felicitaron estaban Sim\u00f3n Lizardo, que tambi\u00e9n estuvo de cumplea\u00f1os ayer, Euclides Guti\u00e9rrez F\u00e9lix y Eduardo Selman.<\/span><\/p>\n<\/p>\n<h6> 2017-12-26 12:29:54 <\/h6>\n<p><!--\n<link rel=\"stylesheet\" href=\"css\/bootstrap.min.css\">\n\n\n<ul class=\"pagination\">\n\t    \n\t\n\n<li >\n\t<a href='?page_no=6893'>Previous<\/a>\n\t<\/li>\n\n\n       \n    \n\n<li><a href='?page_no=1'>1<\/a><\/li>\n\n\n\n<li><a href='?page_no=2'>2<\/a><\/li>\n\n\n\n<li><a>...<\/a><\/li>\n\n\n\n<li><a href='?page_no=6892'>6892<\/a><\/li>\n\n\n\n<li><a href='?page_no=6893'>6893<\/a><\/li>\n\n\n\n<li class='active'><a>6894<\/a><\/li>\n\n\n\n<li><a href='?page_no=6895'>6895<\/a><\/li>\n\n\n\n<li><a href='?page_no=6896'>6896<\/a><\/li>\n\n\n\n<li><a>...<\/a><\/li>\n\n\n\n<li><a href='?page_no=36999'>36999<\/a><\/li>\n\n\n\n<li><a href='?page_no=37000'>37000<\/a><\/li>\n\n    \n\t\n\n<li >\n\t<a href='?page_no=6895'>Next<\/a>\n\t<\/li>\n\n\n    \n\n<li><a href='?page_no=37000'>Last &rsaquo;&rsaquo;<\/a><\/li>\n\n<\/ul>\n\n\n--><br \/>\n<\/body><\/p>\n","protected":false},"excerpt":{"rendered":"<p>SANTO DOMINGO, RD, 26 de diciembre de 2017.- El ex presidente Leonel Fern\u00e1ndez, Presidente del Partido de la Liberaci\u00f3n Dominicana (PLD), destac\u00f3 como un activo importante para el pa\u00eds el optimismo, confianza y la fe en el futuro predominante en Rep\u00fablica Dominicana. Al responder preguntas de los periodistas en Funglode durante la celebraci\u00f3n de su [&hellip;]<\/p>\n","protected":false},"author":3,"featured_media":0,"comment_status":"open","ping_status":"open","sticky":false,"template":"","format":"standard","meta":{"footnotes":""},"categories":[22],"tags":[],"class_list":["post-171604","post","type-post","status-publish","format-standard","hentry","category-politica"],"_links":{"self":[{"href":"https:\/\/diariodominicano.com\/index.php?rest_route=\/wp\/v2\/posts\/171604","targetHints":{"allow":["GET"]}}],"collection":[{"href":"https:\/\/diariodominicano.com\/index.php?rest_route=\/wp\/v2\/posts"}],"about":[{"href":"https:\/\/diariodominicano.com\/index.php?rest_route=\/wp\/v2\/types\/post"}],"author":[{"embeddable":true,"href":"https:\/\/diariodominicano.com\/index.php?rest_route=\/wp\/v2\/users\/3"}],"replies":[{"embeddable":true,"href":"https:\/\/diariodominicano.com\/index.php?rest_route=%2Fwp%2Fv2%2Fcomments&post=171604"}],"version-history":[{"count":0,"href":"https:\/\/diariodominicano.com\/index.php?rest_route=\/wp\/v2\/posts\/171604\/revisions"}],"wp:attachment":[{"href":"https:\/\/diariodominicano.com\/index.php?rest_route=%2Fwp%2Fv2%2Fmedia&parent=171604"}],"wp:term":[{"taxonomy":"category","embeddable":true,"href":"https:\/\/diariodominicano.com\/index.php?rest_route=%2Fwp%2Fv2%2Fcategories&post=171604"},{"taxonomy":"post_tag","embeddable":true,"href":"https:\/\/diariodominicano.com\/index.php?rest_route=%2Fwp%2Fv2%2Ftags&post=171604"}],"curies":[{"name":"wp","href":"https:\/\/api.w.org\/{rel}","templated":true}]}}