{"id":171603,"date":"2017-12-26T12:44:10","date_gmt":"2017-12-26T12:44:10","guid":{"rendered":"http:\/\/diariodominicano.ddns.net\/?p=171603"},"modified":"2017-12-26T12:44:10","modified_gmt":"2017-12-26T12:44:10","slug":"ligia-amada-melo-%c2%a8peledeistas-tienen-un-alto-concepto-de-la-unidad-%c2%a8","status":"publish","type":"post","link":"https:\/\/diariodominicano.com\/?p=171603","title":{"rendered":"Ligia Amada Melo: \u00a8Pelede\u00edstas tienen un alto concepto de la unidad \u00a8"},"content":{"rendered":"<p><body><\/p>\n<p><img decoding=\"async\" src=\"img3\/ligia1.jpg\" \/>  <\/p>\n<p>Ligia Amada Melo, miembro del Comit\u00e9 Central del Partido de la Liberaci\u00f3n Dominicana (PLD), asegur\u00f3 este martes que pese a las elucubraciones y percepci\u00f3n no habr\u00e1 divisi\u00f3n en esa organizaci\u00f3n pol\u00edtica porque la dirigencia, en todos los niveles, reconoce la gran importancia que significa la unidad.<\/p>\n<\/p>\n<p>\u00abYo no veo que corramos riesgo de una divisi\u00f3n. Se habla mucho, muchas elucubraciones, muchas percepciones pero  no creo que haya una divisi\u00f3n\u00bb, apunt\u00f3 este d\u00eda la experta del \u00e1rea de la educaci\u00f3n, entrevistada en el programa Revista 110.<\/p>\n<\/p>\n<p>La pol\u00edtica se defini\u00f3 como  partidaria de que el PLD siga en el poder desde el cual  se han realizados e  introducido positivos y favorables cambios, algo  que reconoce todo el mundo, aunque sin negar que tambi\u00e9n se acometen errores y cosas a superar<\/p>\n<\/p>\n<p>\u00abSe cometen errores que son naturales. Este no es un pa\u00eds f\u00e1cil de dirigir pero considero que es necesario que el PLD se  mantenga. Hay muchas cosas que hay que continuar y otra que hay que enderezar\u00bb, acot\u00f3 Melo en  nota divulgada por el PLD, a trav\u00e9s de la Secretar\u00eda de Comunicaciones<\/p>\n<\/p>\n<p>Insiste en la no divisi\u00f3n por el hecho de que  \u00abdentro del PLD, a  todos los niveles, se tiene el prurito  de mantener el partido, de mantener la unidad\u00bb, se\u00f1al\u00f3 la dirigente al significar que es conocido por todo eso de que partido dividido tiene muchas posibilidades del fracaso<\/p>\n<\/p>\n<p>En ese orden agrega que \u00abEs natural si t\u00fa quieres conservar algo pues t\u00fa tienes que hacer el esfuerzo por conservarlo y eso lo siente todo pelede\u00edsta. T\u00fa le puede preguntar a cualquier miembro de Comit\u00e9 de Base\u00bb, acot\u00f3<\/p>\n<\/p>\n<p>En cuanto al sistema educativo, Ligia Amada Melo, quien fue Secretaria de Educaci\u00f3n  dijo que los cambios son sustanciales en los gobiernos del PLD, recordando que en 1996 hab\u00eda 500 mil ni\u00f1os fuera de la escuela en tanto que en la actualidad,  el 94 por ciento de los ni\u00f1os asiste a clase, siendo este porcentaje uno de los  m\u00e1s altos en Am\u00e9rica Latina.<\/p>\n<\/p>\n<p>Record\u00f3 el formato de aumentar un curso a cada escuela a la llegada de Leonel al poder, es decir,  que aquellas que llegaban hasta segundo grado, deb\u00edan el pr\u00f3ximo a\u00f1o impartir tercero y as\u00ed sucesivamente.<\/p>\n<\/p>\n<p>Tambi\u00e9n record\u00f3 que el gobierno de Leonel en el 1996 se construy\u00f3 800 escuelas en s\u00f3lo ese periodo y se promulg\u00f3 la Ley de Educaci\u00f3n, aumentando en sueldo de los profesores en 108 por ciento.<\/p>\n<\/p>\n<p>En Educaci\u00f3n Superior, Melo  refiri\u00f3 que Rep\u00fablica Dominicana es de los pocos pa\u00edses  de Am\u00e9rica Latina que cuenta con un programa gubernamental de apoyo financiero a la investigaci\u00f3n cient\u00edfica.<\/p>\n<\/p>\n<p>\u00abCuando llegue a Educaci\u00f3n Superior en el 2004, el programa de Beca ah\u00ed fue que se estructur\u00f3\u00bb, subray\u00f3 Ligia Melo, recordando que ante de eso hab\u00edan becas m\u00ednimas pero la gran cantidad surgen ah\u00ed, financiadas por el gobierno.<\/p>\n<\/p>\n<p>La maestra y dirigente del PLD, Ligia Amada Melo, destac\u00f3 los avances que se hacen en la educaci\u00f3n en la actualidad, sector donde el gobierno, encabezado por su presidente Danilo Medina, pone especial empe\u00f1o.<\/p>\n<h6> 2017-12-26 12:44:10 <\/h6>\n<p><!--\n<link rel=\"stylesheet\" href=\"css\/bootstrap.min.css\">\n\n\n<ul class=\"pagination\">\n\t    \n\t\n\n<li >\n\t<a href='?page_no=6892'>Previous<\/a>\n\t<\/li>\n\n\n       \n    \n\n<li><a href='?page_no=1'>1<\/a><\/li>\n\n\n\n<li><a href='?page_no=2'>2<\/a><\/li>\n\n\n\n<li><a>...<\/a><\/li>\n\n\n\n<li><a href='?page_no=6891'>6891<\/a><\/li>\n\n\n\n<li><a href='?page_no=6892'>6892<\/a><\/li>\n\n\n\n<li class='active'><a>6893<\/a><\/li>\n\n\n\n<li><a href='?page_no=6894'>6894<\/a><\/li>\n\n\n\n<li><a href='?page_no=6895'>6895<\/a><\/li>\n\n\n\n<li><a>...<\/a><\/li>\n\n\n\n<li><a href='?page_no=36999'>36999<\/a><\/li>\n\n\n\n<li><a href='?page_no=37000'>37000<\/a><\/li>\n\n    \n\t\n\n<li >\n\t<a href='?page_no=6894'>Next<\/a>\n\t<\/li>\n\n\n    \n\n<li><a href='?page_no=37000'>Last &rsaquo;&rsaquo;<\/a><\/li>\n\n<\/ul>\n\n\n--><br \/>\n<\/body><\/p>\n","protected":false},"excerpt":{"rendered":"<p>Ligia Amada Melo, miembro del Comit\u00e9 Central del Partido de la Liberaci\u00f3n Dominicana (PLD), asegur\u00f3 este martes que pese a las elucubraciones y percepci\u00f3n no habr\u00e1 divisi\u00f3n en esa organizaci\u00f3n pol\u00edtica porque la dirigencia, en todos los niveles, reconoce la gran importancia que significa la unidad. \u00abYo no veo que corramos riesgo de una divisi\u00f3n. [&hellip;]<\/p>\n","protected":false},"author":3,"featured_media":0,"comment_status":"open","ping_status":"open","sticky":false,"template":"","format":"standard","meta":{"footnotes":""},"categories":[22],"tags":[],"class_list":["post-171603","post","type-post","status-publish","format-standard","hentry","category-politica"],"_links":{"self":[{"href":"https:\/\/diariodominicano.com\/index.php?rest_route=\/wp\/v2\/posts\/171603","targetHints":{"allow":["GET"]}}],"collection":[{"href":"https:\/\/diariodominicano.com\/index.php?rest_route=\/wp\/v2\/posts"}],"about":[{"href":"https:\/\/diariodominicano.com\/index.php?rest_route=\/wp\/v2\/types\/post"}],"author":[{"embeddable":true,"href":"https:\/\/diariodominicano.com\/index.php?rest_route=\/wp\/v2\/users\/3"}],"replies":[{"embeddable":true,"href":"https:\/\/diariodominicano.com\/index.php?rest_route=%2Fwp%2Fv2%2Fcomments&post=171603"}],"version-history":[{"count":0,"href":"https:\/\/diariodominicano.com\/index.php?rest_route=\/wp\/v2\/posts\/171603\/revisions"}],"wp:attachment":[{"href":"https:\/\/diariodominicano.com\/index.php?rest_route=%2Fwp%2Fv2%2Fmedia&parent=171603"}],"wp:term":[{"taxonomy":"category","embeddable":true,"href":"https:\/\/diariodominicano.com\/index.php?rest_route=%2Fwp%2Fv2%2Fcategories&post=171603"},{"taxonomy":"post_tag","embeddable":true,"href":"https:\/\/diariodominicano.com\/index.php?rest_route=%2Fwp%2Fv2%2Ftags&post=171603"}],"curies":[{"name":"wp","href":"https:\/\/api.w.org\/{rel}","templated":true}]}}