{"id":171598,"date":"2017-12-27T13:03:45","date_gmt":"2017-12-27T13:03:45","guid":{"rendered":"http:\/\/diariodominicano.ddns.net\/?p=171598"},"modified":"2017-12-27T13:03:45","modified_gmt":"2017-12-27T13:03:45","slug":"alejandrina-german-reflexiona-sobre-la-importancia-de-tener-presentes-pasajes-de-nuestra-historia","status":"publish","type":"post","link":"https:\/\/diariodominicano.com\/?p=171598","title":{"rendered":"Alejandrina Germ\u00e1n reflexiona sobre la importancia de tener presentes pasajes de nuestra historia"},"content":{"rendered":"<p><body><\/p>\n<p><img decoding=\"async\" src=\"img3\/alejand1.jpg\" \/>  <\/p>\n<p>Alejandrina Germ\u00e1n, integrante del Comit\u00e9 Pol\u00edticos del Partido de la Liberaci\u00f3n Dominicana (PLD) en las reflexiones sobre nuestra historia, que realizara en su columna period\u00edstica resalta hechos y pasajes que no deben olvidar jam\u00e1s.<\/p>\n<\/p>\n<p>\u00abLa historia se repite dos veces, primero como tragedia y despu\u00e9s como farsa\u00bb, precisa Germ\u00e1n en su art\u00edculo publicado en El Caribe y en Vanguardia del Pueblo Digital, bajo el t\u00edtulo \u00abMirada hist\u00f3rica de la sociedad dominicana\u00bb.<\/p>\n<\/p>\n<p>En la introducci\u00f3n del articulo recuerda que Trujillo, quien encabez\u00f3 la sangrienta dictadura de tres d\u00e9cadas en la Rep\u00fablica Dominicana, qui\u00e9rase o no, es parte importante de una historia del pa\u00eds; por lo que los dominicanos y dominicanas no debemos olvidar jam\u00e1s, como forma preventiva de evitar repetirla.<\/p>\n<\/p>\n<p>\u00abIntroduzco el tema en una \u00e9poca navide\u00f1a porque nos da una tregua para reflexionar sobre diversos temas, incluyendo los de car\u00e1cter hist\u00f3rico, que muchas veces se abordan con una pasmosa ligereza. Y escribimos esto a prop\u00f3sito de la simpleza de c\u00f3mo la sociedad ha tratado la pretensi\u00f3n del nieto del dictador, Ramf\u00eds Dom\u00ednguez Trujillo, de incursionar en la actividad pol\u00edtica del pa\u00eds\u00bb escribe Germ\u00e1n.<\/p>\n<\/p>\n<p>Aclara en el escrito que no procura establecer si el ciudadano citado est\u00e1 habilitado o no a aspirar a un puesto electivo, \u00absino que llamamos a la atenci\u00f3n que un personaje de ese tipo hay que observarlo con un criterio estrictamente hist\u00f3rico\u00bb.<\/p>\n<\/p>\n<p>Cita al Profesor Juan Bosch, quien en muchas ocasiones, tuvo que dedicar tiempo y esfuerzos a explicar importantes procesos de nuestra historia, como escritor, ensayista, como es el caso de Trujillo, haciendo un ejercicio intelectual \u00abpara corregir aspectos tratados, por complicidad m\u00e1s que por comisi\u00f3n\u00bb.<\/p>\n<\/p>\n<p>En ese sentido Alejandrina Germ\u00e1n record\u00f3 que el fundador del PLD describi\u00f3 a Trujillo como \u00abhombre de acci\u00f3n audaz, pero de poco car\u00e1cter, que se deshac\u00eda en la destituci\u00f3n de los altos funcionarios de su r\u00e9gimen\u00bb para concluir recordando la importancia de tener presentes pasajes hist\u00f3ricos dominicanos ya superados, porque \u00abLa historia se repite dos veces, primero como tragedia y despu\u00e9s como farsa\u00bb.<\/p>\n<h6> 2017-12-27 13:03:45 <\/h6>\n<p><!--\n<link rel=\"stylesheet\" href=\"css\/bootstrap.min.css\">\n\n\n<ul class=\"pagination\">\n\t    \n\t\n\n<li >\n\t<a href='?page_no=6888'>Previous<\/a>\n\t<\/li>\n\n\n       \n    \n\n<li><a href='?page_no=1'>1<\/a><\/li>\n\n\n\n<li><a href='?page_no=2'>2<\/a><\/li>\n\n\n\n<li><a>...<\/a><\/li>\n\n\n\n<li><a href='?page_no=6887'>6887<\/a><\/li>\n\n\n\n<li><a href='?page_no=6888'>6888<\/a><\/li>\n\n\n\n<li class='active'><a>6889<\/a><\/li>\n\n\n\n<li><a href='?page_no=6890'>6890<\/a><\/li>\n\n\n\n<li><a href='?page_no=6891'>6891<\/a><\/li>\n\n\n\n<li><a>...<\/a><\/li>\n\n\n\n<li><a href='?page_no=36999'>36999<\/a><\/li>\n\n\n\n<li><a href='?page_no=37000'>37000<\/a><\/li>\n\n    \n\t\n\n<li >\n\t<a href='?page_no=6890'>Next<\/a>\n\t<\/li>\n\n\n    \n\n<li><a href='?page_no=37000'>Last &rsaquo;&rsaquo;<\/a><\/li>\n\n<\/ul>\n\n\n--><br \/>\n<\/body><\/p>\n","protected":false},"excerpt":{"rendered":"<p>Alejandrina Germ\u00e1n, integrante del Comit\u00e9 Pol\u00edticos del Partido de la Liberaci\u00f3n Dominicana (PLD) en las reflexiones sobre nuestra historia, que realizara en su columna period\u00edstica resalta hechos y pasajes que no deben olvidar jam\u00e1s. \u00abLa historia se repite dos veces, primero como tragedia y despu\u00e9s como farsa\u00bb, precisa Germ\u00e1n en su art\u00edculo publicado en El [&hellip;]<\/p>\n","protected":false},"author":3,"featured_media":0,"comment_status":"open","ping_status":"open","sticky":false,"template":"","format":"standard","meta":{"footnotes":""},"categories":[22],"tags":[],"class_list":["post-171598","post","type-post","status-publish","format-standard","hentry","category-politica"],"_links":{"self":[{"href":"https:\/\/diariodominicano.com\/index.php?rest_route=\/wp\/v2\/posts\/171598","targetHints":{"allow":["GET"]}}],"collection":[{"href":"https:\/\/diariodominicano.com\/index.php?rest_route=\/wp\/v2\/posts"}],"about":[{"href":"https:\/\/diariodominicano.com\/index.php?rest_route=\/wp\/v2\/types\/post"}],"author":[{"embeddable":true,"href":"https:\/\/diariodominicano.com\/index.php?rest_route=\/wp\/v2\/users\/3"}],"replies":[{"embeddable":true,"href":"https:\/\/diariodominicano.com\/index.php?rest_route=%2Fwp%2Fv2%2Fcomments&post=171598"}],"version-history":[{"count":0,"href":"https:\/\/diariodominicano.com\/index.php?rest_route=\/wp\/v2\/posts\/171598\/revisions"}],"wp:attachment":[{"href":"https:\/\/diariodominicano.com\/index.php?rest_route=%2Fwp%2Fv2%2Fmedia&parent=171598"}],"wp:term":[{"taxonomy":"category","embeddable":true,"href":"https:\/\/diariodominicano.com\/index.php?rest_route=%2Fwp%2Fv2%2Fcategories&post=171598"},{"taxonomy":"post_tag","embeddable":true,"href":"https:\/\/diariodominicano.com\/index.php?rest_route=%2Fwp%2Fv2%2Ftags&post=171598"}],"curies":[{"name":"wp","href":"https:\/\/api.w.org\/{rel}","templated":true}]}}