{"id":171597,"date":"2017-12-27T13:11:58","date_gmt":"2017-12-27T13:11:58","guid":{"rendered":"http:\/\/diariodominicano.ddns.net\/?p=171597"},"modified":"2017-12-27T13:11:58","modified_gmt":"2017-12-27T13:11:58","slug":"camacho-respalda-expresion-de-leonel-de-que-en-pld-hay-discrepancia-no-problemas","status":"publish","type":"post","link":"https:\/\/diariodominicano.com\/?p=171597","title":{"rendered":"Camacho respalda expresi\u00f3n de Leonel de que en PLD hay discrepancia, no problemas"},"content":{"rendered":"<p><body><\/p>\n<p><img decoding=\"async\" src=\"img3\/camacho1.jpg\" \/>  <\/p>\n<p>Radham\u00e9s Camacho, miembro del Comit\u00e9 Pol\u00edtico del Partido de la Liberaci\u00f3n Dominicana (PLD), dijo que tiene raz\u00f3n el ex presidente Leonel Fern\u00e1ndez, quien aclar\u00f3  que en esa organizaci\u00f3n s\u00f3lo existen algunas discrepancia, propia de toda organizaci\u00f3n, sin que ello pueda considerarse un problema o crisis , como se quiere presentar.<\/p>\n<\/p>\n<p>\u00abEn el PLD no hay problema, no los hay\u00bb, refiri\u00f3 Camacho al participar este mi\u00e9rcoles en el programa Matinal 5 y que cita el PLD en un parte de prensa de este d\u00eda<\/p>\n<\/p>\n<p>En ese sentido, Camacho asegur\u00f3 que en el PLD, se tiene \u00abconciencia plena de la dimensi\u00f3n de la responsabilidad frente a la direcci\u00f3n del Estado\u00bb y eso se logra dirigiendo los destinos de la naci\u00f3n.<\/p>\n<\/p>\n<p>Destac\u00f3 que se ha logrado una gran mejor\u00eda en el sistema educativo dominicano y tambi\u00e9n se avanza en otro componente fundamental de la democracia dominicana como es la salud.<\/p>\n<\/p>\n<p>La respuestas de Camacho se produce ante la inquietud de un sector de la opini\u00f3n p\u00fablica que ha promovido una divisi\u00f3n a lo interno del PLD la cual he negada por la alta direcci\u00f3n de esa organizaci\u00f3n pol\u00edtica.<\/p>\n<h6> 2017-12-27 13:11:58 <\/h6>\n<p><!--\n<link rel=\"stylesheet\" href=\"css\/bootstrap.min.css\">\n\n\n<ul class=\"pagination\">\n\t    \n\t\n\n<li >\n\t<a href='?page_no=6887'>Previous<\/a>\n\t<\/li>\n\n\n       \n    \n\n<li><a href='?page_no=1'>1<\/a><\/li>\n\n\n\n<li><a href='?page_no=2'>2<\/a><\/li>\n\n\n\n<li><a>...<\/a><\/li>\n\n\n\n<li><a href='?page_no=6886'>6886<\/a><\/li>\n\n\n\n<li><a href='?page_no=6887'>6887<\/a><\/li>\n\n\n\n<li class='active'><a>6888<\/a><\/li>\n\n\n\n<li><a href='?page_no=6889'>6889<\/a><\/li>\n\n\n\n<li><a href='?page_no=6890'>6890<\/a><\/li>\n\n\n\n<li><a>...<\/a><\/li>\n\n\n\n<li><a href='?page_no=36999'>36999<\/a><\/li>\n\n\n\n<li><a href='?page_no=37000'>37000<\/a><\/li>\n\n    \n\t\n\n<li >\n\t<a href='?page_no=6889'>Next<\/a>\n\t<\/li>\n\n\n    \n\n<li><a href='?page_no=37000'>Last &rsaquo;&rsaquo;<\/a><\/li>\n\n<\/ul>\n\n\n--><br \/>\n<\/body><\/p>\n","protected":false},"excerpt":{"rendered":"<p>Radham\u00e9s Camacho, miembro del Comit\u00e9 Pol\u00edtico del Partido de la Liberaci\u00f3n Dominicana (PLD), dijo que tiene raz\u00f3n el ex presidente Leonel Fern\u00e1ndez, quien aclar\u00f3 que en esa organizaci\u00f3n s\u00f3lo existen algunas discrepancia, propia de toda organizaci\u00f3n, sin que ello pueda considerarse un problema o crisis , como se quiere presentar. \u00abEn el PLD no hay [&hellip;]<\/p>\n","protected":false},"author":3,"featured_media":0,"comment_status":"open","ping_status":"open","sticky":false,"template":"","format":"standard","meta":{"footnotes":""},"categories":[22],"tags":[],"class_list":["post-171597","post","type-post","status-publish","format-standard","hentry","category-politica"],"_links":{"self":[{"href":"https:\/\/diariodominicano.com\/index.php?rest_route=\/wp\/v2\/posts\/171597","targetHints":{"allow":["GET"]}}],"collection":[{"href":"https:\/\/diariodominicano.com\/index.php?rest_route=\/wp\/v2\/posts"}],"about":[{"href":"https:\/\/diariodominicano.com\/index.php?rest_route=\/wp\/v2\/types\/post"}],"author":[{"embeddable":true,"href":"https:\/\/diariodominicano.com\/index.php?rest_route=\/wp\/v2\/users\/3"}],"replies":[{"embeddable":true,"href":"https:\/\/diariodominicano.com\/index.php?rest_route=%2Fwp%2Fv2%2Fcomments&post=171597"}],"version-history":[{"count":0,"href":"https:\/\/diariodominicano.com\/index.php?rest_route=\/wp\/v2\/posts\/171597\/revisions"}],"wp:attachment":[{"href":"https:\/\/diariodominicano.com\/index.php?rest_route=%2Fwp%2Fv2%2Fmedia&parent=171597"}],"wp:term":[{"taxonomy":"category","embeddable":true,"href":"https:\/\/diariodominicano.com\/index.php?rest_route=%2Fwp%2Fv2%2Fcategories&post=171597"},{"taxonomy":"post_tag","embeddable":true,"href":"https:\/\/diariodominicano.com\/index.php?rest_route=%2Fwp%2Fv2%2Ftags&post=171597"}],"curies":[{"name":"wp","href":"https:\/\/api.w.org\/{rel}","templated":true}]}}