{"id":171596,"date":"2017-12-27T15:24:24","date_gmt":"2017-12-27T15:24:24","guid":{"rendered":"http:\/\/diariodominicano.ddns.net\/?p=171596"},"modified":"2017-12-27T15:24:24","modified_gmt":"2017-12-27T15:24:24","slug":"geanilda-vasquez-inscribe-candidatura-para-la-presidencia-del-prm","status":"publish","type":"post","link":"https:\/\/diariodominicano.com\/?p=171596","title":{"rendered":"Geanilda V\u00e1squez inscribe candidatura para la presidencia del PRM"},"content":{"rendered":"<p><body><\/p>\n<p><img decoding=\"async\" src=\"img3\/IMG-20171222-WA0098.jpg\" \/><br \/><img decoding=\"async\" src=\"img3\/IMG-20171222-WA0099.jpg\" \/>  <\/p>\n<\/p>\n<p><span class=\"text1noticias\">Santo Domingo, RD, 27 de diciembre,-  La Dra. Geanilda V\u00e1squez, actual Presidenta en Funciones del Partido Revolucionario Moderno (PRM), inscribi\u00f3 su candidatura a la presidencia ante la Comisi\u00f3n Nacional Organizadora de la convenci\u00f3n \u00abClaudio Caama\u00f1o Gull\u00f3n\u00bb de esa organizaci\u00f3n, pautada cuya votaci\u00f3n universal est\u00e1 pautada celebrarse el 18 de febrero del pr\u00f3ximo a\u00f1o.<\/span><\/p>\n<\/p>\n<p><span class=\"text1noticias\">V\u00e1squez, es la primera en inscribir la candidatura para la presidencia del partido, al depositar sus documentos invit\u00f3 a que otros compa\u00f1eros de la organizaci\u00f3n, tambi\u00e9n tomen la decisi\u00f3n de materializar sus inscripciones, ya que de esta manera procede una competencia transparente y democr\u00e1tica participativa. <\/span><\/p>\n<\/p>\n<p><span class=\"text1noticias\">Al recibir los documentos a nombre de la Comisi\u00f3n Organizadora, su vicepresidente, el Dr. Jos\u00e9 Garc\u00eda Ram\u00edrez, inform\u00f3 que ese organismo estar\u00eda laborando todos los d\u00edas excepto los feriados, hasta el 10 de enero a las 6:00 pm, para recibir las inscripciones de los aspirantes a los cargos nacionales en disputa, y exhort\u00f3 a que todo el que aspira a dirigir el partido decida inscribirse y competir por las nominaciones.<\/span><\/p>\n<\/p>\n<p><span class=\"text1noticias\">En una carta dirigida a los miembros de la comisi\u00f3n organizadora, le\u00edda por el Dr. Jos\u00e9 Garc\u00eda Ram\u00edrez, la Dra. V\u00e1zquez asumi\u00f3 el compromiso de respetar los resultados electorales del pr\u00f3ximo 18 de febrero, \u00abconsciente del compromiso y el debido sentido de compa\u00f1erismo de los militantes y miembros de su proyecto, con el fin de que la organizaci\u00f3n partidaria surja fortalecida y en condiciones de enfrentar las grandes tareas de cara a la victoria en el pr\u00f3ximo torneo electoral del 2020.<\/span><\/p>\n<\/p>\n<p><span class=\"text1noticias\">\u00abMe comprometo ante las autoridades del partido a contribuir con el \u00e9xito de esta convenci\u00f3n manteniendo un comportamiento democr\u00e1tico, de respeto a mis competidores internos y de respeto a los resultados\u00bb, expres\u00f3 V\u00e1squez.<\/span><\/p>\n<\/p>\n<p><span class=\"text1noticias\">Asimismo, agradeci\u00f3 la eficiencia con que la CON maneja el proceso, dijo que a partir del 10 de enero como lo indican los reglamentos, comenzar\u00e1 una campa\u00f1a que llene de orgullo a todos, para hacer del partido una alternativa de poder.<\/span><\/p>\n<\/p>\n<p><span class=\"text1noticias\">Agradeci\u00f3 a su equipo por el apoyo y la confianza que han depositado en su candidatura, expresando, que este no es un proyecto de Geanilda V\u00e1squez, sino un proyecto de naci\u00f3n que est\u00e1 esperando al pueblo dominicano, con una conciencia clara de que no se puede esperar resultados distintos haciendo lo mismo.<\/span><\/p>\n<\/p>\n<p><span class=\"text1noticias\">Conf\u00eda que ser\u00e1 la triunfadora y promete hacer una direcci\u00f3n proactiva con un liderazgo horizontal, con una gerencia de tiempo completo y dedicada fortalecer el partido que demanda la sociedad, que quieren nuestras bases y que la llevar\u00e1 al poder el 2020.<\/span><\/p>\n<\/p>\n<p><span class=\"text1noticias\">En la inscripci\u00f3n de la candidatura de la Dra. Geanilda V\u00e1squez estuvo recibiendo los documentos el vicepresidente de la Comisi\u00f3n Nacional Organizadora, Dr. Jos\u00e9 Garc\u00eda Ram\u00edrez, el Director Ejecutivo, Fernando Dur\u00e1n y la secretaria de actas, Yadira Henr\u00edquez S\u00e1nchez Baret   <\/span><\/p>\n<\/p>\n<h6> 2017-12-27 15:24:24 <\/h6>\n<p><!--\n<link rel=\"stylesheet\" href=\"css\/bootstrap.min.css\">\n\n\n<ul class=\"pagination\">\n\t    \n\t\n\n<li >\n\t<a href='?page_no=6886'>Previous<\/a>\n\t<\/li>\n\n\n       \n    \n\n<li><a href='?page_no=1'>1<\/a><\/li>\n\n\n\n<li><a href='?page_no=2'>2<\/a><\/li>\n\n\n\n<li><a>...<\/a><\/li>\n\n\n\n<li><a href='?page_no=6885'>6885<\/a><\/li>\n\n\n\n<li><a href='?page_no=6886'>6886<\/a><\/li>\n\n\n\n<li class='active'><a>6887<\/a><\/li>\n\n\n\n<li><a href='?page_no=6888'>6888<\/a><\/li>\n\n\n\n<li><a href='?page_no=6889'>6889<\/a><\/li>\n\n\n\n<li><a>...<\/a><\/li>\n\n\n\n<li><a href='?page_no=36999'>36999<\/a><\/li>\n\n\n\n<li><a href='?page_no=37000'>37000<\/a><\/li>\n\n    \n\t\n\n<li >\n\t<a href='?page_no=6888'>Next<\/a>\n\t<\/li>\n\n\n    \n\n<li><a href='?page_no=37000'>Last &rsaquo;&rsaquo;<\/a><\/li>\n\n<\/ul>\n\n\n--><br \/>\n<\/body><\/p>\n","protected":false},"excerpt":{"rendered":"<p>Santo Domingo, RD, 27 de diciembre,- La Dra. Geanilda V\u00e1squez, actual Presidenta en Funciones del Partido Revolucionario Moderno (PRM), inscribi\u00f3 su candidatura a la presidencia ante la Comisi\u00f3n Nacional Organizadora de la convenci\u00f3n \u00abClaudio Caama\u00f1o Gull\u00f3n\u00bb de esa organizaci\u00f3n, pautada cuya votaci\u00f3n universal est\u00e1 pautada celebrarse el 18 de febrero del pr\u00f3ximo a\u00f1o. V\u00e1squez, es [&hellip;]<\/p>\n","protected":false},"author":3,"featured_media":0,"comment_status":"open","ping_status":"open","sticky":false,"template":"","format":"standard","meta":{"footnotes":""},"categories":[22],"tags":[],"class_list":["post-171596","post","type-post","status-publish","format-standard","hentry","category-politica"],"_links":{"self":[{"href":"https:\/\/diariodominicano.com\/index.php?rest_route=\/wp\/v2\/posts\/171596","targetHints":{"allow":["GET"]}}],"collection":[{"href":"https:\/\/diariodominicano.com\/index.php?rest_route=\/wp\/v2\/posts"}],"about":[{"href":"https:\/\/diariodominicano.com\/index.php?rest_route=\/wp\/v2\/types\/post"}],"author":[{"embeddable":true,"href":"https:\/\/diariodominicano.com\/index.php?rest_route=\/wp\/v2\/users\/3"}],"replies":[{"embeddable":true,"href":"https:\/\/diariodominicano.com\/index.php?rest_route=%2Fwp%2Fv2%2Fcomments&post=171596"}],"version-history":[{"count":0,"href":"https:\/\/diariodominicano.com\/index.php?rest_route=\/wp\/v2\/posts\/171596\/revisions"}],"wp:attachment":[{"href":"https:\/\/diariodominicano.com\/index.php?rest_route=%2Fwp%2Fv2%2Fmedia&parent=171596"}],"wp:term":[{"taxonomy":"category","embeddable":true,"href":"https:\/\/diariodominicano.com\/index.php?rest_route=%2Fwp%2Fv2%2Fcategories&post=171596"},{"taxonomy":"post_tag","embeddable":true,"href":"https:\/\/diariodominicano.com\/index.php?rest_route=%2Fwp%2Fv2%2Ftags&post=171596"}],"curies":[{"name":"wp","href":"https:\/\/api.w.org\/{rel}","templated":true}]}}