{"id":171594,"date":"2017-12-27T19:13:29","date_gmt":"2017-12-27T19:13:29","guid":{"rendered":"http:\/\/diariodominicano.ddns.net\/?p=171594"},"modified":"2017-12-27T19:13:29","modified_gmt":"2017-12-27T19:13:29","slug":"panorama-2018-las-urnas-abiertas-de-america-latina","status":"publish","type":"post","link":"https:\/\/diariodominicano.com\/?p=171594","title":{"rendered":"Panorama 2018: las urnas abiertas de Am\u00e9rica Latina"},"content":{"rendered":"<p><body><\/p>\n<p><img decoding=\"async\" src=\"img3\/elecciones_farude.jpg\" \/>  <\/p>\n<p><strong>Gerardo Szalkowicz<\/strong><\/p>\n<\/p>\n<p><strong>ALAI, 27 de diciembre de 2017. &#8211;<\/strong> Mientras el planeta Tierra va completando otra vuelta alrededor del Sol, empieza a asomar lo que ser\u00e1 un a\u00f1o de alta intensidad electoral para Am\u00e9rica Latina, con escenarios definitorios de fuerte peso e incidencia que marcar\u00e1n el redise\u00f1o del mapa pol\u00edtico regional.<\/p>\n<\/p>\n<\/p>\n<p>La agenda 2018 trae elecciones presidenciales en Brasil, Venezuela, M\u00e9xico, Colombia, Paraguay y Costa Rica, adem\u00e1s del recambio de mandatario en Cuba; disputas que prefijar\u00e1n si se consolida la hegemon\u00eda conservadora revitalizada en los \u00faltimos a\u00f1os o si se abre camino un eventual reimpulso de las fuerzas progresistas.<\/p>\n<\/p>\n<p><strong>Las madres de todas las batallas<\/strong><\/p>\n<\/p>\n<\/p>\n<p>Los principales centros de gravedad ser\u00e1n sin duda Brasil y Venezuela. En el Gigante del Sur, Lula copa la escena como principal favorito seg\u00fan propios y extra\u00f1os. Hasta el diario Folha de S\u00e3o Paulo ?vocero de la oligarqu\u00eda paulista- le da una intenci\u00f3n de voto mayor al 35%. Unos 20 puntos debajo se ubica el militar retirado Jair Bolsonaro, otro s\u00edmbolo del crecimiento de la ultraderecha mundial. El \u00abTrump brasile\u00f1o\u00bb, aquel que en el impeachment a Dilma jurara por el coronel que la tortur\u00f3 en la dictadura, tiene en su acervo frases como \u00ablos negros no sirven ni para procrear\u00bb, \u00abser\u00eda incapaz de amar a un hijo homosexual\u00bb o \u00abno te violo porque no lo mereces\u00bb. M\u00e1s atr\u00e1s aparecen Marina Silva (REDE) y Geraldo Alckmin (PSDB). El partido de Michel Temer (PMDB) ni siquiera figura en la categor\u00eda \u00abotros\u00bb.<\/p>\n<\/p>\n<\/p>\n<p>Mucho podr\u00eda cambiar en la geopol\u00edtica latinoamericana si el PT vuelve a gobernar Brasil, la principal econom\u00eda de la regi\u00f3n. Para eso, Lula tendr\u00e1 que sortear la ofensiva judicial: el D\u00eda D ser\u00e1 el 24 de enero, cuando se ratifique o no la condena a nueve a\u00f1os y medio por el caso Lava Jato. Todo indica que el futuro del ex mandatario estar\u00e1 en prisi\u00f3n o en el Palacio de Planalto.<\/p>\n<\/p>\n<\/p>\n<p>En Venezuela, despu\u00e9s de reencauzarse la disputa pol\u00edtica al terreno democr\u00e1tico, empieza a palpitarse lo que ser\u00e1 otra elecci\u00f3n clave para Am\u00e9rica Latina. Sin fecha confirmada (ser\u00eda octubre pero se podr\u00eda adelantar), el chavismo va por la reelecci\u00f3n de Nicol\u00e1s Maduro, mientras la derecha atraviesa una etapa de agudo desconcierto, fracturada en cinco pedazos y hu\u00e9rfana de liderazgos potables.<\/p>\n<\/p>\n<\/p>\n<p>El 2017 estuvo marcado por la feroz ofensiva internacional -diplom\u00e1tica y medi\u00e1tica- contra el gobierno venezolano y el intento insurreccional opositor neutralizado con la Asamblea Constituyente. La recuperaci\u00f3n del chavismo se ratific\u00f3 en las elecciones regionales (consigui\u00f3 19 de las 23 gobernaciones) y municipales (gan\u00f3 el 92% de las alcald\u00edas). Pero si la revoluci\u00f3n bolivariana recompuso fuerza en el terreno pol\u00edtico, su supervivencia se jugar\u00e1 en el plano econ\u00f3mico: si el gobierno logra revertir su ineficacia frente a un sabotaje que hace m\u00e1s de cuatro a\u00f1os asfixia la cotidianeidad de la poblaci\u00f3n.<\/p>\n<\/p>\n<\/p>\n<p><strong>M\u00e9xico: \u00bfla tercera es la vencida?<\/strong><\/p>\n<\/p>\n<\/p>\n<p>El principal condimento de los comicios mexicanos del 1\u00b0 de julio son las altas chances presidenciales de Andr\u00e9s Manuel L\u00f3pez Obrador. Luego de perder con serias denuncias de fraude en 2006 y 2012, va por la vencida. Por el peso econ\u00f3mico del pa\u00eds azteca y por ser la puerta de entrada al Norte, tambi\u00e9n el ajedrez pol\u00edtico regional vivir\u00eda una alteraci\u00f3n importante si la centroizquierda gana tras d\u00e9cadas de neoliberalismo narco-criminal.<\/p>\n<\/p>\n<\/p>\n<p>Su principal rival es Jos\u00e9 Antonio Meade, quien buscar\u00e1 la continuidad del PRI despu\u00e9s de un nefasto sexenio de Enrique Pe\u00f1a Nieto. Tecn\u00f3crata de pura cepa, Meade fue funcionario p\u00fablico por m\u00e1s de 20 a\u00f1os y nunca compiti\u00f3 por cargos de elecci\u00f3n popular. El tercero en discordia ser\u00e1 Ricardo Anaya, aspirante por la extra\u00f1a coalici\u00f3n entre el derechista PAN y el otrora centroizquierdista PRD.<\/p>\n<\/p>\n<\/p>\n<p>El otro elemento significativo es la irrupci\u00f3n de los pueblos originarios en el terreno electoral. Impulsada por el Congreso Nacional Ind\u00edgena y con apoyo del zapatismo, se abre paso la candidatura de la m\u00e9dica tradicional Mar\u00eda de Jes\u00fas Patricio Mart\u00ednez, conocida como Marichuy, una apuesta que oxigen\u00f3 la vapuleada democracia mexicana.<\/p>\n<\/p>\n<\/p>\n<p><strong>Colombia: la paz tambi\u00e9n se juega en las urnas<\/strong><\/p>\n<\/p>\n<\/p>\n<p>Las presidenciales del 27 de mayo tendr\u00e1n como tel\u00f3n de fondo la implementaci\u00f3n de los acuerdos de paz, por lo que el principal vector del debate previo gira en torno a las posturas frente al posconflicto, en medio de un escenario de gran apat\u00eda.<\/p>\n<\/p>\n<\/p>\n<p>Si bien a\u00fan faltan cocinarse las alianzas definitivas, cinco candidatos encabezan los sondeos. La derecha dura estar\u00e1 representada por el uribista Iv\u00e1n Duque y por el exvicepresidente Germ\u00e1n Vargas Lleras. Tambi\u00e9n figuran con buena intenci\u00f3n de voto el ex alcalde de Bogot\u00e1 Gustavo Petro (centroizquierda) y el ex gobernador de Antioquia Sergio Fajardo. M\u00e1s atr\u00e1s aparece Humberto de la Calle, jefe negociador de la paz en La Habana. Como novedad, estar\u00e1 el debut de las FARC convertida en partido pol\u00edtico.<\/p>\n<\/p>\n<\/p>\n<p>Colombia decidir\u00e1 no s\u00f3lo la conducci\u00f3n del pa\u00eds sino tambi\u00e9n la impronta que tome el fin del conflicto armado m\u00e1s largo en la historia continental. Y qu\u00e9 ocurra frente a otras urgencias como el recrudecimiento del paramilitarismo que dej\u00f3 en 2017 m\u00e1s de 130 l\u00edderes sociales asesinados.<\/p>\n<\/p>\n<p><strong> <\/strong><\/p>\n<p><strong>Otros escenarios electorales<\/strong><\/p>\n<\/p>\n<\/p>\n<p>\u00abCuando la Asamblea Nacional se constituya, habr\u00e1 concluido mi segundo y \u00faltimo mandato al frente del Gobierno y Cuba tendr\u00e1 un nuevo presidente\u00bb. As\u00ed anunciaba Ra\u00fal Castro que el pr\u00f3ximo 19 de abril culminar\u00e1 el proceso electoral cubano con la designaci\u00f3n de un mandatario que, por primera vez en seis d\u00e9cadas, no llevar\u00e1 el apellido Castro. Se prev\u00e9 que el elegido sea el actual vicepresidente Miguel D\u00edaz-Canel.<\/p>\n<\/p>\n<\/p>\n<p>En Paraguay, la disputa del 22 de abril ser\u00e1 entre el oficialista Partido Colorado, que presenta a Mario Abdo Ben\u00edtez (hijo del ex secretario del dictador Alfredo Stroessner) y Efra\u00edn Alegre, de la alianza entre el Partido Liberal y el Frente Guasu, del ex mandatario Fernando Lugo destituido con el golpe parlamentario de 2012.<\/p>\n<\/p>\n<\/p>\n<p>El a\u00f1o electoral en la regi\u00f3n arranca el 4 de febrero en Costa Rica. Tres de los 13 candidatos despuntan en medio de una gran apat\u00eda e indiferencia: Juan Diego Castro, un abogado famoso por su discurso de mano dura, y los dos representantes del viejo bipartidismo, Antonio \u00c1lvarez (Partido Liberaci\u00f3n Nacional) y Rodolfo Piza (Partido Unidad Social Cristiana). Casi sin chances aparecen el gobernante Partido Acci\u00f3n Ciudadana (PAC) y la izquierda del Frente Amplio.<\/p>\n<\/p>\n<\/p>\n<p>Mientras el futuro de Am\u00e9rica Latina se disputa en diversos terrenos (la lucha en las calles seguir\u00e1 siendo un factor clave), en el plano electoral se viene un a\u00f1o de gran intensidad que marcar\u00e1 la deriva pol\u00edtica regional.<\/p>\n<\/p>\n<\/p>\n<\/p>\n<p>&#8211; Gerardo Szalkowicz es periodista. Editor de Nodal. Colabora en diversos medios como Tiempo Argentino, TeleSUR, Rebeli\u00f3n, Librered, ALAI y otros. Conduce el programa radial \u00abAl sur del R\u00edo Bravo\u00bb por Radionauta FM. Coordinador, junto a Pablo Solana, del libro \u00abAm\u00e9rica Latina. Huellas y retos del ciclo progresista\u00bb.<\/p>\n<\/p>\n<p><strong>https:\/\/www.alainet.org\/es\/articulo\/190086<\/strong><\/p>\n<p><strong>             <\/strong><\/p>\n<p><strong>Del mismo autor<\/strong><\/p>\n<p>Panorama 2018: las urnas abiertas de Am\u00e9rica Latina    27\/12\/2017<\/p>\n<p>Chile entre dos fantasmas: el regreso de Pi\u00f1era y la abstenci\u00f3n    17\/11\/2017<\/p>\n<p>M\u00e9xico qu(h)erido    02\/10\/2017<\/p>\n<p>Venezuela: en nombre de la libertad y la democracia    28\/07\/2017<\/p>\n<p>\u00abTenemos fuerza para ser una alternativa que busque cambiar el modelo\u00bb    10\/07\/2017<\/p>\n<p>Brasil: 80% de los parlamentarios son financiados por grandes corporaciones    05\/07\/2017<\/p>\n<p>Venezuela: cinco reflexiones sobre el golpe (desinformativo)    03\/04\/2017<\/p>\n<p>Ecuador en clave latinoamericana    31\/03\/2017<\/p>\n<p>Jo\u00e3o Pedro Stedile: \u00abS\u00f3lo la lucha de masas altera la correlaci\u00f3n de fuerzas\u00bb    02\/03\/2017<\/p>\n<p>Guillaume Long: \u00abVamos a romper con la tendencia de reveses electorales en la regi\u00f3n\u00bb    24\/01\/2017<\/p>\n<h6> 2017-12-27 19:13:29 <\/h6>\n<p><!--\n<link rel=\"stylesheet\" href=\"css\/bootstrap.min.css\">\n\n\n<ul class=\"pagination\">\n\t    \n\t\n\n<li >\n\t<a href='?page_no=6884'>Previous<\/a>\n\t<\/li>\n\n\n       \n    \n\n<li><a href='?page_no=1'>1<\/a><\/li>\n\n\n\n<li><a href='?page_no=2'>2<\/a><\/li>\n\n\n\n<li><a>...<\/a><\/li>\n\n\n\n<li><a href='?page_no=6883'>6883<\/a><\/li>\n\n\n\n<li><a href='?page_no=6884'>6884<\/a><\/li>\n\n\n\n<li class='active'><a>6885<\/a><\/li>\n\n\n\n<li><a href='?page_no=6886'>6886<\/a><\/li>\n\n\n\n<li><a href='?page_no=6887'>6887<\/a><\/li>\n\n\n\n<li><a>...<\/a><\/li>\n\n\n\n<li><a href='?page_no=36999'>36999<\/a><\/li>\n\n\n\n<li><a href='?page_no=37000'>37000<\/a><\/li>\n\n    \n\t\n\n<li >\n\t<a href='?page_no=6886'>Next<\/a>\n\t<\/li>\n\n\n    \n\n<li><a href='?page_no=37000'>Last &rsaquo;&rsaquo;<\/a><\/li>\n\n<\/ul>\n\n\n--><br \/>\n<\/body><\/p>\n","protected":false},"excerpt":{"rendered":"<p>Gerardo Szalkowicz ALAI, 27 de diciembre de 2017. &#8211; Mientras el planeta Tierra va completando otra vuelta alrededor del Sol, empieza a asomar lo que ser\u00e1 un a\u00f1o de alta intensidad electoral para Am\u00e9rica Latina, con escenarios definitorios de fuerte peso e incidencia que marcar\u00e1n el redise\u00f1o del mapa pol\u00edtico regional. La agenda 2018 trae [&hellip;]<\/p>\n","protected":false},"author":3,"featured_media":0,"comment_status":"open","ping_status":"open","sticky":false,"template":"","format":"standard","meta":{"footnotes":""},"categories":[22],"tags":[],"class_list":["post-171594","post","type-post","status-publish","format-standard","hentry","category-politica"],"_links":{"self":[{"href":"https:\/\/diariodominicano.com\/index.php?rest_route=\/wp\/v2\/posts\/171594","targetHints":{"allow":["GET"]}}],"collection":[{"href":"https:\/\/diariodominicano.com\/index.php?rest_route=\/wp\/v2\/posts"}],"about":[{"href":"https:\/\/diariodominicano.com\/index.php?rest_route=\/wp\/v2\/types\/post"}],"author":[{"embeddable":true,"href":"https:\/\/diariodominicano.com\/index.php?rest_route=\/wp\/v2\/users\/3"}],"replies":[{"embeddable":true,"href":"https:\/\/diariodominicano.com\/index.php?rest_route=%2Fwp%2Fv2%2Fcomments&post=171594"}],"version-history":[{"count":0,"href":"https:\/\/diariodominicano.com\/index.php?rest_route=\/wp\/v2\/posts\/171594\/revisions"}],"wp:attachment":[{"href":"https:\/\/diariodominicano.com\/index.php?rest_route=%2Fwp%2Fv2%2Fmedia&parent=171594"}],"wp:term":[{"taxonomy":"category","embeddable":true,"href":"https:\/\/diariodominicano.com\/index.php?rest_route=%2Fwp%2Fv2%2Fcategories&post=171594"},{"taxonomy":"post_tag","embeddable":true,"href":"https:\/\/diariodominicano.com\/index.php?rest_route=%2Fwp%2Fv2%2Ftags&post=171594"}],"curies":[{"name":"wp","href":"https:\/\/api.w.org\/{rel}","templated":true}]}}