{"id":171592,"date":"2017-12-28T12:50:48","date_gmt":"2017-12-28T12:50:48","guid":{"rendered":"http:\/\/diariodominicano.ddns.net\/?p=171592"},"modified":"2017-12-28T12:50:48","modified_gmt":"2017-12-28T12:50:48","slug":"mmv-expresa-preocupacion-por-intervencion-de-politicos-contra-periodista-de-neyba","status":"publish","type":"post","link":"https:\/\/diariodominicano.com\/?p=171592","title":{"rendered":"MMV expresa preocupaci\u00f3n por intervenci\u00f3n de pol\u00edticos contra periodista de Neyba"},"content":{"rendered":"<p><body><\/p>\n<p><img decoding=\"async\" src=\"img3\/mmv.jpg\" \/>  <\/p>\n<p>SANTO DOMINGO.- El Movimiento Marcelino Vega (MMV) expres\u00f3 su preocupaci\u00f3n  por el giro que ha tomado el conflicto que envuelve al periodista Ottoniel De Le\u00f3n con el senador de Bahoruco, Manuel Antonio Paula, tras la intervenci\u00f3n  de la dirigencia provincial del Partido de la Liberaci\u00f3n  Dominicana (PLD) en favor del legislador.<\/p>\n<\/p>\n<p>Olivo De Le\u00f3n, coordinador general del MMV, advirti\u00f3 del peligro que corre el comunicador social de Neyba, sobre todo despu\u00e9s que la direcci\u00f3n pol\u00edtica del Partido de la Liberaci\u00f3n Dominicana (PLD) en la provincia Bahoruco ofreci\u00f3 su respaldo total al senador Paula y a su esposa, Mercedes Mella.<\/p>\n<\/p>\n<p>Dijo que La presi\u00f3n contra Ottoniel se dej\u00f3 sentir a\u00fan m\u00e1s cuando fue apresado el 22 de este mes de diciembre por orden del fiscal, Jonathan Cuevas Santana, quien posteriormente lo dej\u00f3 en libertad con el compromiso de que se presentara a una audiencia fijada para el pasado martes 26 de este mes, la cual fue aplazada para el cinco de febrero de 2018 para conocerle el juicio de fondo que por difamaci\u00f3n e injuria interpuso en su contra el senador. <\/p>\n<\/p>\n<p>Record\u00f3 que los casos de difamaci\u00f3n, son de car\u00e1cter privado, por lo que no requieren la intervenci\u00f3n del fiscal, sino que se manejan directamente con el juez de la Instrucci\u00f3n.<\/p>\n<\/p>\n<p>Asimismo, sostuvo que esta situaci\u00f3n ha dejado de ser de car\u00e1cter jur\u00eddico para pasar a convertirse en caso pol\u00edtico, con la intervenci\u00f3n de Luis Emilio P\u00e9rez, Alejandro P\u00e9rez M\u00e9ndez, Luis Cuevas Carvajal, Rafael Cuevas Jim\u00e9nez y Alberto Jim\u00e9nez Rodr\u00edguez, presidentes del PLD en los municipios de Neyba, Los R\u00edos, Villa Jaragua, Tamayo y Galv\u00e1n, respectivamente, quienes presionan a las autoridades judiciales para que condenen a De Le\u00f3n.<\/p>\n<\/p>\n<p>Indic\u00f3 que entre las formas en que se han manifestado esas presiones se encuentran los pronunciamientos p\u00fablicos en contra del periodista y en defensa del legislador y de su esposa.<\/p>\n<\/p>\n<p>Record\u00f3 que Ottoniel De Le\u00f3n produce y conduce el programa \u00abLa Voz del Pueblo\u00bb, que se transmite por Neiba TV, canal 10, y se le acusa de que a trav\u00e9s de este medio el comunicador habr\u00eda expresado frases injuriosas y t\u00e9rminos ultrajantes en contra del congresista y su esposa, la profesora Mercedes Mella de Paula, quien figura en la acusaci\u00f3n.<\/p>\n<\/p>\n<p>Olivo De Le\u00f3n sugiri\u00f3 la mediaci\u00f3n de los periodistas Benny Rodr\u00edguez y Faustino Reyes, secretarios generales, respectivamente de las seccionales del Colegio Dominicano de Periodistas en Barahona y Bahoruco-Jiman\u00ed, para que se re\u00fanan con el senador Paula y con Ottoniel, de manera que le busquen una soluci\u00f3n al conflicto.<\/p>\n<\/p>\n<p>Consider\u00f3 que el conocimiento de estos casos en los tribunales no conduce a nada, por lo que recomend\u00f3 a ambas partes sentarse y llegar a un acuerdo.<\/p>\n<\/p>\n<p>Indic\u00f3 que tanto Benny Rodr\u00edguez como Faustino Reyes se han pronunciado en este caso y han expresado preocupaci\u00f3n por el desenlace al que podr\u00eda conducir. <\/p>\n<h6> 2017-12-28 12:50:48 <\/h6>\n<p><!--\n<link rel=\"stylesheet\" href=\"css\/bootstrap.min.css\">\n\n\n<ul class=\"pagination\">\n\t    \n\t\n\n<li >\n\t<a href='?page_no=6882'>Previous<\/a>\n\t<\/li>\n\n\n       \n    \n\n<li><a href='?page_no=1'>1<\/a><\/li>\n\n\n\n<li><a href='?page_no=2'>2<\/a><\/li>\n\n\n\n<li><a>...<\/a><\/li>\n\n\n\n<li><a href='?page_no=6881'>6881<\/a><\/li>\n\n\n\n<li><a href='?page_no=6882'>6882<\/a><\/li>\n\n\n\n<li class='active'><a>6883<\/a><\/li>\n\n\n\n<li><a href='?page_no=6884'>6884<\/a><\/li>\n\n\n\n<li><a href='?page_no=6885'>6885<\/a><\/li>\n\n\n\n<li><a>...<\/a><\/li>\n\n\n\n<li><a href='?page_no=36999'>36999<\/a><\/li>\n\n\n\n<li><a href='?page_no=37000'>37000<\/a><\/li>\n\n    \n\t\n\n<li >\n\t<a href='?page_no=6884'>Next<\/a>\n\t<\/li>\n\n\n    \n\n<li><a href='?page_no=37000'>Last &rsaquo;&rsaquo;<\/a><\/li>\n\n<\/ul>\n\n\n--><br \/>\n<\/body><\/p>\n","protected":false},"excerpt":{"rendered":"<p>SANTO DOMINGO.- El Movimiento Marcelino Vega (MMV) expres\u00f3 su preocupaci\u00f3n por el giro que ha tomado el conflicto que envuelve al periodista Ottoniel De Le\u00f3n con el senador de Bahoruco, Manuel Antonio Paula, tras la intervenci\u00f3n de la dirigencia provincial del Partido de la Liberaci\u00f3n Dominicana (PLD) en favor del legislador. Olivo De Le\u00f3n, coordinador [&hellip;]<\/p>\n","protected":false},"author":3,"featured_media":0,"comment_status":"open","ping_status":"open","sticky":false,"template":"","format":"standard","meta":{"footnotes":""},"categories":[22],"tags":[],"class_list":["post-171592","post","type-post","status-publish","format-standard","hentry","category-politica"],"_links":{"self":[{"href":"https:\/\/diariodominicano.com\/index.php?rest_route=\/wp\/v2\/posts\/171592","targetHints":{"allow":["GET"]}}],"collection":[{"href":"https:\/\/diariodominicano.com\/index.php?rest_route=\/wp\/v2\/posts"}],"about":[{"href":"https:\/\/diariodominicano.com\/index.php?rest_route=\/wp\/v2\/types\/post"}],"author":[{"embeddable":true,"href":"https:\/\/diariodominicano.com\/index.php?rest_route=\/wp\/v2\/users\/3"}],"replies":[{"embeddable":true,"href":"https:\/\/diariodominicano.com\/index.php?rest_route=%2Fwp%2Fv2%2Fcomments&post=171592"}],"version-history":[{"count":0,"href":"https:\/\/diariodominicano.com\/index.php?rest_route=\/wp\/v2\/posts\/171592\/revisions"}],"wp:attachment":[{"href":"https:\/\/diariodominicano.com\/index.php?rest_route=%2Fwp%2Fv2%2Fmedia&parent=171592"}],"wp:term":[{"taxonomy":"category","embeddable":true,"href":"https:\/\/diariodominicano.com\/index.php?rest_route=%2Fwp%2Fv2%2Fcategories&post=171592"},{"taxonomy":"post_tag","embeddable":true,"href":"https:\/\/diariodominicano.com\/index.php?rest_route=%2Fwp%2Fv2%2Ftags&post=171592"}],"curies":[{"name":"wp","href":"https:\/\/api.w.org\/{rel}","templated":true}]}}