{"id":171590,"date":"2017-12-28T13:46:57","date_gmt":"2017-12-28T13:46:57","guid":{"rendered":"http:\/\/diariodominicano.ddns.net\/?p=171590"},"modified":"2017-12-28T13:46:57","modified_gmt":"2017-12-28T13:46:57","slug":"dirigente-de-izquierda-vaticina-concertacion-fuerzas-progresistas-en-el-2018-contra-la-corrupcion-y-la-impunidad","status":"publish","type":"post","link":"https:\/\/diariodominicano.com\/?p=171590","title":{"rendered":"Dirigente de izquierda vaticina concertaci\u00f3n fuerzas progresistas en el 2018 contra la corrupci\u00f3n y la impunidad  &#13;"},"content":{"rendered":"<p><body><\/p>\n<p><img decoding=\"async\" src=\"img3\/iz1.jpg\" \/><br \/><img decoding=\"async\" src=\"img3\/iz2.jpg\" \/>  <\/p>\n<p>Por Freddy P. Galarza <\/p>\n<\/p>\n<p>New York.-  El abogado y dirigente pol\u00edtico de la Fuerza de la Revoluci\u00f3n Ram\u00f3n Estrella, vaticin\u00f3 aqu\u00ed, que el 2018 ser\u00e1 el a\u00f1o de la concertaci\u00f3n de las fuerzas progresistas en la lucha contra la corrupci\u00f3n y la impunidad .<\/p>\n<\/p>\n<p>Durante una charla ofrecida en el local del Partido Alianza Pa\u00eds, el dirigente de izquierda sostuvo, que el presidente Danilo Medina y su partido PLD, se han ganado la medalla de oro por ser los m\u00e1s corruptos de los \u00faltimos 50 a\u00f1os en RD . \u00bb La tarea principal del movimiento progresista es salir de ese gobierno\u00bb.   <\/p>\n<\/p>\n<p>Expuso sin embargo, que para sacar al PLD del poder hay que tener al pueblo movilizado, siendo una de las espectativas para este 2018, y es el papel que realiza el movimiento marcha verde a trav\u00e9s de sus expresiones .<\/p>\n<\/p>\n<p>Acus\u00f3 al PLD, de haberse adue\u00f1ado de las industrias financieras, del intercambio financiero internacional y eso, se\u00f1al\u00f3, lo ha convertido en grandes empresarios y adinerados sin tener empresas .<\/p>\n<\/p>\n<p>Estrella, asegur\u00f3 que las ganancias econ\u00f3micas de los dirigentes pelede\u00edstas est\u00e1n basadas en las compras y las importaciones \u00bb ellos son los responsables de la destrucci\u00f3n del modelo econ\u00f3mico productivo dominicano\u00bb, recalc\u00f3 .<\/p>\n<\/p>\n<p>Se\u00f1al\u00f3 que el gobierno dominicano se nutre del estado de delincuencia que opera en las comunidades del pa\u00eds, d\u00e1ndole cultivo a la pol\u00edtica clientelar, donde no se fomenta el trabajo, y el desarrollo se ve como algo particular, no de manera colectivo .<\/p>\n<\/p>\n<p>dd<\/p>\n<p>freddy.galarza@yahoo.com<\/p>\n<h6> 2017-12-28 13:46:57 <\/h6>\n<p><!--\n<link rel=\"stylesheet\" href=\"css\/bootstrap.min.css\">\n\n\n<ul class=\"pagination\">\n\t    \n\t\n\n<li >\n\t<a href='?page_no=6880'>Previous<\/a>\n\t<\/li>\n\n\n       \n    \n\n<li><a href='?page_no=1'>1<\/a><\/li>\n\n\n\n<li><a href='?page_no=2'>2<\/a><\/li>\n\n\n\n<li><a>...<\/a><\/li>\n\n\n\n<li><a href='?page_no=6879'>6879<\/a><\/li>\n\n\n\n<li><a href='?page_no=6880'>6880<\/a><\/li>\n\n\n\n<li class='active'><a>6881<\/a><\/li>\n\n\n\n<li><a href='?page_no=6882'>6882<\/a><\/li>\n\n\n\n<li><a href='?page_no=6883'>6883<\/a><\/li>\n\n\n\n<li><a>...<\/a><\/li>\n\n\n\n<li><a href='?page_no=36999'>36999<\/a><\/li>\n\n\n\n<li><a href='?page_no=37000'>37000<\/a><\/li>\n\n    \n\t\n\n<li >\n\t<a href='?page_no=6882'>Next<\/a>\n\t<\/li>\n\n\n    \n\n<li><a href='?page_no=37000'>Last &rsaquo;&rsaquo;<\/a><\/li>\n\n<\/ul>\n\n\n--><br \/>\n<\/body><\/p>\n","protected":false},"excerpt":{"rendered":"<p>Por Freddy P. Galarza New York.- El abogado y dirigente pol\u00edtico de la Fuerza de la Revoluci\u00f3n Ram\u00f3n Estrella, vaticin\u00f3 aqu\u00ed, que el 2018 ser\u00e1 el a\u00f1o de la concertaci\u00f3n de las fuerzas progresistas en la lucha contra la corrupci\u00f3n y la impunidad . Durante una charla ofrecida en el local del Partido Alianza Pa\u00eds, [&hellip;]<\/p>\n","protected":false},"author":3,"featured_media":0,"comment_status":"open","ping_status":"open","sticky":false,"template":"","format":"standard","meta":{"footnotes":""},"categories":[22],"tags":[],"class_list":["post-171590","post","type-post","status-publish","format-standard","hentry","category-politica"],"_links":{"self":[{"href":"https:\/\/diariodominicano.com\/index.php?rest_route=\/wp\/v2\/posts\/171590","targetHints":{"allow":["GET"]}}],"collection":[{"href":"https:\/\/diariodominicano.com\/index.php?rest_route=\/wp\/v2\/posts"}],"about":[{"href":"https:\/\/diariodominicano.com\/index.php?rest_route=\/wp\/v2\/types\/post"}],"author":[{"embeddable":true,"href":"https:\/\/diariodominicano.com\/index.php?rest_route=\/wp\/v2\/users\/3"}],"replies":[{"embeddable":true,"href":"https:\/\/diariodominicano.com\/index.php?rest_route=%2Fwp%2Fv2%2Fcomments&post=171590"}],"version-history":[{"count":0,"href":"https:\/\/diariodominicano.com\/index.php?rest_route=\/wp\/v2\/posts\/171590\/revisions"}],"wp:attachment":[{"href":"https:\/\/diariodominicano.com\/index.php?rest_route=%2Fwp%2Fv2%2Fmedia&parent=171590"}],"wp:term":[{"taxonomy":"category","embeddable":true,"href":"https:\/\/diariodominicano.com\/index.php?rest_route=%2Fwp%2Fv2%2Fcategories&post=171590"},{"taxonomy":"post_tag","embeddable":true,"href":"https:\/\/diariodominicano.com\/index.php?rest_route=%2Fwp%2Fv2%2Ftags&post=171590"}],"curies":[{"name":"wp","href":"https:\/\/api.w.org\/{rel}","templated":true}]}}