{"id":171589,"date":"2017-12-28T20:05:42","date_gmt":"2017-12-28T20:05:42","guid":{"rendered":"http:\/\/diariodominicano.ddns.net\/?p=171589"},"modified":"2017-12-28T20:05:42","modified_gmt":"2017-12-28T20:05:42","slug":"brasil-tendra-en-2018-elecciones-marcadas-por-la-incertidumbre","status":"publish","type":"post","link":"https:\/\/diariodominicano.com\/?p=171589","title":{"rendered":"Brasil tendr\u00e1 en 2018 elecciones marcadas por la incertidumbre"},"content":{"rendered":"<p><body><\/p>\n<p><img decoding=\"async\" src=\"img3\/74452717f860b466a3aa73d27a424a623765bc5a.jpg\" \/><br \/><img decoding=\"async\" src=\"img3\/dilma y temer15.jpg\" \/>  <\/p>\n<p><strong>  El ex presidente Luiz In\u00e1cio Lula da Silva (2003-2010) lidera por amplia ventaja las preferencias del electorado en los sondeos, pero el l\u00edder del Partido de los Trabajadores (centro izquierda) corre un serio riesgo de ver inhibida su candidatura.<\/strong> <strong>(Foto de  Archivo)<\/strong><\/p>\n<p><strong> <\/strong><\/p>\n<p><strong>   Por Edgardo Loguercio<\/strong><\/p>\n<p><strong>   BRASILIA, 28 dic (Xinhua) &#8212; <\/strong>Las elecciones generales del pr\u00f3ximo a\u00f1o en Brasil estar\u00e1n marcadas por una profunda incertidumbre debido al rechazo de la poblaci\u00f3n a los pol\u00edticos tradicionales y por las causas judiciales que salpican a algunos de los aspirantes, manifestaron analistas consultados por Xinhua.<\/p>\n<\/p>\n<p>   A decir de los expertos, la expectativa de que el proceso electoral ofrezca una salida legitimada a las crisis pol\u00edticas y econ\u00f3micas de los \u00faltimos tres a\u00f1os, est\u00e1 empa\u00f1ada por el desconocimiento de quienes ser\u00e1n los principales competidores.<\/p>\n<\/p>\n<p><strong>En la foto de archivo la presidenta relecta Dilma Rousseff y el vicepresidente Michel Temer en 2014 el dia de la toma de posesi\u00f3n. <\/strong><\/p>\n<\/p>\n<p>   Brasil buscar\u00e1 dar vuelta a la p\u00e1gina del turbulento per\u00edodo que sigui\u00f3 a la reelecci\u00f3n de Dilma Rousseff en 2014 y su posterior destituci\u00f3n en agosto de 2016, as\u00ed como al gobierno de su sucesor, Michel Temer.<\/p>\n<\/p>\n<p>   El ex presidente Luiz In\u00e1cio Lula da Silva (2003-2010) lidera por amplia ventaja las preferencias del electorado en los sondeos, pero el l\u00edder del Partido de los Trabajadores (centro izquierda) corre un serio riesgo de ver inhibida su candidatura.<\/p>\n<\/p>\n<p>   Condenado en primera instancia por haber recibido supuestamente favores indebidos de una empresa constructora, si el fallo es confirmado por un tribunal de Porto Alegre el 24 de enero, el ex mandatario no podr\u00e1 postularse.<\/p>\n<\/p>\n<p>   Para el doctor en Ciencias Pol\u00edticas, Luciano Dias, de CAC Consultor\u00eda, el escenario que predomina es que el ex presidente no sea candidato, porque la condena ser\u00eda confirmada, dej\u00e1ndolo fuera de la carrera presidencial.<\/p>\n<\/p>\n<p>   \u00abEso implica que \u00e9l quedar\u00e1 encasillado en la Ley de la Ficha Limpia, lo que significa inelegibilidad en Brasil (por un plazo de ocho a\u00f1os). Pero Lula va ser un protagonista porque el PT controla alrededor de 12 por ciento del voto nacional\u00bb, expres\u00f3 Dias a Xinhua.<\/p>\n<\/p>\n<p>   \u00abSi sumamos a todos los partidos de izquierda en Brasil, a\u00fan tienen alrededor de un 20 por ciento de los votos. Naturalmente Lula ser\u00e1 un l\u00edder importante, pero eso es independiente de que sea o no candidato\u00bb, dijo el autor de libros y art\u00edculos sobre pol\u00edtica, historia y administraci\u00f3n p\u00fablica brasile\u00f1a.<\/p>\n<\/p>\n<p>   En tanto, Ricardo Caldas, profesor de Ciencia Pol\u00edtica de la Universidad de Brasilia (UnB), consider\u00f3 que \u00abel escenario principal es un escenario fragmentado\u00bb, en especial si la Justicia confirma la condena del ex presidente.<\/p>\n<\/p>\n<p>   \u00abEn caso de que Lula no pueda postularse, eso va a distribuir votos entre muchos candidatos. Para m\u00ed, la novedad ser\u00eda que \u00e9l fuera absuelto, pero es lo menos probable\u00bb, estim\u00f3.<\/p>\n<\/p>\n<p>   \u00abSi su condena es confirmada, creo que eso va a provocar un gran da\u00f1o a su candidatura\u00bb, se\u00f1al\u00f3.<\/p>\n<\/p>\n<p>   Dias apunt\u00f3 que el favorito natural de las elecciones brasile\u00f1as es el gobernador de Sao Paulo, Geraldo Alckmin, porque tiene a su favor el elector pol\u00edticamente m\u00e1s educado, en el estado m\u00e1s populoso de Brasil, cerca de un cuarto del padr\u00f3n nacional.<\/p>\n<\/p>\n<p>   El experto agreg\u00f3 que esa condici\u00f3n potencia las oportunidades del gobernador paulista, del Partido Social Dem\u00f3crata Brasile\u00f1o (PSDB, de centro), pero tambi\u00e9n debe hacer frente a denuncias de graves irregularidades en contratos p\u00fablicos en Sao Paulo.<\/p>\n<\/p>\n<p>   Alckmin es un pol\u00edtico de centro conocido por los brasile\u00f1os. Estuvo cerca de llegar a la Presidencia. Fue derrotado por estrecho margen en la segunda vuelta de las presidenciales de 2006, en las que Lula da Silva obtuvo la reelecci\u00f3n.<\/p>\n<\/p>\n<p>   En las encuestas, sin embargo, detr\u00e1s de Lula da Silva aparece el ex militar y diputado Jair Bolsonaro.<\/p>\n<\/p>\n<p>   \u00abBolsonaro realmente es una sorpresa, est\u00e1 por encima de lo que se puede esperar de un candidato de esas caracter\u00edsticas. Es dif\u00edcil decir si \u00e9l va a mantener ese nivel de votos cuando la campa\u00f1a realmente comience\u00bb, apunt\u00f3 el analista Dias.<\/p>\n<\/p>\n<p>   Otra variante ser\u00eda una candidatura expl\u00edcitamente apoyada por el gobierno de Temer, que ganar\u00eda impulso a partir de la esperada aceleraci\u00f3n del crecimiento econ\u00f3mico el a\u00f1o pr\u00f3ximo.<\/p>\n<\/p>\n<p>   Ambos analistas coincidieron en se\u00f1alar que, m\u00e1s all\u00e1 de los nombres, la disputa central en la elecci\u00f3n debe ocurrir entre un candidato que defienda la agenda de reformas iniciada por Temer y otro que se presente como opositor, aunque sea parcialmente.<\/p>\n<\/p>\n<p>   Para Caldas, junto a un candidato \u00abreformista\u00bb, puede ganar fuerza un candidato moderado de centro izquierda, que incorpore parte de esa agenda aunque no sea totalmente favorable a las reformas.<\/p>\n<\/p>\n<p>   \u00abLa agenda reformista creo que va a continuar, m\u00e1s all\u00e1 de qui\u00e9n sea electo. Incluso, el propio ex presidente Lula mostr\u00f3 en el pasado que podr\u00eda defender causas impopulares, como cuando mantuvo impuestos al consumo en su gobierno a contramano de la posici\u00f3n de su propio partido\u00bb, record\u00f3 el maestro en Ciencia Pol\u00edtica. Fin<\/p>\n<\/p>\n<h6> 2017-12-28 20:05:42 <\/h6>\n<p><!--\n<link rel=\"stylesheet\" href=\"css\/bootstrap.min.css\">\n\n\n<ul class=\"pagination\">\n\t    \n\t\n\n<li >\n\t<a href='?page_no=6879'>Previous<\/a>\n\t<\/li>\n\n\n       \n    \n\n<li><a href='?page_no=1'>1<\/a><\/li>\n\n\n\n<li><a href='?page_no=2'>2<\/a><\/li>\n\n\n\n<li><a>...<\/a><\/li>\n\n\n\n<li><a href='?page_no=6878'>6878<\/a><\/li>\n\n\n\n<li><a href='?page_no=6879'>6879<\/a><\/li>\n\n\n\n<li class='active'><a>6880<\/a><\/li>\n\n\n\n<li><a href='?page_no=6881'>6881<\/a><\/li>\n\n\n\n<li><a href='?page_no=6882'>6882<\/a><\/li>\n\n\n\n<li><a>...<\/a><\/li>\n\n\n\n<li><a href='?page_no=36999'>36999<\/a><\/li>\n\n\n\n<li><a href='?page_no=37000'>37000<\/a><\/li>\n\n    \n\t\n\n<li >\n\t<a href='?page_no=6881'>Next<\/a>\n\t<\/li>\n\n\n    \n\n<li><a href='?page_no=37000'>Last &rsaquo;&rsaquo;<\/a><\/li>\n\n<\/ul>\n\n\n--><br \/>\n<\/body><\/p>\n","protected":false},"excerpt":{"rendered":"<p>El ex presidente Luiz In\u00e1cio Lula da Silva (2003-2010) lidera por amplia ventaja las preferencias del electorado en los sondeos, pero el l\u00edder del Partido de los Trabajadores (centro izquierda) corre un serio riesgo de ver inhibida su candidatura. (Foto de Archivo) Por Edgardo Loguercio BRASILIA, 28 dic (Xinhua) &#8212; Las elecciones generales del pr\u00f3ximo [&hellip;]<\/p>\n","protected":false},"author":3,"featured_media":0,"comment_status":"open","ping_status":"open","sticky":false,"template":"","format":"standard","meta":{"footnotes":""},"categories":[22],"tags":[],"class_list":["post-171589","post","type-post","status-publish","format-standard","hentry","category-politica"],"_links":{"self":[{"href":"https:\/\/diariodominicano.com\/index.php?rest_route=\/wp\/v2\/posts\/171589","targetHints":{"allow":["GET"]}}],"collection":[{"href":"https:\/\/diariodominicano.com\/index.php?rest_route=\/wp\/v2\/posts"}],"about":[{"href":"https:\/\/diariodominicano.com\/index.php?rest_route=\/wp\/v2\/types\/post"}],"author":[{"embeddable":true,"href":"https:\/\/diariodominicano.com\/index.php?rest_route=\/wp\/v2\/users\/3"}],"replies":[{"embeddable":true,"href":"https:\/\/diariodominicano.com\/index.php?rest_route=%2Fwp%2Fv2%2Fcomments&post=171589"}],"version-history":[{"count":0,"href":"https:\/\/diariodominicano.com\/index.php?rest_route=\/wp\/v2\/posts\/171589\/revisions"}],"wp:attachment":[{"href":"https:\/\/diariodominicano.com\/index.php?rest_route=%2Fwp%2Fv2%2Fmedia&parent=171589"}],"wp:term":[{"taxonomy":"category","embeddable":true,"href":"https:\/\/diariodominicano.com\/index.php?rest_route=%2Fwp%2Fv2%2Fcategories&post=171589"},{"taxonomy":"post_tag","embeddable":true,"href":"https:\/\/diariodominicano.com\/index.php?rest_route=%2Fwp%2Fv2%2Ftags&post=171589"}],"curies":[{"name":"wp","href":"https:\/\/api.w.org\/{rel}","templated":true}]}}