{"id":171587,"date":"2017-12-29T07:55:37","date_gmt":"2017-12-29T07:55:37","guid":{"rendered":"http:\/\/diariodominicano.ddns.net\/?p=171587"},"modified":"2017-12-29T07:55:37","modified_gmt":"2017-12-29T07:55:37","slug":"flagrante-violacion-en-proceso-contra-jorge-glas-afirma-defensa","status":"publish","type":"post","link":"https:\/\/diariodominicano.com\/?p=171587","title":{"rendered":"Flagrante violaci\u00f3n en proceso contra Jorge Glas, afirma defensa&#13;"},"content":{"rendered":"<p><body><\/p>\n<p><img decoding=\"async\" src=\"img3\/jorge-glas.jpg\" \/>  <\/p>\n<p><strong> Quito, 29 dic (PL)<\/strong> El abogado Eduardo Franco Loor, defensor del vicepresidente de Ecuador, Jorge Glas, afirm\u00f3 que hay una \u00bbviolaci\u00f3n flagrante en el debido proceso penal\u00bb, por la falta de notificaci\u00f3n hasta hoy, de la sentencia en su contra.<\/p>\n<\/p>\n<p>En declaraciones difundidas en la red social twitter, el letrado precis\u00f3 que de acuerdo con el C\u00f3digo Org\u00e1nico Integral penal (COIP) existe un per\u00edodo de 10 d\u00edas posterior a finalizada la audiencia para informar por escrito la pena, debidamente motivada, y ese tiempo se venci\u00f3 el pasado 23 de diciembre.<\/p>\n<\/p>\n<p>Asimismo, aclar\u00f3 que la Ley no da ninguna pr\u00f3rroga, ni existe norma supletoria que lo establezca.<\/p>\n<\/p>\n<p>Franco Loor estim\u00f3 que esa violaci\u00f3n acarrea nulidad, la cual puede ser solicitada dentro de la apelaci\u00f3n o en el recurso de casaci\u00f3n y defini\u00f3 la sentencia como &#8216;burda, \u00edrritante, inconstitucional y b\u00e1rbara&#8217;, porque se pena al vicepresidente sin ley, con un c\u00f3digo penal derogado y con transgresi\u00f3n a principios reconocidos por tratados internacionales de derechos humanos.<\/p>\n<\/p>\n<p>Sobre la demora de los jueces para la notificaci\u00f3n, consider\u00f3 que &#8216;realmente deben estar confundidos por la salvajada del terrorismo judicial que hicieron con esa sentencia, que ser\u00e1 estudiada por todo el mundo hispanoparlante&#8217;.<\/p>\n<\/p>\n<p>Igualmente adelant\u00f3 que la defensa est\u00e1 en espera de la sentencia para apelar y pedir la nulidad por falta de motivaci\u00f3n, pues la oral fue una desmotivaci\u00f3n y reiter\u00f3, violaci\u00f3n flagrante al derecho y a las normas internacionales.<\/p>\n<\/p>\n<p>&#8216;Hubo absoluta mala fue porque fue una sentencia pol\u00edtica y busca quitarle la vicepresidencia a alguien que fue electo por mayor\u00eda popular&#8217;, enfatiz\u00f3.<\/p>\n<\/p>\n<p>El abogado se\u00f1al\u00f3 adem\u00e1s que en cuanto a la posible separaci\u00f3n del puesto del segundo mandatario por ausencia definitiva del cargo, la Corte Constitucional deb\u00eda emitir opini\u00f3n e interpretar sus causales seg\u00fan la Constituci\u00f3n.<\/p>\n<\/p>\n<p>&#8216;Habr\u00eda que dilucidar si exceder 90 d\u00edas de ausencia temporal equivale a abandono o a ausencia definitiva. El abandono debe comprobarse y debe ser propio y querido y en su caso esta privado de su libertad contra su voluntad&#8217;, aclar\u00f3.<\/p>\n<\/p>\n<p>Sus declaraciones responden a afirmaciones de varios funcionarios con respecto a que independientemente del juicio pol\u00edtico al cual est\u00e1 sujeto Glas, el 2 de enero de 2018 se cumplen tres meses de ausencia al puesto, lo cual, seg\u00fan ellos, permitir\u00eda su separaci\u00f3n.<\/p>\n<\/p>\n<p>&#8216;Lo que se pretende es con una tramoya pol\u00edtica, arrebatarle inconstitucionalmente la vicepresidencia que gan\u00f3 limpiamente por voluntad mayoritaria del pueblo ecuatoriano&#8217;, concluy\u00f3.<\/p>\n<\/p>\n<p>agp\/scm<\/p>\n<h6> 2017-12-29 07:55:37 <\/h6>\n<p><!--\n<link rel=\"stylesheet\" href=\"css\/bootstrap.min.css\">\n\n\n<ul class=\"pagination\">\n\t    \n\t\n\n<li >\n\t<a href='?page_no=6878'>Previous<\/a>\n\t<\/li>\n\n\n       \n    \n\n<li><a href='?page_no=1'>1<\/a><\/li>\n\n\n\n<li><a href='?page_no=2'>2<\/a><\/li>\n\n\n\n<li><a>...<\/a><\/li>\n\n\n\n<li><a href='?page_no=6877'>6877<\/a><\/li>\n\n\n\n<li><a href='?page_no=6878'>6878<\/a><\/li>\n\n\n\n<li class='active'><a>6879<\/a><\/li>\n\n\n\n<li><a href='?page_no=6880'>6880<\/a><\/li>\n\n\n\n<li><a href='?page_no=6881'>6881<\/a><\/li>\n\n\n\n<li><a>...<\/a><\/li>\n\n\n\n<li><a href='?page_no=36999'>36999<\/a><\/li>\n\n\n\n<li><a href='?page_no=37000'>37000<\/a><\/li>\n\n    \n\t\n\n<li >\n\t<a href='?page_no=6880'>Next<\/a>\n\t<\/li>\n\n\n    \n\n<li><a href='?page_no=37000'>Last &rsaquo;&rsaquo;<\/a><\/li>\n\n<\/ul>\n\n\n--><br \/>\n<\/body><\/p>\n","protected":false},"excerpt":{"rendered":"<p>Quito, 29 dic (PL) El abogado Eduardo Franco Loor, defensor del vicepresidente de Ecuador, Jorge Glas, afirm\u00f3 que hay una \u00bbviolaci\u00f3n flagrante en el debido proceso penal\u00bb, por la falta de notificaci\u00f3n hasta hoy, de la sentencia en su contra. En declaraciones difundidas en la red social twitter, el letrado precis\u00f3 que de acuerdo con [&hellip;]<\/p>\n","protected":false},"author":3,"featured_media":0,"comment_status":"open","ping_status":"open","sticky":false,"template":"","format":"standard","meta":{"footnotes":""},"categories":[22],"tags":[],"class_list":["post-171587","post","type-post","status-publish","format-standard","hentry","category-politica"],"_links":{"self":[{"href":"https:\/\/diariodominicano.com\/index.php?rest_route=\/wp\/v2\/posts\/171587","targetHints":{"allow":["GET"]}}],"collection":[{"href":"https:\/\/diariodominicano.com\/index.php?rest_route=\/wp\/v2\/posts"}],"about":[{"href":"https:\/\/diariodominicano.com\/index.php?rest_route=\/wp\/v2\/types\/post"}],"author":[{"embeddable":true,"href":"https:\/\/diariodominicano.com\/index.php?rest_route=\/wp\/v2\/users\/3"}],"replies":[{"embeddable":true,"href":"https:\/\/diariodominicano.com\/index.php?rest_route=%2Fwp%2Fv2%2Fcomments&post=171587"}],"version-history":[{"count":0,"href":"https:\/\/diariodominicano.com\/index.php?rest_route=\/wp\/v2\/posts\/171587\/revisions"}],"wp:attachment":[{"href":"https:\/\/diariodominicano.com\/index.php?rest_route=%2Fwp%2Fv2%2Fmedia&parent=171587"}],"wp:term":[{"taxonomy":"category","embeddable":true,"href":"https:\/\/diariodominicano.com\/index.php?rest_route=%2Fwp%2Fv2%2Fcategories&post=171587"},{"taxonomy":"post_tag","embeddable":true,"href":"https:\/\/diariodominicano.com\/index.php?rest_route=%2Fwp%2Fv2%2Ftags&post=171587"}],"curies":[{"name":"wp","href":"https:\/\/api.w.org\/{rel}","templated":true}]}}