{"id":171586,"date":"2017-12-29T09:40:39","date_gmt":"2017-12-29T09:40:39","guid":{"rendered":"http:\/\/diariodominicano.ddns.net\/?p=171586"},"modified":"2017-12-29T09:40:39","modified_gmt":"2017-12-29T09:40:39","slug":"en-el-2017-pld-mantiene-su-condicion-de-principal-fuerza-politica-pese-a-feroces-ataques","status":"publish","type":"post","link":"https:\/\/diariodominicano.com\/?p=171586","title":{"rendered":"En el 2017,  PLD mantiene  su condici\u00f3n de principal fuerza pol\u00edtica pese a feroces ataques"},"content":{"rendered":"<p><body><\/p>\n<p><img decoding=\"async\" src=\"img3\/CasaNacPLD29.jpg\" \/>  <\/p>\n<p>Santo Domingo, R. D., 29 de diciembre, 2017.-  <span class=\"text1noticias\">El  Partido de la Liberaci\u00f3n Dominicana (PLD) cierra el  2017 con el firme compromiso de su dirigencia de preservar la unidad partidaria,  en donde ha estado la clave de los triunfos electorales consecutivos y el buen desempe\u00f1o en la administraci\u00f3n del Estado.<\/span><\/p>\n<p><span class=\"text1noticias\"> <\/span><\/p>\n<p><span class=\"text1noticias\">Mediante un despacho period\u00edstico del equipo de la Secretar\u00eda de Comunicaciones del PLD, se pone de relieve las declaraciones de sus dirigentes admitiendo que existen divergencias de criterios y negando las fricciones internas, como se pregona desde el litoral opositor.<\/span><\/p>\n<p><span class=\"text1noticias\"> <\/span><\/p>\n<p><span class=\"text1noticias\">Resalta en ese orden la coincidencia en el pron\u00f3stico del 2018 presentado de manera separada por el Presidente de la Rep\u00fablica, Danilo Medina y el Presidente del PLD, Leonel Fern\u00e1ndez, dirigentes cardinales de esa organizaci\u00f3n.<\/span><\/p>\n<p><span class=\"text1noticias\"> <\/span><\/p>\n<p><span class=\"text1noticias\">El presidente Danilo Medina vaticin\u00f3 un a\u00f1o 2018 de muchos logros para el pa\u00eds, manifest\u00e1ndose esperanzado de un crecimiento de la econom\u00eda por encima de 6 puntos porcentuales. Dijo que a pesar de las adversidades, la Rep\u00fablica Dominicana est\u00e1 situada con el segundo lugar de las naciones con mayor crecimiento econ\u00f3mico de Am\u00e9rica Latina.<\/span><\/p>\n<p><span class=\"text1noticias\"> <\/span><\/p>\n<p><span class=\"text1noticias\">De su lado el presidente Leonel Fern\u00e1ndez, destac\u00f3 como un activo importante para el pa\u00eds el optimismo, confianza y la fe en el futuro predominante en Rep\u00fablica Dominicana: \u00abA pesar de la incertidumbre en el mundo y los obst\u00e1culos y dificultades, Rep\u00fablica Dominicana ha sido la excepci\u00f3n, hemos seguido avanzando, creciendo, progresando en medio de circunstancias internacionales adversas\u00bb, se citan las declaraciones del Presidente del PLD a los periodistas en la fecha de su cumplea\u00f1os.<\/span><\/p>\n<p><span class=\"text1noticias\"> <\/span><\/p>\n<p><span class=\"text1noticias\">En la nota el PLD saluda la iniciativa del presidente Danilo Medina al declarar el 2018 \u00abA\u00f1o del Fomento de las Exportaciones\u00bb, mediante el Decreto 437-17, con lo que se conseguir\u00e1 un nuevo impulso a la econom\u00eda.<\/span><\/p>\n<p><span class=\"text1noticias\"> <\/span><\/p>\n<p><span class=\"text1noticias\">En el decreto se motiva  a  las instituciones p\u00fablicas y privadas a colaborar con el Ministerio de Industria, Comercio y Mipymes, el Consejo Nacional de zonas Francas de Exportaci\u00f3n y el Consejo Nacional de Competitividad, para promover el sector exportador y el establecimiento de la cultura exportadora, en consonancia con la Ley 1-12 que establece la Estrategia Nacional de Desarrollo 2030.<\/span><\/p>\n<p><span class=\"text1noticias\"> <\/span><\/p>\n<p><span class=\"text1noticias\">El despacho period\u00edstico del PLD recuerda los compromisos asumidos por esa organizaci\u00f3n de aplicar las resoluciones del VIII Congreso Ordinario Comandante Norge Botello, la que decretan el paso dial\u00e9ctico de retomar la calidad en su membres\u00eda<\/span><\/p>\n<p><span class=\"text1noticias\"> <\/span><\/p>\n<p><span class=\"text1noticias\">\u00abEs un mandato del  m\u00e1s alto organismo de direcci\u00f3n del Partido, que es el Congreso Ordinario  y como tal tiene que aplicarse, porque adem\u00e1s es un compromiso y una responsabilidad\u00bb, se precisa en el despacho en el que se recuerda que quedan pendientes aprobar tres reglamentos para aplicar las resoluciones arribadas en el Congreso<\/span><\/p>\n<p><span class=\"text1noticias\"> <\/span><\/p>\n<p><span class=\"text1noticias\">La nota concluye invitando a disfrutar  con moderaci\u00f3n las festividades de fin de a\u00f1o  y  preparar  las herramientas para un 2018, tiempo propicio para que  prosiga el avance y el progreso en Rep\u00fablica Dominicana   y hacer m\u00e1s eficiente y solidaria  la labor pol\u00edtica dentro de las filas del  Partido de la Liberaci\u00f3n Dominicana.<\/span><\/p>\n<p><span class=\"text1noticias\"> <\/span><\/p>\n<p><span class=\"text1noticias\">Fuente: Direcci\u00f3n de Comunicaciones PLD<\/span><\/p>\n<h6> 2017-12-29 09:40:39 <\/h6>\n<p><!--\n<link rel=\"stylesheet\" href=\"css\/bootstrap.min.css\">\n\n\n<ul class=\"pagination\">\n\t    \n\t\n\n<li >\n\t<a href='?page_no=6877'>Previous<\/a>\n\t<\/li>\n\n\n       \n    \n\n<li><a href='?page_no=1'>1<\/a><\/li>\n\n\n\n<li><a href='?page_no=2'>2<\/a><\/li>\n\n\n\n<li><a>...<\/a><\/li>\n\n\n\n<li><a href='?page_no=6876'>6876<\/a><\/li>\n\n\n\n<li><a href='?page_no=6877'>6877<\/a><\/li>\n\n\n\n<li class='active'><a>6878<\/a><\/li>\n\n\n\n<li><a href='?page_no=6879'>6879<\/a><\/li>\n\n\n\n<li><a href='?page_no=6880'>6880<\/a><\/li>\n\n\n\n<li><a>...<\/a><\/li>\n\n\n\n<li><a href='?page_no=36999'>36999<\/a><\/li>\n\n\n\n<li><a href='?page_no=37000'>37000<\/a><\/li>\n\n    \n\t\n\n<li >\n\t<a href='?page_no=6879'>Next<\/a>\n\t<\/li>\n\n\n    \n\n<li><a href='?page_no=37000'>Last &rsaquo;&rsaquo;<\/a><\/li>\n\n<\/ul>\n\n\n--><br \/>\n<\/body><\/p>\n","protected":false},"excerpt":{"rendered":"<p>Santo Domingo, R. D., 29 de diciembre, 2017.- El Partido de la Liberaci\u00f3n Dominicana (PLD) cierra el 2017 con el firme compromiso de su dirigencia de preservar la unidad partidaria, en donde ha estado la clave de los triunfos electorales consecutivos y el buen desempe\u00f1o en la administraci\u00f3n del Estado. Mediante un despacho period\u00edstico del [&hellip;]<\/p>\n","protected":false},"author":3,"featured_media":0,"comment_status":"open","ping_status":"open","sticky":false,"template":"","format":"standard","meta":{"footnotes":""},"categories":[22],"tags":[],"class_list":["post-171586","post","type-post","status-publish","format-standard","hentry","category-politica"],"_links":{"self":[{"href":"https:\/\/diariodominicano.com\/index.php?rest_route=\/wp\/v2\/posts\/171586","targetHints":{"allow":["GET"]}}],"collection":[{"href":"https:\/\/diariodominicano.com\/index.php?rest_route=\/wp\/v2\/posts"}],"about":[{"href":"https:\/\/diariodominicano.com\/index.php?rest_route=\/wp\/v2\/types\/post"}],"author":[{"embeddable":true,"href":"https:\/\/diariodominicano.com\/index.php?rest_route=\/wp\/v2\/users\/3"}],"replies":[{"embeddable":true,"href":"https:\/\/diariodominicano.com\/index.php?rest_route=%2Fwp%2Fv2%2Fcomments&post=171586"}],"version-history":[{"count":0,"href":"https:\/\/diariodominicano.com\/index.php?rest_route=\/wp\/v2\/posts\/171586\/revisions"}],"wp:attachment":[{"href":"https:\/\/diariodominicano.com\/index.php?rest_route=%2Fwp%2Fv2%2Fmedia&parent=171586"}],"wp:term":[{"taxonomy":"category","embeddable":true,"href":"https:\/\/diariodominicano.com\/index.php?rest_route=%2Fwp%2Fv2%2Fcategories&post=171586"},{"taxonomy":"post_tag","embeddable":true,"href":"https:\/\/diariodominicano.com\/index.php?rest_route=%2Fwp%2Fv2%2Ftags&post=171586"}],"curies":[{"name":"wp","href":"https:\/\/api.w.org\/{rel}","templated":true}]}}