{"id":171585,"date":"2017-12-29T12:29:33","date_gmt":"2017-12-29T12:29:33","guid":{"rendered":"http:\/\/diariodominicano.ddns.net\/?p=171585"},"modified":"2017-12-29T12:29:33","modified_gmt":"2017-12-29T12:29:33","slug":"prm-en-ny-inicia-proceso-convencional","status":"publish","type":"post","link":"https:\/\/diariodominicano.com\/?p=171585","title":{"rendered":"PRM en NY inicia proceso convencional"},"content":{"rendered":"<p><body><\/p>\n<p><img decoding=\"async\" src=\"img3\/prms1.jpg\" \/>  <\/p>\n<p>Por Ram\u00f3n Mercedes <\/p>\n<\/p>\n<p>NUEVA YORK.- El presidente de la seccional del Partido Revolucionario Moderno (PRM) en esta ciudad, Luis Emilio Ducasse, inform\u00f3 que qued\u00f3 conformada la Comisi\u00f3n Local Organizadora (CLO) para la \u00abConvenci\u00f3n Nacional, Claudio Caama\u00f1o Grull\u00f3n\u00bb, a celebrarse en febrero del pr\u00f3ximo a\u00f1o.<\/p>\n<\/p>\n<p>Los miembros responsables del montaje y supervisi\u00f3n del evento lo ser\u00e1n Henry Taveras, Elvin Tineo, Juana Reyes, Leonardo Minier, Ren\u00e9 Mateo, Jos\u00e9 Mart\u00ednez Peralta y Julio Feliz.<\/p>\n<\/p>\n<p>Ducasse destac\u00f3 que la misma surgi\u00f3 producto del consenso de todos los sectores que conviven en el partido y alab\u00f3 el esp\u00edritu unitario que prim\u00f3 en el sentir de los dirigentes que demostraron y demuestran toda la voluntad y disposici\u00f3n de que el proceso se desarrolle de forma eficiente, transparente y ecu\u00e1nime.<\/p>\n<\/p>\n<p>Inform\u00f3 adem\u00e1s que la fecha oficial de inscripciones a candidaturas abre el mi\u00e9rcoles 3 de enero y cerrar\u00e1 el mi\u00e9rcoles 10, y dicha comisi\u00f3n estar\u00e1 disponible durante este per\u00edodo en horario de 7:30 a 10:00 de la noche en el local del partido, ubicado en el 1880 Avenida Carter, esquina Tremont.<\/p>\n<\/p>\n<p>Record\u00f3 que las posiciones a elegir son la de presidente, secretario general, vicepresidentes y sub-secretarios generales.<\/p>\n<\/p>\n<p>El alto dirigente aprovech\u00f3 para felicitar la dirigencia y militancia perreme\u00edsta en esta plaza, haciendo un llamado para que miremos el partido con optimismo, f\u00e9 y esperanza en el futuro y porvenir del pa\u00eds, donde comenzaremos a trillar el camino hacia el cambio pol\u00edtico en el 2020.<\/p>\n<h6> 2017-12-29 12:29:33 <\/h6>\n<p><!--\n<link rel=\"stylesheet\" href=\"css\/bootstrap.min.css\">\n\n\n<ul class=\"pagination\">\n\t    \n\t\n\n<li >\n\t<a href='?page_no=6876'>Previous<\/a>\n\t<\/li>\n\n\n       \n    \n\n<li><a href='?page_no=1'>1<\/a><\/li>\n\n\n\n<li><a href='?page_no=2'>2<\/a><\/li>\n\n\n\n<li><a>...<\/a><\/li>\n\n\n\n<li><a href='?page_no=6875'>6875<\/a><\/li>\n\n\n\n<li><a href='?page_no=6876'>6876<\/a><\/li>\n\n\n\n<li class='active'><a>6877<\/a><\/li>\n\n\n\n<li><a href='?page_no=6878'>6878<\/a><\/li>\n\n\n\n<li><a href='?page_no=6879'>6879<\/a><\/li>\n\n\n\n<li><a>...<\/a><\/li>\n\n\n\n<li><a href='?page_no=36999'>36999<\/a><\/li>\n\n\n\n<li><a href='?page_no=37000'>37000<\/a><\/li>\n\n    \n\t\n\n<li >\n\t<a href='?page_no=6878'>Next<\/a>\n\t<\/li>\n\n\n    \n\n<li><a href='?page_no=37000'>Last &rsaquo;&rsaquo;<\/a><\/li>\n\n<\/ul>\n\n\n--><br \/>\n<\/body><\/p>\n","protected":false},"excerpt":{"rendered":"<p>Por Ram\u00f3n Mercedes NUEVA YORK.- El presidente de la seccional del Partido Revolucionario Moderno (PRM) en esta ciudad, Luis Emilio Ducasse, inform\u00f3 que qued\u00f3 conformada la Comisi\u00f3n Local Organizadora (CLO) para la \u00abConvenci\u00f3n Nacional, Claudio Caama\u00f1o Grull\u00f3n\u00bb, a celebrarse en febrero del pr\u00f3ximo a\u00f1o. Los miembros responsables del montaje y supervisi\u00f3n del evento lo ser\u00e1n [&hellip;]<\/p>\n","protected":false},"author":3,"featured_media":0,"comment_status":"open","ping_status":"open","sticky":false,"template":"","format":"standard","meta":{"footnotes":""},"categories":[22],"tags":[],"class_list":["post-171585","post","type-post","status-publish","format-standard","hentry","category-politica"],"_links":{"self":[{"href":"https:\/\/diariodominicano.com\/index.php?rest_route=\/wp\/v2\/posts\/171585","targetHints":{"allow":["GET"]}}],"collection":[{"href":"https:\/\/diariodominicano.com\/index.php?rest_route=\/wp\/v2\/posts"}],"about":[{"href":"https:\/\/diariodominicano.com\/index.php?rest_route=\/wp\/v2\/types\/post"}],"author":[{"embeddable":true,"href":"https:\/\/diariodominicano.com\/index.php?rest_route=\/wp\/v2\/users\/3"}],"replies":[{"embeddable":true,"href":"https:\/\/diariodominicano.com\/index.php?rest_route=%2Fwp%2Fv2%2Fcomments&post=171585"}],"version-history":[{"count":0,"href":"https:\/\/diariodominicano.com\/index.php?rest_route=\/wp\/v2\/posts\/171585\/revisions"}],"wp:attachment":[{"href":"https:\/\/diariodominicano.com\/index.php?rest_route=%2Fwp%2Fv2%2Fmedia&parent=171585"}],"wp:term":[{"taxonomy":"category","embeddable":true,"href":"https:\/\/diariodominicano.com\/index.php?rest_route=%2Fwp%2Fv2%2Fcategories&post=171585"},{"taxonomy":"post_tag","embeddable":true,"href":"https:\/\/diariodominicano.com\/index.php?rest_route=%2Fwp%2Fv2%2Ftags&post=171585"}],"curies":[{"name":"wp","href":"https:\/\/api.w.org\/{rel}","templated":true}]}}